{"id":29119,"date":"2024-08-09T13:11:50","date_gmt":"2024-08-09T13:11:50","guid":{"rendered":"https:\/\/www.iceagetv.com\/radiosite\/?p=29119"},"modified":"2024-08-09T13:11:50","modified_gmt":"2024-08-09T13:11:50","slug":"la-france-cerealiere-sonnee-face-a-une-moisson-de-ble-historiquement-faible","status":"publish","type":"post","link":"https:\/\/www.iceagetv.com\/radiosite\/la-france-cerealiere-sonnee-face-a-une-moisson-de-ble-historiquement-faible\/","title":{"rendered":"La France c\u00e9r\u00e9ali\u00e8re sonn\u00e9e face \u00e0 une moisson de bl\u00e9 historiquement faible"},"content":{"rendered":"\n<p class=\"\"><strong>La moisson de&nbsp;bl\u00e9&nbsp;en France est sur le point d&rsquo;aboutir \u00e0 \u00ab\u00a0une des plus faibles r\u00e9coltes des 40 derni\u00e8res ann\u00e9es\u00a0\u00bb, avec un volume estim\u00e9 en recul de pr\u00e8s de 24% par rapport \u00e0 la moyenne des cinq ann\u00e9es pr\u00e9c\u00e9dentes, rapporte vendredi le minist\u00e8re de l&rsquo;Agriculture.<\/strong><\/p>\n\n\n\n<p class=\"\">Trop de pluie et pas assez de soleil :&nbsp;<a href=\"https:\/\/www.europe1.fr\/economie\/ble-la-recolte-francaise-au-plus-bas-depuis-41-ans-selon-un-cabinet-4261373\">le volume de&nbsp;bl\u00e9&nbsp;produit en France pourrait \u00eatre le plus faible depuis pr\u00e8s de 40 ans<\/a>, au risque de plomber les revenus des agriculteurs.&nbsp;La France est d&rsquo;ordinaire le premier producteur et exportateur europ\u00e9en de&nbsp;bl\u00e9&nbsp;tendre, la c\u00e9r\u00e9ale servant \u00e0 faire du pain et des g\u00e2teaux.<\/p>\n\n\n\n<p class=\"\">Mais la moisson de cette ann\u00e9e s&rsquo;annonce comme \u00ab\u00a0une des plus faibles r\u00e9coltes des 40 derni\u00e8res ann\u00e9es\u00a0\u00bb, rapporte vendredi le service de statistiques du minist\u00e8re de l&rsquo;Agriculture (Agreste).\u00a0La production est estim\u00e9e \u00e0 26,3 millions de tonnes, en baisse de 23,9% par rapport \u00e0 la moyenne des cinq derni\u00e8res ann\u00e9es.<\/p>\n\n\n\n<p class=\"\">La France pourrait ainsi face \u00e0 sa plus faible production depuis 1987, selon des donn\u00e9es communiqu\u00e9es par le ministre fran\u00e7ais de l&rsquo;Agriculture \u00e0 l&rsquo;AFP. Un pic avait \u00e9t\u00e9 atteint en 2015 avec 41 millions de tonnes.&nbsp;Dans certaines fermes, le manque \u00e0 gagner va se compter en dizaines de milliers d&rsquo;euros.<a><\/a><\/p>\n\n\n\n<h2 class=\"wp-block-heading\">Une demande au gouvernement&nbsp;<\/h2>\n\n\n\n<p class=\"\">De quoi aggraver le d\u00e9sarroi d&rsquo;une profession qui s&rsquo;est largement mobilis\u00e9e cet hiver, notamment avec des blocages d&rsquo;autoroute, pour d\u00e9noncer la paperasserie et des revenus pas \u00e0 la hauteur.&nbsp;Les syndicats agricoles, dont la puissante FNSEA, ont d\u00e9j\u00e0 demand\u00e9 au gouvernement, m\u00eame d\u00e9missionnaire, de se mettre au travail pour aider les agriculteurs \u00e0 traverser cette mauvaise passe.<\/p>\n\n\n\n<p class=\"\">La vendange, affect\u00e9e par des maladies favoris\u00e9es par l&rsquo;humidit\u00e9 ainsi que par des \u00e9pisodes de gel ou de gr\u00eale, est de son c\u00f4t\u00e9 \u00ab\u00a0attendue en baisse dans presque tous les bassins viticoles\u00a0\u00bb, selon Agreste.\u00a0Une baisse de volume n&rsquo;est pas forc\u00e9ment un drame pour la viticulture fran\u00e7aise, confront\u00e9e \u00e0 une surproduction dans certains bassins, la demande pour le vin tendant \u00e0 baisser.<\/p>\n\n\n\n<p class=\"\">La France a au moins \u00e9chapp\u00e9 jusqu&rsquo;ici \u00e0 la s\u00e9cheresse et la m\u00e9t\u00e9o d\u00e9sastreuse pour certaines productions a \u00e9t\u00e9 b\u00e9n\u00e9fique aux prairies, sources de fourrage pour les b\u00eates.&nbsp;Les \u00e9leveurs, en particulier de moutons, ne sont pas tranquilles pour autant. L&rsquo;arriv\u00e9e dans le nord du pays d&rsquo;un nouveau s\u00e9rotype de fi\u00e8vre catarrhale ovine (FCO), ou maladie de la langue bleue, risque de faire des d\u00e9g\u00e2ts dans les troupeaux.<a><\/a><\/p>\n\n\n\n<h2 class=\"wp-block-heading\">\u00ab\u00a0Des miettes\u00a0\u00bb de l&rsquo;assurance<\/h2>\n\n\n\n<p class=\"\">Plusieurs facteurs se sont ligu\u00e9s contre les c\u00e9r\u00e9aliers.&nbsp;Les pluies tomb\u00e9es abondamment depuis l&rsquo;automne dernier sur de larges pans du territoire ont d&rsquo;une part emp\u00each\u00e9 la bonne r\u00e9alisation des semis: les surfaces consacr\u00e9es au&nbsp;bl\u00e9&nbsp;tendre ont recul\u00e9 de pr\u00e8s de 11% sur un an.&nbsp;Puis l&rsquo;exc\u00e8s d&rsquo;eau et le manque d&rsquo;ensoleillement ont plomb\u00e9 les rendements et la qualit\u00e9 des grains.&nbsp;Les travaux des champs ont \u00e9t\u00e9 retard\u00e9s, d&rsquo;environ huit jours par rapport aux ann\u00e9es pr\u00e9c\u00e9dentes, selon l&rsquo;\u00e9tablissement public FranceAgriMer.<\/p>\n","protected":false},"excerpt":{"rendered":"<p>La moisson de&nbsp;bl\u00e9&nbsp;en France est sur le point d&rsquo;aboutir \u00e0 \u00ab\u00a0une des plus faibles r\u00e9coltes des 40 derni\u00e8res ann\u00e9es\u00a0\u00bb, avec un volume estim\u00e9 en recul de pr\u00e8s de 24% par rapport \u00e0 la moyenne des cinq ann\u00e9es pr\u00e9c\u00e9dentes, rapporte vendredi le minist\u00e8re de l&rsquo;Agriculture. Trop de pluie et pas assez de soleil :&nbsp;le volume de&nbsp;bl\u00e9&nbsp;produit [&hellip;]<\/p>\n","protected":false},"author":2,"featured_media":29120,"comment_status":"open","ping_status":"open","sticky":false,"template":"","format":"standard","meta":{"_jetpack_memberships_contains_paid_content":false,"footnotes":"","jetpack_publicize_message":"","jetpack_publicize_feature_enabled":true,"jetpack_social_post_already_shared":true,"jetpack_social_options":{"image_generator_settings":{"template":"highway","enabled":true,"token":"eyJpbWciOiJodHRwczpcL1wvd3d3LmljZWFnZXR2LmNvbVwvcmFkaW9zaXRlXC93cC1jb250ZW50XC91cGxvYWRzXC8yMDI0XC8wOFwvTGEtRnJhbmNlLWNlcmVhbGllcmUtc29ubmVlLWZhY2UtYS11bmUtbW9pc3Nvbi1kZS1ibGUtaGlzdG9yaXF1ZW1lbnQtZmFpYmxlLmpwZyIsInR4dCI6IkxhIEZyYW5jZSBjXHUwMGU5clx1MDBlOWFsaVx1MDBlOHJlIHNvbm5cdTAwZTllIGZhY2UgXHUwMGUwIHVuZSBtb2lzc29uIGRlIGJsXHUwMGU5IGhpc3RvcmlxdWVtZW50IGZhaWJsZSIsInRlbXBsYXRlIjoiaGlnaHdheSIsImJsb2dfaWQiOjExMTAxNjQ2MX0.cnJYZlHDA-paHWGolVvEo1pTwBYlSlKKJWUSdaLoCv8MQ"},"version":2},"_wpas_customize_per_network":false},"categories":[405],"tags":[],"class_list":["post-29119","post","type-post","status-publish","format-standard","has-post-thumbnail","hentry","category-actu-france-monde"],"jetpack_publicize_connections":[],"jetpack_featured_media_url":"https:\/\/i0.wp.com\/www.iceagetv.com\/radiosite\/wp-content\/uploads\/2024\/08\/La-France-cerealiere-sonnee-face-a-une-moisson-de-ble-historiquement-faible.jpg?fit=587%2C285&ssl=1","jetpack_sharing_enabled":true,"_links":{"self":[{"href":"https:\/\/www.iceagetv.com\/radiosite\/wp-json\/wp\/v2\/posts\/29119","targetHints":{"allow":["GET"]}}],"collection":[{"href":"https:\/\/www.iceagetv.com\/radiosite\/wp-json\/wp\/v2\/posts"}],"about":[{"href":"https:\/\/www.iceagetv.com\/radiosite\/wp-json\/wp\/v2\/types\/post"}],"author":[{"embeddable":true,"href":"https:\/\/www.iceagetv.com\/radiosite\/wp-json\/wp\/v2\/users\/2"}],"replies":[{"embeddable":true,"href":"https:\/\/www.iceagetv.com\/radiosite\/wp-json\/wp\/v2\/comments?post=29119"}],"version-history":[{"count":1,"href":"https:\/\/www.iceagetv.com\/radiosite\/wp-json\/wp\/v2\/posts\/29119\/revisions"}],"predecessor-version":[{"id":29121,"href":"https:\/\/www.iceagetv.com\/radiosite\/wp-json\/wp\/v2\/posts\/29119\/revisions\/29121"}],"wp:featuredmedia":[{"embeddable":true,"href":"https:\/\/www.iceagetv.com\/radiosite\/wp-json\/wp\/v2\/media\/29120"}],"wp:attachment":[{"href":"https:\/\/www.iceagetv.com\/radiosite\/wp-json\/wp\/v2\/media?parent=29119"}],"wp:term":[{"taxonomy":"category","embeddable":true,"href":"https:\/\/www.iceagetv.com\/radiosite\/wp-json\/wp\/v2\/categories?post=29119"},{"taxonomy":"post_tag","embeddable":true,"href":"https:\/\/www.iceagetv.com\/radiosite\/wp-json\/wp\/v2\/tags?post=29119"}],"curies":[{"name":"wp","href":"https:\/\/api.w.org\/{rel}","templated":true}]}}