{"id":29128,"date":"2024-08-10T08:06:02","date_gmt":"2024-08-10T08:06:02","guid":{"rendered":"https:\/\/www.iceagetv.com\/radiosite\/?p=29128"},"modified":"2024-08-10T08:06:02","modified_gmt":"2024-08-10T08:06:02","slug":"guerre-a-gaza-la-defense-civile-du-hamas-porte-le-bilan-dune-frappe-sur-une-ecole-a-au-moins-90-morts","status":"publish","type":"post","link":"https:\/\/www.iceagetv.com\/radiosite\/guerre-a-gaza-la-defense-civile-du-hamas-porte-le-bilan-dune-frappe-sur-une-ecole-a-au-moins-90-morts\/","title":{"rendered":"Guerre \u00e0 Gaza\u00a0: la D\u00e9fense civile du Hamas porte le bilan d\u2019une frappe sur une \u00e9cole \u00e0 au moins 90\u00a0morts"},"content":{"rendered":"\n<p class=\"\">La D\u00e9fense civile de la bande de Gaza administr\u00e9e par l\u2019organisation islamiste Hamas a affirm\u00e9 samedi qu\u2019au moins 90 personnes avaient p\u00e9ri dans une nouvelle frappe isra\u00e9lienne sur une \u00e9cole de la ville de Gaza, deux jours apr\u00e8s que deux autres \u00e9tablissements ont \u00e9t\u00e9 vis\u00e9s.<\/p>\n\n\n\n<p class=\"\">L\u2019arm\u00e9e isra\u00e9lienne a affirm\u00e9 avoir \u00ab&nbsp;frapp\u00e9 avec pr\u00e9cision des terroristes du Hamas qui officiaient au sein d\u2019un centre de commandement et de contr\u00f4le du Hamas plac\u00e9 dans l\u2019\u00e9cole Al-Tabai\u2019een&nbsp;\u00bb.<\/p>\n\n\n\n<p class=\"\">La frappe sur l\u2019\u00ab&nbsp;\u00e9cole Al-Tabai\u2019een, dans le secteur d\u2019Al-Sahaba \u00e0 Gaza-Ville&nbsp;\u00bb, a fait \u00ab&nbsp;90 morts et il y a des dizaines de bless\u00e9s suppl\u00e9mentaires&nbsp;\u00bb, a indiqu\u00e9 \u00e0 l\u2019AFP le porte-parole de la D\u00e9fense civile, Mahmoud Bassal. Il avait dans un premier temps fait \u00e9tat de 40 tu\u00e9s et de dizaines de bless\u00e9s.<\/p>\n\n\n\n<p class=\"\">M. Bassal a d\u00e9crit un \u00ab&nbsp;massacre atroce&nbsp;\u00bb, \u00e9voquant des corps en feu. Selon cette source, l\u2019\u00e9cole a \u00e9t\u00e9 vis\u00e9e \u00e0 trois reprises et h\u00e9bergeait \u00ab&nbsp;des d\u00e9plac\u00e9s palestiniens&nbsp;\u00bb.<\/p>\n\n\n\n<p class=\"\">Jeudi, la D\u00e9fense civile de Gaza avait rapport\u00e9 que des frappes isra\u00e9liennes sur deux \u00e9coles de Gaza-Ville avaient fait 18 morts. L\u2019arm\u00e9e isra\u00e9lienne avait \u00e9galement affirm\u00e9 que ces \u00e9tablissements abritaient des centres de commandement du Hamas.<\/p>\n\n\n\n<p class=\"\">Isra\u00ebl a accept\u00e9 de reprendre le 15 ao\u00fbt les discussions sur une tr\u00eave dans la bande de Gaza, o\u00f9 l\u2019arm\u00e9e a lanc\u00e9 vendredi une nouvelle op\u00e9ration \u00e0 Khan Youn\u00e8s, apr\u00e8s un appel pressant des pays m\u00e9diateurs face au risque d\u2019escalade militaire au Moyen-Orient.<\/p>\n\n\n\n<p class=\"\">L\u2019Iran, qui soutient le Hamas et d\u2019autres groupes arm\u00e9s dans la r\u00e9gion, a accus\u00e9 jeudi Isra\u00ebl de chercher \u00e0 \u00ab&nbsp;\u00e9tendre&nbsp;\u00bb la guerre d\u00e9clench\u00e9e le 7 octobre par l\u2019attaque du mouvement islamiste palestinien sur le sol isra\u00e9lien.<\/p>\n\n\n\n<p class=\"\">Apr\u00e8s dix mois de guerre, l\u2019arm\u00e9e isra\u00e9lienne continue \u00e0 combattre le Hamas dans le territoire palestinien, en particulier dans des zones qu\u2019elle avait annonc\u00e9 contr\u00f4ler.<\/p>\n\n\n\n<p class=\"\">L\u2019arm\u00e9e a d\u00e9clar\u00e9 vendredi \u00eatre engag\u00e9e dans des combats \u00ab&nbsp;au sol et souterrains&nbsp;\u00bb dans la r\u00e9gion de Khan Youn\u00e8s, la grande ville du sud du territoire r\u00e9duite en ruines, o\u00f9 des frappes a\u00e9riennes ont vis\u00e9 \u00ab&nbsp;plus de 30 cibles terroristes du Hamas&nbsp;\u00bb.<\/p>\n\n\n\n<p class=\"\">Elle avait appel\u00e9 jeudi la population \u00e0 \u00e9vacuer des quartiers de l\u2019est de la ville. Pouss\u00e9s encore une fois sur les routes, des foules de civils ont fui \u00e0 pied, en voiture, entass\u00e9s sur des remorques avec matelas et bagages.<\/p>\n\n\n\n<p class=\"\">\u00ab&nbsp;Nous avons \u00e9t\u00e9 d\u00e9plac\u00e9s 15 fois, \u00e7a suffit&nbsp;\u00bb, lance un homme, Mohammed Abdeen. Un autre d\u00e9plac\u00e9, Ahmed Al-Najjar, crie sa col\u00e8re&nbsp;: \u00ab&nbsp;Assez d\u2019humiliation. Arr\u00eatez cette farce&nbsp;\u00bb.<\/p>\n\n\n\n<p class=\"\">Le bureau des affaires humanitaires de l\u2019ONU (Ocha) a estim\u00e9 vendredi \u00ab\u00a0qu\u2019au moins 60.000 Palestiniens se sont d\u00e9plac\u00e9s vers l\u2019ouest de Khan Youn\u00e8s au cours des 72 derni\u00e8res heures\u00a0\u00bb, apr\u00e8s \u00e9galement des ordres d\u2019\u00e9vacuation dans le nord du territoire.<\/p>\n\n\n\n<h2 class=\"wp-block-heading\">Plus de temps \u00e0 perdre&nbsp;\u00bb<\/h2>\n\n\n\n<p class=\"\">La guerre a fait, selon le Hamas, pr\u00e8s de 40.000 morts dans le petit territoire palestinien assi\u00e9g\u00e9, o\u00f9 la quasi-totalit\u00e9 des 2,4 millions d\u2019habitants ont \u00e9t\u00e9 d\u00e9plac\u00e9s, exacerbant les tensions entre d\u2019une part l\u2019Iran et ses alli\u00e9s, notamment le Hezbollah libanais, et Isra\u00ebl de l\u2019autre.<\/p>\n\n\n\n<p class=\"\">Les craintes d\u2019un embrasement ont redoubl\u00e9 apr\u00e8s l\u2019assassinat, le 31 juillet \u00e0 T\u00e9h\u00e9ran, du chef politique du Hamas, Isma\u00efl Haniyeh, attribu\u00e9 \u00e0 Isra\u00ebl par l\u2019Iran, et celui, la veille, du chef militaire du Hezbollah libanais, Fouad Chokr, tu\u00e9 dans une frappe isra\u00e9lienne pr\u00e8s de Beyrouth.<\/p>\n\n\n\n<p class=\"\">Jeudi, les trois pays m\u00e9diateurs, Qatar, Etats-Unis et Egypte, ont appel\u00e9 \u00e0 la reprise le 15 ao\u00fbt des discussions indirectes en vue d\u2019une tr\u00eave, indiquant qu\u2019un accord-cadre \u00e9tait \u00ab&nbsp;maintenant sur la table, et qu\u2019il ne manquait que les d\u00e9tails de son application&nbsp;\u00bb.<\/p>\n\n\n\n<p class=\"\">Isra\u00ebl a accept\u00e9 d\u2019envoyer \u00ab&nbsp;le 15 ao\u00fbt une d\u00e9l\u00e9gation de n\u00e9gociateurs \u00e0 l\u2019endroit qui sera convenu pour conclure les d\u00e9tails de concr\u00e9tisation d\u2019un accord&nbsp;\u00bb, a annonc\u00e9 le Premier ministre, Benjamin Netanyahu.<\/p>\n\n\n\n<p class=\"\">Son ministre de la D\u00e9fense, Yoav Gallant, a soulign\u00e9 \u00ab&nbsp;l\u2019importance de parvenir rapidement \u00e0 un accord qui garantira le retour des otages&nbsp;\u00bb retenus \u00e0 Gaza.<\/p>\n\n\n\n<h2 class=\"wp-block-heading\">\u00ab&nbsp;Encore beaucoup de travail&nbsp;\u00bb<\/h2>\n\n\n\n<p class=\"\">Le Hamas a nomm\u00e9 cette semaine \u00e0 sa t\u00eate Yahya Sinouar, traqu\u00e9 par Isra\u00ebl qui l\u2019accuse d\u2019\u00eatre l\u2019un des cerveaux de l\u2019attaque du 7 octobre, ce qui fait craindre des n\u00e9gociations encore plus difficiles.<\/p>\n\n\n\n<p class=\"\">Le chef des forces am\u00e9ricaines au Moyen-Orient, le g\u00e9n\u00e9ral Erik Kurilla, a entam\u00e9 vendredi en Isra\u00ebl sa deuxi\u00e8me visite cette semaine, alors que les Etats-Unis ont renforc\u00e9 leur pr\u00e9sence militaire dans la r\u00e9gion.<\/p>\n\n\n\n<p class=\"\">Le Liban, survol\u00e9 plusieurs fois ces jours-ci par l\u2019aviation isra\u00e9lienne \u00e0 basse altitude, reste sur le qui-vive. L\u2019inqui\u00e9tude r\u00e8gne aussi \u00e0 Ha\u00effa, la troisi\u00e8me ville d\u2019Isra\u00ebl, \u00e0 30 km de la fronti\u00e8re avec le Liban, face \u00e0 la perspective d\u2019une frappe majeure du Hezbollah.<\/p>\n\n\n\n<p class=\"\">Les \u00e9changes de tirs le long de la fronti\u00e8re, entre Isra\u00ebl et le Hezbollah, sont quasi quotidiens depuis le d\u00e9but de la guerre \u00e0 Gaza.<\/p>\n\n\n\n<p class=\"\">L\u2019attaque des commandos du Hamas dans le sud d\u2019Isra\u00ebl a entra\u00een\u00e9 la mort de 1.198 personnes, en majorit\u00e9 des civils, selon un d\u00e9compte de l\u2019AFP bas\u00e9 sur des donn\u00e9es officielles isra\u00e9liennes.<\/p>\n\n\n\n<p class=\"\">Sur 251 personnes enlev\u00e9es, 111 sont toujours retenues \u00e0 Gaza, dont 39 sont mortes, selon l\u2019arm\u00e9e.<\/p>\n\n\n\n<p class=\"\">En repr\u00e9sailles, Isra\u00ebl a jur\u00e9 de d\u00e9truire le Hamas, au pouvoir depuis 2007 dans la bande de Gaza et qu\u2019il consid\u00e8re comme une organisation terroriste de m\u00eame que les Etats-Unis et l\u2019Union europ\u00e9enne.<\/p>\n\n\n\n<p class=\"\">Son offensive \u00e0 Gaza a fait jusqu\u2019\u00e0 pr\u00e9sent 39.699 morts, d\u2019apr\u00e8s des donn\u00e9es du minist\u00e8re de la Sant\u00e9 du gouvernement de Gaza, dirig\u00e9 par le Hamas, qui ne d\u00e9taille pas le nombre de civils et de combattants tu\u00e9s.<\/p>\n","protected":false},"excerpt":{"rendered":"<p>La D\u00e9fense civile de la bande de Gaza administr\u00e9e par l\u2019organisation islamiste Hamas a affirm\u00e9 samedi qu\u2019au moins 90 personnes avaient p\u00e9ri dans une nouvelle frappe isra\u00e9lienne sur une \u00e9cole de la ville de Gaza, deux jours apr\u00e8s que deux autres \u00e9tablissements ont \u00e9t\u00e9 vis\u00e9s. L\u2019arm\u00e9e isra\u00e9lienne a affirm\u00e9 avoir \u00ab&nbsp;frapp\u00e9 avec pr\u00e9cision des terroristes [&hellip;]<\/p>\n","protected":false},"author":2,"featured_media":29129,"comment_status":"open","ping_status":"open","sticky":false,"template":"","format":"standard","meta":{"_jetpack_memberships_contains_paid_content":false,"footnotes":"","jetpack_publicize_message":"","jetpack_publicize_feature_enabled":true,"jetpack_social_post_already_shared":true,"jetpack_social_options":{"image_generator_settings":{"template":"highway","enabled":true,"token":"eyJpbWciOiJodHRwczpcL1wvd3d3LmljZWFnZXR2LmNvbVwvcmFkaW9zaXRlXC93cC1jb250ZW50XC91cGxvYWRzXC8yMDI0XC8wOFwvR3VlcnJlLWEtR2F6YS5qcGciLCJ0eHQiOiJHdWVycmUgXHUwMGUwIEdhemFcdTAwYTA6IGxhIERcdTAwZTlmZW5zZSBjaXZpbGUgZHUgSGFtYXMgcG9ydGUgbGUgYmlsYW4gZFx1MjAxOXVuZSBmcmFwcGUgc3VyIHVuZSBcdTAwZTljb2xlIFx1MDBlMCBhdSBtb2lucyA5MFx1MDBhMG1vcnRzIiwidGVtcGxhdGUiOiJoaWdod2F5IiwiYmxvZ19pZCI6MTExMDE2NDYxfQ.hLg-umXYMmd5gS-6jn3kporzu6INcVVWO5weMD4JttkMQ"},"version":2},"_wpas_customize_per_network":false},"categories":[405],"tags":[],"class_list":["post-29128","post","type-post","status-publish","format-standard","has-post-thumbnail","hentry","category-actu-france-monde"],"jetpack_publicize_connections":[],"jetpack_featured_media_url":"https:\/\/i0.wp.com\/www.iceagetv.com\/radiosite\/wp-content\/uploads\/2024\/08\/Guerre-a-Gaza.jpg?fit=679%2C382&ssl=1","jetpack_sharing_enabled":true,"_links":{"self":[{"href":"https:\/\/www.iceagetv.com\/radiosite\/wp-json\/wp\/v2\/posts\/29128","targetHints":{"allow":["GET"]}}],"collection":[{"href":"https:\/\/www.iceagetv.com\/radiosite\/wp-json\/wp\/v2\/posts"}],"about":[{"href":"https:\/\/www.iceagetv.com\/radiosite\/wp-json\/wp\/v2\/types\/post"}],"author":[{"embeddable":true,"href":"https:\/\/www.iceagetv.com\/radiosite\/wp-json\/wp\/v2\/users\/2"}],"replies":[{"embeddable":true,"href":"https:\/\/www.iceagetv.com\/radiosite\/wp-json\/wp\/v2\/comments?post=29128"}],"version-history":[{"count":1,"href":"https:\/\/www.iceagetv.com\/radiosite\/wp-json\/wp\/v2\/posts\/29128\/revisions"}],"predecessor-version":[{"id":29130,"href":"https:\/\/www.iceagetv.com\/radiosite\/wp-json\/wp\/v2\/posts\/29128\/revisions\/29130"}],"wp:featuredmedia":[{"embeddable":true,"href":"https:\/\/www.iceagetv.com\/radiosite\/wp-json\/wp\/v2\/media\/29129"}],"wp:attachment":[{"href":"https:\/\/www.iceagetv.com\/radiosite\/wp-json\/wp\/v2\/media?parent=29128"}],"wp:term":[{"taxonomy":"category","embeddable":true,"href":"https:\/\/www.iceagetv.com\/radiosite\/wp-json\/wp\/v2\/categories?post=29128"},{"taxonomy":"post_tag","embeddable":true,"href":"https:\/\/www.iceagetv.com\/radiosite\/wp-json\/wp\/v2\/tags?post=29128"}],"curies":[{"name":"wp","href":"https:\/\/api.w.org\/{rel}","templated":true}]}}