{"id":29138,"date":"2024-08-11T10:38:19","date_gmt":"2024-08-11T10:38:19","guid":{"rendered":"https:\/\/www.iceagetv.com\/radiosite\/?p=29138"},"modified":"2024-08-11T10:38:19","modified_gmt":"2024-08-11T10:38:19","slug":"bordeaux-lhomme-arme-dun-couteau-tue-vendredi-par-la-police-apres-setre-montre-menacant-envers-les-forces-de-lordre-setait-echappe-d","status":"publish","type":"post","link":"https:\/\/www.iceagetv.com\/radiosite\/bordeaux-lhomme-arme-dun-couteau-tue-vendredi-par-la-police-apres-setre-montre-menacant-envers-les-forces-de-lordre-setait-echappe-d\/","title":{"rendered":"Bordeaux: L\u2019homme arm\u00e9 d\u2019un couteau tu\u00e9 vendredi par la police apr\u00e8s s\u2019\u00eatre montr\u00e9\u00a0\u00ab\u00a0mena\u00e7ant\u00a0\u00bb\u00a0envers les forces de l\u2019ordre s\u2019\u00e9tait \u00e9chapp\u00e9 d\u2019un h\u00f4pital psychiatrique de la ville, indique le parquet"},"content":{"rendered":"\n<p class=\"\">L\u2019homme arm\u00e9 d\u2019un couteau tu\u00e9 vendredi soir \u00e0 Bordeaux par la police apr\u00e8s s\u2019\u00eatre montr\u00e9&nbsp;\u00ab mena\u00e7ant \u00bb&nbsp;envers les forces de l\u2019ordre s\u2019\u00e9tait \u00e9chapp\u00e9 d\u2019un h\u00f4pital psychiatrique de la ville, a annonc\u00e9 samedi le parquet.<\/p>\n\n\n\n<p class=\"\">Les enqu\u00eateurs ont pu \u00e9tablir l\u2019identit\u00e9 de&nbsp;\u00ab Mathieu D., \u00e2g\u00e9 de 44 ans et demeurant \u00e0 Bruges (33) en fugue du Centre Hospitalier Charles Perrens o\u00f9 il \u00e9tait hospitalis\u00e9 \u00bb, pr\u00e9cise dans un communiqu\u00e9 Fr\u00e9d\u00e9rique Porterie, procureure de la R\u00e9publique \u00e0 Bordeaux. Cet h\u00f4pital bordelais, sp\u00e9cialis\u00e9 dans la psychiatrie et la sant\u00e9 mentale, dispose de 536 lits et 270 places d\u2019h\u00f4pital de jour.<\/p>\n\n\n\n<p class=\"\">Selon la chronologie \u00e9tablie par le parquet, la police a \u00e9t\u00e9 pr\u00e9venue par la g\u00e9rante d\u2019une \u00e9picerie situ\u00e9e \u00e0 proximit\u00e9 du stade Chaban-Delmas, \u00e0 Bordeaux,&nbsp;\u00ab suite au vol d\u2019un couteau dot\u00e9 d\u2019une lame de longue taille dans sa boutique par un individu \u00bb. Vers 19H30, alors qu\u2019une patrouille de quatre policiers de la brigade anti-criminalit\u00e9 (BAC) \u00e9tait arriv\u00e9e sur place, l\u2019individu aurait brandi son couteau&nbsp;\u00ab de mani\u00e8re mena\u00e7ante \u00bb, puis tent\u00e9&nbsp;\u00ab de prendre la fuite \u00bb.<\/p>\n\n\n\n<p class=\"\">Refusant d\u2019obtemp\u00e9rer aux sommations et de se d\u00e9barrasser du couteau, l\u2019homme se serait ensuite dirig\u00e9 vers un policier en voulant lui porter un coup. D\u2019abord vis\u00e9 par un tir de LBD (lanceur de balles de d\u00e9fense) le touchant&nbsp;\u00ab a priori \u00e0 l\u2019\u00e9paule \u00bb, il a \u00e9t\u00e9 tu\u00e9 par un policier faisant feu \u00ab\u00a0\u00e0 trois reprises \u00bb, pr\u00e9cise le parquet.<\/p>\n\n\n\n<p class=\"\">L\u2019homme est d\u00e9c\u00e9d\u00e9 peu apr\u00e8s. Alors que de premiers \u00e9l\u00e9ments vendredi soir avaient fait \u00e9tat de cinq tirs et quatre impacts, le parquet a recens\u00e9 samedi&nbsp;\u00ab quatre impacts sur le corps du d\u00e9funt \u00bb, constat\u00e9s par un m\u00e9decin l\u00e9giste. Le parquet a ouvert deux enqu\u00eates distinctes, l\u2019une visant l\u2019individu abattu pour&nbsp;\u00ab vol, menaces avec arme sur personnes d\u00e9positaires de l\u2019autorit\u00e9 publique, tentative de meurtre sur agent de la force publique \u00bb, et l\u2019autre pour&nbsp;\u00ab homicide volontaire par personne d\u00e9positaire de l\u2019autorit\u00e9 publique \u00bb.<\/p>\n\n\n\n<p class=\"\">Selon le parquet, le policier auteur des coups de feu a subi un d\u00e9pistage \u00e0 l\u2019alcool et aux stup\u00e9fiants dont le r\u00e9sultat a \u00e9t\u00e9 n\u00e9gatif. Il n\u2019a pas \u00e9t\u00e9 plac\u00e9 en garde \u00e0 vue vendredi,&nbsp;\u00ab l\u2019attitude mena\u00e7ante de l\u2019homme \u00e9tant rapport\u00e9e par t\u00e9moins \u00bb. D\u2019apr\u00e8s les d\u00e9clarations des policiers et la vid\u00e9osurveillance,&nbsp;\u00ab il ressort d\u2019ores et d\u00e9j\u00e0 clairement que l\u2019homme reste herm\u00e9tique aux injonctions (&#8230;) ; il a une attitude mena\u00e7ante et d\u00e9termin\u00e9e tout au long de sa progression vers les policiers ; il vient au contact de ces derniers et accule l\u2019auteur des coups de feu mortels contre un v\u00e9hicule stationn\u00e9 \u00bb, conclut le parquet.<\/p>\n","protected":false},"excerpt":{"rendered":"<p>L\u2019homme arm\u00e9 d\u2019un couteau tu\u00e9 vendredi soir \u00e0 Bordeaux par la police apr\u00e8s s\u2019\u00eatre montr\u00e9&nbsp;\u00ab mena\u00e7ant \u00bb&nbsp;envers les forces de l\u2019ordre s\u2019\u00e9tait \u00e9chapp\u00e9 d\u2019un h\u00f4pital psychiatrique de la ville, a annonc\u00e9 samedi le parquet. Les enqu\u00eateurs ont pu \u00e9tablir l\u2019identit\u00e9 de&nbsp;\u00ab Mathieu D., \u00e2g\u00e9 de 44 ans et demeurant \u00e0 Bruges (33) en fugue du [&hellip;]<\/p>\n","protected":false},"author":2,"featured_media":29139,"comment_status":"open","ping_status":"open","sticky":false,"template":"","format":"standard","meta":{"_jetpack_memberships_contains_paid_content":false,"footnotes":"","jetpack_publicize_message":"","jetpack_publicize_feature_enabled":true,"jetpack_social_post_already_shared":true,"jetpack_social_options":{"image_generator_settings":{"template":"highway","enabled":true,"token":"eyJpbWciOiJodHRwczpcL1wvd3d3LmljZWFnZXR2LmNvbVwvcmFkaW9zaXRlXC93cC1jb250ZW50XC91cGxvYWRzXC8yMDI0XC8wOFwvanptc2w2TkItMS5qcGciLCJ0eHQiOiJCb3JkZWF1eDogTFx1MjAxOWhvbW1lIGFybVx1MDBlOSBkXHUyMDE5dW4gY291dGVhdSB0dVx1MDBlOSB2ZW5kcmVkaSBwYXIgbGEgcG9saWNlIGFwclx1MDBlOHMgc1x1MjAxOVx1MDBlYXRyZSBtb250clx1MDBlOVx1MDBhMCYjODIyMDttZW5hXHUwMGU3YW50JiM4MjIxO1x1MDBhMGVudmVycyBsZXMgZm9yY2VzIGRlIGxcdTIwMTlvcmRyZSBzXHUyMDE5XHUwMGU5dGFpdCBcdTAwZTljaGFwcFx1MDBlOSBkXHUyMDE5dW4gaFx1MDBmNHBpdGFsIHBzeWNoaWF0cmlxdWUgZGUgbGEgdmlsbGUsIGluZGlxdWUgbGUgcGFycXVldCIsInRlbXBsYXRlIjoiaGlnaHdheSIsImJsb2dfaWQiOjExMTAxNjQ2MX0.om6g3qmKKzqqVuUkYLIpyfUx6KPTofdBsN7N5e1JtVEMQ"},"version":2},"_wpas_customize_per_network":false},"categories":[405],"tags":[],"class_list":["post-29138","post","type-post","status-publish","format-standard","has-post-thumbnail","hentry","category-actu-france-monde"],"jetpack_publicize_connections":[],"jetpack_featured_media_url":"https:\/\/i0.wp.com\/www.iceagetv.com\/radiosite\/wp-content\/uploads\/2024\/08\/jzmsl6NB-1.jpg?fit=679%2C293&ssl=1","jetpack_sharing_enabled":true,"_links":{"self":[{"href":"https:\/\/www.iceagetv.com\/radiosite\/wp-json\/wp\/v2\/posts\/29138","targetHints":{"allow":["GET"]}}],"collection":[{"href":"https:\/\/www.iceagetv.com\/radiosite\/wp-json\/wp\/v2\/posts"}],"about":[{"href":"https:\/\/www.iceagetv.com\/radiosite\/wp-json\/wp\/v2\/types\/post"}],"author":[{"embeddable":true,"href":"https:\/\/www.iceagetv.com\/radiosite\/wp-json\/wp\/v2\/users\/2"}],"replies":[{"embeddable":true,"href":"https:\/\/www.iceagetv.com\/radiosite\/wp-json\/wp\/v2\/comments?post=29138"}],"version-history":[{"count":1,"href":"https:\/\/www.iceagetv.com\/radiosite\/wp-json\/wp\/v2\/posts\/29138\/revisions"}],"predecessor-version":[{"id":29140,"href":"https:\/\/www.iceagetv.com\/radiosite\/wp-json\/wp\/v2\/posts\/29138\/revisions\/29140"}],"wp:featuredmedia":[{"embeddable":true,"href":"https:\/\/www.iceagetv.com\/radiosite\/wp-json\/wp\/v2\/media\/29139"}],"wp:attachment":[{"href":"https:\/\/www.iceagetv.com\/radiosite\/wp-json\/wp\/v2\/media?parent=29138"}],"wp:term":[{"taxonomy":"category","embeddable":true,"href":"https:\/\/www.iceagetv.com\/radiosite\/wp-json\/wp\/v2\/categories?post=29138"},{"taxonomy":"post_tag","embeddable":true,"href":"https:\/\/www.iceagetv.com\/radiosite\/wp-json\/wp\/v2\/tags?post=29138"}],"curies":[{"name":"wp","href":"https:\/\/api.w.org\/{rel}","templated":true}]}}