{"id":29186,"date":"2024-08-14T06:35:14","date_gmt":"2024-08-14T06:35:14","guid":{"rendered":"https:\/\/www.iceagetv.com\/radiosite\/?p=29186"},"modified":"2024-08-14T06:35:14","modified_gmt":"2024-08-14T06:35:14","slug":"15-aout-le-ministre-de-linterieur-gerald-darmanin-appelle-a-renforcer-la-securite-des-lieux-de-culte-chretiens-en-raison-de-la-menace-terroriste-tres-elevee-en-france","status":"publish","type":"post","link":"https:\/\/www.iceagetv.com\/radiosite\/15-aout-le-ministre-de-linterieur-gerald-darmanin-appelle-a-renforcer-la-securite-des-lieux-de-culte-chretiens-en-raison-de-la-menace-terroriste-tres-elevee-en-france\/","title":{"rendered":"15 ao\u00fbt : Le Ministre de l&rsquo;Int\u00e9rieur, G\u00e9rald Darmanin appelle \u00e0 renforcer la s\u00e9curit\u00e9 des lieux de culte chr\u00e9tiens, en raison de \u00ab\u00a0la menace terroriste tr\u00e8s \u00e9lev\u00e9e en France\u00a0\u00bb"},"content":{"rendered":"\n<p class=\"\">C&rsquo;est un 15 ao\u00fbt sous haute s\u00e9curit\u00e9 qui s&rsquo;annonce en raison de menaces \u00ab\u00a0fortes\u00a0\u00bb qui p\u00e8sent sur la France, \u00e0 en croire G\u00e9rald Darmanin. Dans un t\u00e9l\u00e9gramme adress\u00e9 aux pr\u00e9fets, le ministre de l\u2019Int\u00e9rieur a appel\u00e9 \u00e0 renforcer la s\u00e9curit\u00e9 des lieux de culte chr\u00e9tien, \u00e0 l\u2019approche de la f\u00eate de l\u2019Assomption. En cause, \u00able niveau tr\u00e8s \u00e9lev\u00e9 de la menace terroriste\u00bb, et \u00abl\u2019exposition internationale de la France qui accueillera prochainement les Jeux paralympiques dans un contexte de vives tensions au plan international\u00bb.&nbsp;<\/p>\n\n\n\n<p class=\"\">Ainsi, les autorit\u00e9s sont invit\u00e9es \u00e0 porter une \u00abattention\u00bb particuli\u00e8re aux \u00aboffices, rassemblements, processions et p\u00e8lerinages\u00bb, \u00abnotamment dans les sanctuaires mariaux\u00bb. Les forces de l\u2019ordre devront ainsi \u00eatre en contact constant avec les responsables des sites religieux.<\/p>\n\n\n\n<p class=\"\">\u00abCes prises de contact (&#8230;) devront permettre de dispenser aux organisateurs les conseils de vigilance et de s\u00e9curit\u00e9 pr\u00e9ventive adapt\u00e9s\u00bb, dont \u00able contr\u00f4le visuel des flux entrants\u00bb pour d\u00e9tecter les individus suspects, ou d\u2019\u00e9ventuels v\u00e9hicules en stationnement devant les lieux de culte.<\/p>\n\n\n\n<p class=\"\">Des forces de l\u2019op\u00e9ration Sentinelle sont susceptibles d\u2019\u00eatre d\u00e9ploy\u00e9es en plus grand nombre \u00e0 leurs abords, tandis qu\u2019une \u00abpr\u00e9sence (polici\u00e8re) statique visible aux heures d\u2019arriv\u00e9e et de d\u00e9part des fid\u00e8les, lors des rassemblements et offices\u00bb, devra \u00eatre mise en place.<\/p>\n","protected":false},"excerpt":{"rendered":"<p>C&rsquo;est un 15 ao\u00fbt sous haute s\u00e9curit\u00e9 qui s&rsquo;annonce en raison de menaces \u00ab\u00a0fortes\u00a0\u00bb qui p\u00e8sent sur la France, \u00e0 en croire G\u00e9rald Darmanin. Dans un t\u00e9l\u00e9gramme adress\u00e9 aux pr\u00e9fets, le ministre de l\u2019Int\u00e9rieur a appel\u00e9 \u00e0 renforcer la s\u00e9curit\u00e9 des lieux de culte chr\u00e9tien, \u00e0 l\u2019approche de la f\u00eate de l\u2019Assomption. En cause, \u00able [&hellip;]<\/p>\n","protected":false},"author":2,"featured_media":29187,"comment_status":"open","ping_status":"open","sticky":false,"template":"","format":"standard","meta":{"_jetpack_memberships_contains_paid_content":false,"footnotes":"","jetpack_publicize_message":"","jetpack_publicize_feature_enabled":true,"jetpack_social_post_already_shared":true,"jetpack_social_options":{"image_generator_settings":{"template":"highway","enabled":true,"token":"eyJpbWciOiJodHRwczpcL1wvd3d3LmljZWFnZXR2LmNvbVwvcmFkaW9zaXRlXC93cC1jb250ZW50XC91cGxvYWRzXC8yMDI0XC8wOFwvMTUtYW91dC5qcGciLCJ0eHQiOiIxNSBhb1x1MDBmYnQgOiBMZSBNaW5pc3RyZSBkZSBsJiM4MjE3O0ludFx1MDBlOXJpZXVyLCBHXHUwMGU5cmFsZCBEYXJtYW5pbiBhcHBlbGxlIFx1MDBlMCByZW5mb3JjZXIgbGEgc1x1MDBlOWN1cml0XHUwMGU5IGRlcyBsaWV1eCBkZSBjdWx0ZSBjaHJcdTAwZTl0aWVucywgZW4gcmFpc29uIGRlICYjODIyMDtsYSBtZW5hY2UgdGVycm9yaXN0ZSB0clx1MDBlOHMgXHUwMGU5bGV2XHUwMGU5ZSBlbiBGcmFuY2UmIzgyMjE7IiwidGVtcGxhdGUiOiJoaWdod2F5IiwiYmxvZ19pZCI6MTExMDE2NDYxfQ.WOoCm5mGphyXCVvSOUyJ98_WbScmBGr1dZmYRG7fqosMQ"},"version":2},"_wpas_customize_per_network":false},"categories":[405],"tags":[],"class_list":["post-29186","post","type-post","status-publish","format-standard","has-post-thumbnail","hentry","category-actu-france-monde"],"jetpack_publicize_connections":[],"jetpack_featured_media_url":"https:\/\/i0.wp.com\/www.iceagetv.com\/radiosite\/wp-content\/uploads\/2024\/08\/15-aout.jpg?fit=679%2C293&ssl=1","jetpack_sharing_enabled":true,"_links":{"self":[{"href":"https:\/\/www.iceagetv.com\/radiosite\/wp-json\/wp\/v2\/posts\/29186","targetHints":{"allow":["GET"]}}],"collection":[{"href":"https:\/\/www.iceagetv.com\/radiosite\/wp-json\/wp\/v2\/posts"}],"about":[{"href":"https:\/\/www.iceagetv.com\/radiosite\/wp-json\/wp\/v2\/types\/post"}],"author":[{"embeddable":true,"href":"https:\/\/www.iceagetv.com\/radiosite\/wp-json\/wp\/v2\/users\/2"}],"replies":[{"embeddable":true,"href":"https:\/\/www.iceagetv.com\/radiosite\/wp-json\/wp\/v2\/comments?post=29186"}],"version-history":[{"count":1,"href":"https:\/\/www.iceagetv.com\/radiosite\/wp-json\/wp\/v2\/posts\/29186\/revisions"}],"predecessor-version":[{"id":29188,"href":"https:\/\/www.iceagetv.com\/radiosite\/wp-json\/wp\/v2\/posts\/29186\/revisions\/29188"}],"wp:featuredmedia":[{"embeddable":true,"href":"https:\/\/www.iceagetv.com\/radiosite\/wp-json\/wp\/v2\/media\/29187"}],"wp:attachment":[{"href":"https:\/\/www.iceagetv.com\/radiosite\/wp-json\/wp\/v2\/media?parent=29186"}],"wp:term":[{"taxonomy":"category","embeddable":true,"href":"https:\/\/www.iceagetv.com\/radiosite\/wp-json\/wp\/v2\/categories?post=29186"},{"taxonomy":"post_tag","embeddable":true,"href":"https:\/\/www.iceagetv.com\/radiosite\/wp-json\/wp\/v2\/tags?post=29186"}],"curies":[{"name":"wp","href":"https:\/\/api.w.org\/{rel}","templated":true}]}}