{"id":29198,"date":"2024-08-15T09:46:59","date_gmt":"2024-08-15T09:46:59","guid":{"rendered":"https:\/\/www.iceagetv.com\/radiosite\/?p=29198"},"modified":"2024-08-15T09:46:59","modified_gmt":"2024-08-15T09:46:59","slug":"meurthe-et-moselle-que-sait-on-ce-matin-sur-les-circonstances-de-la-mort-des-2-pilotes-et-des-raisons-du-crash-entre-les-2-avions-de-chasse","status":"publish","type":"post","link":"https:\/\/www.iceagetv.com\/radiosite\/meurthe-et-moselle-que-sait-on-ce-matin-sur-les-circonstances-de-la-mort-des-2-pilotes-et-des-raisons-du-crash-entre-les-2-avions-de-chasse\/","title":{"rendered":"Meurthe et Moselle : Que sait-on ce matin sur les circonstances de la mort des 2 pilotes et des raisons du crash entre les 2 avions de chasse ?"},"content":{"rendered":"\n<p class=\"\">Deux avions Rafale sont entr\u00e9s en collision ce mercredi au-dessus d&rsquo;une zone bois\u00e9e en Lorraine et les deux pilotes recherch\u00e9s, un \u00e9l\u00e8ve et son instructeur, sont morts, a annonc\u00e9 Emmanuel Macron ce mercredi soir. Les deux avions de chasse de l&rsquo;escadron transformation Rafale de la base a\u00e9rienne de Saint-Dizier (Haute-Marne) sont entr\u00e9s en collision l&rsquo;un avec l&rsquo;autre, a pr\u00e9cis\u00e9 \u00e0 l&rsquo;AFP un porte-parole de l&rsquo;arm\u00e9e de l&rsquo;Air et de l&rsquo;Espace \u00e0 Paris.&nbsp;<\/p>\n\n\n\n<p class=\"\">Le pilote d&rsquo;un deux appareils s&rsquo;est \u00e9ject\u00e9 avant l&rsquo;impact. Il est sain et sauf. Les deux autres pilotes, initialement recherch\u00e9s, ont finalement p\u00e9ri dans ce drame, selon Emmanuel Macron. \u00ab\u00a0Nous apprenons avec tristesse les d\u00e9c\u00e8s du capitaine S\u00e9bastien Mabire et du lieutenant Matthis Laurens, lors d&rsquo;un accident a\u00e9rien en mission d&rsquo;entra\u00eenement en Rafale.<\/p>\n\n\n\n<p class=\"\">La Nation partage la peine de leurs familles et fr\u00e8res d\u2019armes de la Base a\u00e9rienne 113 de Saint-Dizier\u00a0\u00bb, a \u00e9crit le chef de l&rsquo;Etat.<\/p>\n\n\n\n<p class=\"\">\u00ab\u00a0Le centre op\u00e9rationnel d\u00e9partemental a imm\u00e9diatement \u00e9t\u00e9 activ\u00e9 et le plan SATER (sauvetage a\u00e9roterrestre) engag\u00e9 en appui des forces militaires\u00a0\u00bb, avait indiqu\u00e9 de son c\u00f4t\u00e9 la pr\u00e9fecture de Meurthe-et-Moselle dans un communiqu\u00e9. \u00ab\u00a0L&rsquo;autorit\u00e9 militaire communiquera sur les causes de l&rsquo;accident\u00a0\u00bb, a relev\u00e9 la pr\u00e9fecture.<\/p>\n\n\n\n<p class=\"\">L&rsquo;arm\u00e9e a pr\u00e9cis\u00e9 \u00e0 l&rsquo;AFP que tous les pilotes concern\u00e9s \u00e9taient de nationalit\u00e9 fran\u00e7aise. Des pilotes ukrainiens sont actuellement form\u00e9s en France, mais sur la base de Cazaux et uniquement sur des chasseurs Alpha-Jet.<\/p>\n\n\n\n<p class=\"\">\u00abLe pilote du premier Rafale s&rsquo;est \u00e9ject\u00e9 et a \u00e9t\u00e9 r\u00e9cup\u00e9r\u00e9 l\u00e9g\u00e8rement bless\u00e9 par les secours. L&rsquo;\u00e9pave de l&rsquo;autre Rafale biplace a, quant \u00e0 elle, \u00e9t\u00e9 rep\u00e9r\u00e9e plus tard dans l&rsquo;apr\u00e8s-midi sur la commune d&rsquo;Harmonville (Vosges). Sans nouvelle de l&rsquo;\u00e9quipage, d&rsquo;importants moyens avaient \u00e9t\u00e9 d\u00e9p\u00each\u00e9s sur place pour permettre de les retrouver.<\/p>\n\n\n\n<p class=\"\">Les enqu\u00eates de s\u00e9curit\u00e9 et judiciaires en cours d\u00e9termineront les causes de cet accident\u00bb, a pr\u00e9cis\u00e9 le minist\u00e8re des Arm\u00e9es dans un communiqu\u00e9. \u00abJ&rsquo;adresse mes sinc\u00e8res condol\u00e9ances et tout mon soutien aux familles du capitaine S\u00e9bastien Mabire et du lieutenant Matthis Laurens, \u00e0 leurs proches et \u00e0 leurs fr\u00e8res d&rsquo;armes.<\/p>\n\n\n\n<p class=\"\">Ce soir, la Nation tout enti\u00e8re est reconnaissante : jamais, nous ne les oublierons\u00bb a d\u00e9clar\u00e9 S\u00e9bastien Lecornu, ministre des Arm\u00e9es. Ce dernier se rendra jeudi \u00e0 la base a\u00e9rienne 113 de Saint-Dizier pour une visite hors presse, a indiqu\u00e9 le minist\u00e8re.<\/p>\n\n\n\n<p class=\"\">L&rsquo;accident s&rsquo;est produit dans le secteur de Colombey-les-Belles, au sud-ouest de Nancy, tout pr\u00e8s de la base a\u00e9rienne de Nancy-Ochey et \u00e0 la limite du d\u00e9partement des Vosges. \u00abJ&rsquo;\u00e9tais en train de manger, un avion est pass\u00e9 au-dessus de moi, il se dirigeait vers le nord, il y a eu comme une explosion et il a pris feu\u00bb, a t\u00e9moign\u00e9 aupr\u00e8s de l&rsquo;AFP La\u00ebtitia, une habitante d&rsquo;Autreville (Vosges).<\/p>\n\n\n\n<p class=\"\">\u00abIl est tomb\u00e9 sur le bois, il s&rsquo;est \u00e9cras\u00e9, pr\u00e8s de la route de Colombey-les-belles. Je n&rsquo;ai vu qu&rsquo;un avion. \u00c7a a fait un \u00e9norme nuage noir (&#8230;) C&rsquo;\u00e9tait impressionnant\u00bb, a-t-elle confi\u00e9.&nbsp;<\/p>\n\n\n\n<p class=\"\">Sur place, tous les axes routiers entre Colombey-les-Belles, Autreville et Harmonville, ont \u00e9t\u00e9 bloqu\u00e9s par les gendarmes, ont constat\u00e9 des journalistes de l&rsquo;AFP, qui ont vu passer un v\u00e9hicule de l&rsquo;identification criminelle ainsi que des drones.<\/p>\n\n\n\n<p class=\"\">Selon le service d\u00e9partemental d&rsquo;incendie et de secours (Sdis) de Meurthe-et-Moselle, 54 de ses pompiers \u00e9taient \u00e0 pied d&rsquo;\u0153uvre. Quatre-vingt-dix gendarmes \u00e9taient mobilis\u00e9s pour les recherches, a aussi indiqu\u00e9 la gendarmerie.<\/p>\n","protected":false},"excerpt":{"rendered":"<p>Deux avions Rafale sont entr\u00e9s en collision ce mercredi au-dessus d&rsquo;une zone bois\u00e9e en Lorraine et les deux pilotes recherch\u00e9s, un \u00e9l\u00e8ve et son instructeur, sont morts, a annonc\u00e9 Emmanuel Macron ce mercredi soir. Les deux avions de chasse de l&rsquo;escadron transformation Rafale de la base a\u00e9rienne de Saint-Dizier (Haute-Marne) sont entr\u00e9s en collision l&rsquo;un [&hellip;]<\/p>\n","protected":false},"author":2,"featured_media":29199,"comment_status":"open","ping_status":"open","sticky":false,"template":"","format":"standard","meta":{"_jetpack_memberships_contains_paid_content":false,"footnotes":"","jetpack_publicize_message":"","jetpack_publicize_feature_enabled":true,"jetpack_social_post_already_shared":true,"jetpack_social_options":{"image_generator_settings":{"template":"highway","enabled":true,"token":"eyJpbWciOiJodHRwczpcL1wvd3d3LmljZWFnZXR2LmNvbVwvcmFkaW9zaXRlXC93cC1jb250ZW50XC91cGxvYWRzXC8yMDI0XC8wOFwvb29abXQ4ejIuanBnIiwidHh0IjoiTWV1cnRoZSBldCBNb3NlbGxlIDogUXVlIHNhaXQtb24gY2UgbWF0aW4gc3VyIGxlcyBjaXJjb25zdGFuY2VzIGRlIGxhIG1vcnQgZGVzIDIgcGlsb3RlcyBldCBkZXMgcmFpc29ucyBkdSBjcmFzaCBlbnRyZSBsZXMgMiBhdmlvbnMgZGUgY2hhc3NlID8iLCJ0ZW1wbGF0ZSI6ImhpZ2h3YXkiLCJibG9nX2lkIjoxMTEwMTY0NjF9.QeVt96vW9ZTtQ8RtefkH79vMo7CNG8VTbooxVA-CYDgMQ"},"version":2},"_wpas_customize_per_network":false},"categories":[405],"tags":[],"class_list":["post-29198","post","type-post","status-publish","format-standard","has-post-thumbnail","hentry","category-actu-france-monde"],"jetpack_publicize_connections":[],"jetpack_featured_media_url":"https:\/\/i0.wp.com\/www.iceagetv.com\/radiosite\/wp-content\/uploads\/2024\/08\/ooZmt8z2.jpg?fit=679%2C293&ssl=1","jetpack_sharing_enabled":true,"_links":{"self":[{"href":"https:\/\/www.iceagetv.com\/radiosite\/wp-json\/wp\/v2\/posts\/29198","targetHints":{"allow":["GET"]}}],"collection":[{"href":"https:\/\/www.iceagetv.com\/radiosite\/wp-json\/wp\/v2\/posts"}],"about":[{"href":"https:\/\/www.iceagetv.com\/radiosite\/wp-json\/wp\/v2\/types\/post"}],"author":[{"embeddable":true,"href":"https:\/\/www.iceagetv.com\/radiosite\/wp-json\/wp\/v2\/users\/2"}],"replies":[{"embeddable":true,"href":"https:\/\/www.iceagetv.com\/radiosite\/wp-json\/wp\/v2\/comments?post=29198"}],"version-history":[{"count":1,"href":"https:\/\/www.iceagetv.com\/radiosite\/wp-json\/wp\/v2\/posts\/29198\/revisions"}],"predecessor-version":[{"id":29200,"href":"https:\/\/www.iceagetv.com\/radiosite\/wp-json\/wp\/v2\/posts\/29198\/revisions\/29200"}],"wp:featuredmedia":[{"embeddable":true,"href":"https:\/\/www.iceagetv.com\/radiosite\/wp-json\/wp\/v2\/media\/29199"}],"wp:attachment":[{"href":"https:\/\/www.iceagetv.com\/radiosite\/wp-json\/wp\/v2\/media?parent=29198"}],"wp:term":[{"taxonomy":"category","embeddable":true,"href":"https:\/\/www.iceagetv.com\/radiosite\/wp-json\/wp\/v2\/categories?post=29198"},{"taxonomy":"post_tag","embeddable":true,"href":"https:\/\/www.iceagetv.com\/radiosite\/wp-json\/wp\/v2\/tags?post=29198"}],"curies":[{"name":"wp","href":"https:\/\/api.w.org\/{rel}","templated":true}]}}