{"id":29212,"date":"2024-08-16T10:58:35","date_gmt":"2024-08-16T10:58:35","guid":{"rendered":"https:\/\/www.iceagetv.com\/radiosite\/?p=29212"},"modified":"2024-08-16T10:58:35","modified_gmt":"2024-08-16T10:58:35","slug":"lelysee-annonce-quemmanuel-macron-nommera-un-nouveau-premier-ministre-apres-avoir-consulte-le-vendredi-23-aout-les-presidents-des-groupes-parlementaires-et-les-chefs-des-partis","status":"publish","type":"post","link":"https:\/\/www.iceagetv.com\/radiosite\/lelysee-annonce-quemmanuel-macron-nommera-un-nouveau-premier-ministre-apres-avoir-consulte-le-vendredi-23-aout-les-presidents-des-groupes-parlementaires-et-les-chefs-des-partis\/","title":{"rendered":"L&rsquo;Elys\u00e9e annonce qu&rsquo;Emmanuel Macron nommera un nouveau Premier Ministre apr\u00e8s avoir consult\u00e9, le vendredi 23 ao\u00fbt, les pr\u00e9sidents des groupes parlementaires et les chefs des partis"},"content":{"rendered":"\n<p class=\"\"><strong>Le pr\u00e9sident Emmanuel Macron convie les pr\u00e9sidents des groupes parlementaires et les chefs de parti le 23 ao\u00fbt, annonce l&rsquo;\u00c9lys\u00e9e , en vue de tenter de constituer un gouvernement. \u00ab\u00a0La nomination d&rsquo;un Premier ministre interviendra dans le prolongement de ces consultations et de leurs conclusions\u00a0\u00bb, a \u00e9galement fait savoir dans un communiqu\u00e9 la pr\u00e9sidence, esp\u00e9rant \u00ab\u00a0avancer vers la constitution d&rsquo;une majorit\u00e9 la plus large et la plus stable possible au service du pays\u00a0\u00bb.Le pr\u00e9sident Emmanuel Macron convie les pr\u00e9sidents des groupes parlementaires et les chefs de parti le 23 ao\u00fbt, annonce l&rsquo;\u00c9lys\u00e9e , en vue de tenter de constituer un gouvernement. \u00ab\u00a0La nomination d&rsquo;un Premier ministre interviendra dans le prolongement de ces consultations et de leurs conclusions\u00a0\u00bb, a \u00e9galement fait savoir dans un communiqu\u00e9 la pr\u00e9sidence, esp\u00e9rant \u00ab\u00a0avancer vers la constitution d&rsquo;une majorit\u00e9 la plus large et la plus stable possible au service du pays\u00a0\u00bb.<\/strong><\/p>\n","protected":false},"excerpt":{"rendered":"<p>Le pr\u00e9sident Emmanuel Macron convie les pr\u00e9sidents des groupes parlementaires et les chefs de parti le 23 ao\u00fbt, annonce l&rsquo;\u00c9lys\u00e9e , en vue de tenter de constituer un gouvernement. \u00ab\u00a0La nomination d&rsquo;un Premier ministre interviendra dans le prolongement de ces consultations et de leurs conclusions\u00a0\u00bb, a \u00e9galement fait savoir dans un communiqu\u00e9 la pr\u00e9sidence, esp\u00e9rant [&hellip;]<\/p>\n","protected":false},"author":2,"featured_media":29214,"comment_status":"open","ping_status":"open","sticky":false,"template":"","format":"standard","meta":{"_jetpack_memberships_contains_paid_content":false,"footnotes":"","jetpack_publicize_message":"","jetpack_publicize_feature_enabled":true,"jetpack_social_post_already_shared":true,"jetpack_social_options":{"image_generator_settings":{"template":"highway","enabled":true,"token":"eyJpbWciOiJodHRwczpcL1wvd3d3LmljZWFnZXR2LmNvbVwvcmFkaW9zaXRlXC93cC1jb250ZW50XC91cGxvYWRzXC8yMDI0XC8wOFwvTEVseXNlZS1hbm5vbmNlLXF1RW1tYW51ZWwtTWFjcm9uLW5vbW1lcmEtdW4tbm91dmVhdS1QcmVtaWVyLU1pbmlzdHJlLmpwZyIsInR4dCI6IkwmIzgyMTc7RWx5c1x1MDBlOWUgYW5ub25jZSBxdSYjODIxNztFbW1hbnVlbCBNYWNyb24gbm9tbWVyYSB1biBub3V2ZWF1IFByZW1pZXIgTWluaXN0cmUgYXByXHUwMGU4cyBhdm9pciBjb25zdWx0XHUwMGU5LCBsZSB2ZW5kcmVkaSAyMyBhb1x1MDBmYnQsIGxlcyBwclx1MDBlOXNpZGVudHMgZGVzIGdyb3VwZXMgcGFybGVtZW50YWlyZXMgZXQgbGVzIGNoZWZzIGRlcyBwYXJ0aXMiLCJ0ZW1wbGF0ZSI6ImhpZ2h3YXkiLCJibG9nX2lkIjoxMTEwMTY0NjF9.QD3OtQ5961q3GS0R0af5vWgv6hqFEvdmHdcO6ZJrrZ0MQ"},"version":2},"_wpas_customize_per_network":false},"categories":[405],"tags":[],"class_list":["post-29212","post","type-post","status-publish","format-standard","has-post-thumbnail","hentry","category-actu-france-monde"],"jetpack_publicize_connections":[],"jetpack_featured_media_url":"https:\/\/i0.wp.com\/www.iceagetv.com\/radiosite\/wp-content\/uploads\/2024\/08\/LElysee-annonce-quEmmanuel-Macron-nommera-un-nouveau-Premier-Ministre.jpg?fit=679%2C293&ssl=1","jetpack_sharing_enabled":true,"_links":{"self":[{"href":"https:\/\/www.iceagetv.com\/radiosite\/wp-json\/wp\/v2\/posts\/29212","targetHints":{"allow":["GET"]}}],"collection":[{"href":"https:\/\/www.iceagetv.com\/radiosite\/wp-json\/wp\/v2\/posts"}],"about":[{"href":"https:\/\/www.iceagetv.com\/radiosite\/wp-json\/wp\/v2\/types\/post"}],"author":[{"embeddable":true,"href":"https:\/\/www.iceagetv.com\/radiosite\/wp-json\/wp\/v2\/users\/2"}],"replies":[{"embeddable":true,"href":"https:\/\/www.iceagetv.com\/radiosite\/wp-json\/wp\/v2\/comments?post=29212"}],"version-history":[{"count":1,"href":"https:\/\/www.iceagetv.com\/radiosite\/wp-json\/wp\/v2\/posts\/29212\/revisions"}],"predecessor-version":[{"id":29215,"href":"https:\/\/www.iceagetv.com\/radiosite\/wp-json\/wp\/v2\/posts\/29212\/revisions\/29215"}],"wp:featuredmedia":[{"embeddable":true,"href":"https:\/\/www.iceagetv.com\/radiosite\/wp-json\/wp\/v2\/media\/29214"}],"wp:attachment":[{"href":"https:\/\/www.iceagetv.com\/radiosite\/wp-json\/wp\/v2\/media?parent=29212"}],"wp:term":[{"taxonomy":"category","embeddable":true,"href":"https:\/\/www.iceagetv.com\/radiosite\/wp-json\/wp\/v2\/categories?post=29212"},{"taxonomy":"post_tag","embeddable":true,"href":"https:\/\/www.iceagetv.com\/radiosite\/wp-json\/wp\/v2\/tags?post=29212"}],"curies":[{"name":"wp","href":"https:\/\/api.w.org\/{rel}","templated":true}]}}