{"id":29217,"date":"2024-08-16T18:38:48","date_gmt":"2024-08-16T18:38:48","guid":{"rendered":"https:\/\/www.iceagetv.com\/radiosite\/?p=29217"},"modified":"2024-08-16T18:38:48","modified_gmt":"2024-08-16T18:38:48","slug":"commemoration-du-debarquement-le-corps-sans-vie-du-pilote-qui-sest-ecrase-en-mer-au-lavandou-retrouve-par-les-secours-une-enquete-ouverte","status":"publish","type":"post","link":"https:\/\/www.iceagetv.com\/radiosite\/commemoration-du-debarquement-le-corps-sans-vie-du-pilote-qui-sest-ecrase-en-mer-au-lavandou-retrouve-par-les-secours-une-enquete-ouverte\/","title":{"rendered":"Comm\u00e9moration du D\u00e9barquement: Le corps sans vie du pilote qui s&rsquo;est \u00e9cras\u00e9 en mer au Lavandou retrouv\u00e9 par les secours &#8211; Une enqu\u00eate ouverte"},"content":{"rendered":"\n<p class=\"\"><strong>Le point sur ce que l&rsquo;on sait ce soir<\/strong><\/p>\n\n\n\n<p class=\"\">Un avion civil Fouga Magister s\u2019est ab\u00eem\u00e9 en mer vendredi au large du Lavandou, dans le sud de la France, avec le pilote rest\u00e9 coinc\u00e9 dans l\u2019habitacle, deux jours apr\u00e8s la mort de deux militaires dans la collision de leur Rafale dans l\u2019est. Il s\u2019agit d\u2019un homme d\u2019environ 65 ans, n\u00e9 en 1959, a pr\u00e9cis\u00e9 \u00e0 l\u2019AFP Samuel Finielz, le procureur du Var.<\/p>\n\n\n\n<p class=\"\">L\u2019avion \u00e0 r\u00e9action biplace subsonique, mythique et tr\u00e8s pris\u00e9 des amoureux de l\u2019aviation mais d\u00e9pourvu de si\u00e8ge \u00e9jectable, se produisait juste avant une d\u00e9monstration de la Patrouille de France (PAF), selon un porte-parole de l\u2019Arm\u00e9e de l\u2019Air et de l\u2019Espace (AAE). Il s\u2019est ab\u00eem\u00e9 en mer sans possibilit\u00e9 pour le pilote de s\u2019en \u00e9jecter.<\/p>\n\n\n\n<p class=\"\">Son corps a \u00e9t\u00e9 retrouv\u00e9 rapidement par les secours, coordonn\u00e9s par le Cross Med, la Direction interr\u00e9gionale de la mer M\u00e9diterran\u00e9e,&nbsp;\u00ab avec des moyens du service d\u00e9partemental d\u2019incendie et de secours du Var et de la gendarmerie maritime \u00bb, selon la pr\u00e9fecture dans un communiqu\u00e9.<\/p>\n\n\n\n<p class=\"\">L\u2019office du tourisme du Lavandou a indiqu\u00e9 \u00e0 l\u2019AFP que le meeting avait \u00e9t\u00e9 interrompu et d\u00e9finitivement annul\u00e9.&nbsp;\u00ab Compte-tenu des tragiques circonstances, la PAF a annul\u00e9 la d\u00e9monstration et est repartie sur la base de Hy\u00e8res \u00bb&nbsp;(Var), a pr\u00e9cis\u00e9 le porte-parole militaire \u00e0 l\u2019AFP.<\/p>\n\n\n\n<p class=\"\">Des images sur les r\u00e9seaux sociaux, authentifi\u00e9es par l\u2019AFP, montraient l\u2019appareil l\u00e9g\u00e8rement d\u00e9sax\u00e9 et manifestement sans contr\u00f4le, s\u2019ab\u00eemer au milieu d\u2019embarcations de plaisanciers. Il appartenait \u00e0 un collectionneur ou une entreprise priv\u00e9e, selon la pr\u00e9fecture. \u00ab Les pilotes et l\u2019ensemble de la communaut\u00e9 de l\u2019arm\u00e9e de l\u2019Air et de l\u2019Espace t\u00e9moignent de leur solidarit\u00e9 dans ces moments difficiles \u00bb, a indiqu\u00e9 l\u2019AAE dans un message sur X.<\/p>\n\n\n\n<p class=\"\">Selon le parquet de Toulon, l\u2019enqu\u00eate a \u00e9t\u00e9 confi\u00e9e \u00e0 la section de recherche de la gendarmerie des transports a\u00e9riens.&nbsp;\u00ab Sur les circonstances, on y verra plus clair demain ou apr\u00e8s-demain \u00bb, a indiqu\u00e9 une source proche du dossier.<\/p>\n\n\n\n<p class=\"\">Le Fouga Magister, mis en circulation dans les ann\u00e9es 50, a longtemps fait les beaux jours de la PAF, notamment pour sa grande maniabilit\u00e9. Il a cess\u00e9 en 1980 d\u2019\u00e9quiper la Patrouille, d\u00e9sormais sur Alpha Jet. Il a aussi quitt\u00e9 l\u2019arm\u00e9e en 1996 et fait d\u00e9sormais la fiert\u00e9 de quelques a\u00e9roclubs priv\u00e9s.<\/p>\n","protected":false},"excerpt":{"rendered":"<p>Le point sur ce que l&rsquo;on sait ce soir Un avion civil Fouga Magister s\u2019est ab\u00eem\u00e9 en mer vendredi au large du Lavandou, dans le sud de la France, avec le pilote rest\u00e9 coinc\u00e9 dans l\u2019habitacle, deux jours apr\u00e8s la mort de deux militaires dans la collision de leur Rafale dans l\u2019est. Il s\u2019agit d\u2019un [&hellip;]<\/p>\n","protected":false},"author":2,"featured_media":29218,"comment_status":"open","ping_status":"open","sticky":false,"template":"","format":"standard","meta":{"_jetpack_memberships_contains_paid_content":false,"footnotes":"","jetpack_publicize_message":"","jetpack_publicize_feature_enabled":true,"jetpack_social_post_already_shared":true,"jetpack_social_options":{"image_generator_settings":{"template":"highway","enabled":true,"token":"eyJpbWciOiJodHRwczpcL1wvd3d3LmljZWFnZXR2LmNvbVwvcmFkaW9zaXRlXC93cC1jb250ZW50XC91cGxvYWRzXC8yMDI0XC8wOFwvQ29tbWVtb3JhdGlvbi1kdS1EZWJhcnF1ZW1lbnQuanBnIiwidHh0IjoiQ29tbVx1MDBlOW1vcmF0aW9uIGR1IERcdTAwZTliYXJxdWVtZW50OiBMZSBjb3JwcyBzYW5zIHZpZSBkdSBwaWxvdGUgcXVpIHMmIzgyMTc7ZXN0IFx1MDBlOWNyYXNcdTAwZTkgZW4gbWVyIGF1IExhdmFuZG91IHJldHJvdXZcdTAwZTkgcGFyIGxlcyBzZWNvdXJzICYjODIxMTsgVW5lIGVucXVcdTAwZWF0ZSBvdXZlcnRlIiwidGVtcGxhdGUiOiJoaWdod2F5IiwiYmxvZ19pZCI6MTExMDE2NDYxfQ.kcC5lBbG-o_JBJoOPjQw6SlMtjZUDfke8q9kIlggwPsMQ"},"version":2},"_wpas_customize_per_network":false},"categories":[405],"tags":[],"class_list":["post-29217","post","type-post","status-publish","format-standard","has-post-thumbnail","hentry","category-actu-france-monde"],"jetpack_publicize_connections":[],"jetpack_featured_media_url":"https:\/\/i0.wp.com\/www.iceagetv.com\/radiosite\/wp-content\/uploads\/2024\/08\/Commemoration-du-Debarquement.jpg?fit=679%2C293&ssl=1","jetpack_sharing_enabled":true,"_links":{"self":[{"href":"https:\/\/www.iceagetv.com\/radiosite\/wp-json\/wp\/v2\/posts\/29217","targetHints":{"allow":["GET"]}}],"collection":[{"href":"https:\/\/www.iceagetv.com\/radiosite\/wp-json\/wp\/v2\/posts"}],"about":[{"href":"https:\/\/www.iceagetv.com\/radiosite\/wp-json\/wp\/v2\/types\/post"}],"author":[{"embeddable":true,"href":"https:\/\/www.iceagetv.com\/radiosite\/wp-json\/wp\/v2\/users\/2"}],"replies":[{"embeddable":true,"href":"https:\/\/www.iceagetv.com\/radiosite\/wp-json\/wp\/v2\/comments?post=29217"}],"version-history":[{"count":1,"href":"https:\/\/www.iceagetv.com\/radiosite\/wp-json\/wp\/v2\/posts\/29217\/revisions"}],"predecessor-version":[{"id":29219,"href":"https:\/\/www.iceagetv.com\/radiosite\/wp-json\/wp\/v2\/posts\/29217\/revisions\/29219"}],"wp:featuredmedia":[{"embeddable":true,"href":"https:\/\/www.iceagetv.com\/radiosite\/wp-json\/wp\/v2\/media\/29218"}],"wp:attachment":[{"href":"https:\/\/www.iceagetv.com\/radiosite\/wp-json\/wp\/v2\/media?parent=29217"}],"wp:term":[{"taxonomy":"category","embeddable":true,"href":"https:\/\/www.iceagetv.com\/radiosite\/wp-json\/wp\/v2\/categories?post=29217"},{"taxonomy":"post_tag","embeddable":true,"href":"https:\/\/www.iceagetv.com\/radiosite\/wp-json\/wp\/v2\/tags?post=29217"}],"curies":[{"name":"wp","href":"https:\/\/api.w.org\/{rel}","templated":true}]}}