{"id":29223,"date":"2024-08-17T05:27:12","date_gmt":"2024-08-17T05:27:12","guid":{"rendered":"https:\/\/www.iceagetv.com\/radiosite\/?p=29223"},"modified":"2024-08-17T05:27:12","modified_gmt":"2024-08-17T05:27:12","slug":"fievre-catarrhale-ovine-41-foyers-dans-6-departements-du-nord-de-la-france-confirmes","status":"publish","type":"post","link":"https:\/\/www.iceagetv.com\/radiosite\/fievre-catarrhale-ovine-41-foyers-dans-6-departements-du-nord-de-la-france-confirmes\/","title":{"rendered":"Fi\u00e8vre catarrhale ovine: 41 foyers dans 6 d\u00e9partements du nord de la France confirm\u00e9s"},"content":{"rendered":"\n<p class=\"\">Le minist\u00e8re de l&rsquo;Agriculture a confirm\u00e9, vendredi 16 ao\u00fbt, l&rsquo;existence de 41 foyers d&rsquo;une nouvelle souche de fi\u00e8vre catarrhale ovine dans six d\u00e9partements du nord de la France.<\/p>\n\n\n\n<p class=\"\">Quarante-et-un foyers d&rsquo;un nouveau type de&nbsp;<a href=\"https:\/\/rmc.bfmtv.com\/actualites\/societe\/sante\/inquietude-apres-la-detection-en-france-d-un-nouveau-type-de-fievre-ovine_AD-202408070460.html\">fi\u00e8vre catarrhale ovine<\/a>&nbsp;(FCO), aussi appel\u00e9e \u00ab\u00a0maladie de la langue bleue\u00a0\u00bb, \u00e9taient confirm\u00e9s au 14 ao\u00fbt dans six d\u00e9partements du nord de la France, a indiqu\u00e9 vendredi 16 ao\u00fbt le minist\u00e8re de l&rsquo;Agriculture.<\/p>\n\n\n\n<p class=\"\">Ils sont r\u00e9partis dans l&rsquo;Aisne, les Ardennes, la Marne, la Moselle, le Nord et l&rsquo;Oise, a pr\u00e9cis\u00e9 le minist\u00e8re dans une mise \u00e0 jour du nombre d&rsquo;exploitations concern\u00e9es.<\/p>\n\n\n\n<p class=\"\">Une zone \u00ab\u00a0r\u00e9gul\u00e9e\u00a0\u00bb de 150 kilom\u00e8tres autour des foyers confirm\u00e9s, o\u00f9 les d\u00e9placements de bovins, ch\u00e8vres et moutons sont soumis \u00e0 des restrictions afin de tenter de freiner la progression du virus, s&rsquo;\u00e9tend d\u00e9sormais \u00e0 30 d\u00e9partements.<\/p>\n\n\n\n<h2 class=\"wp-block-heading\" id=\"2pvoe\">Propagation en Europe<\/h2>\n\n\n\n<p class=\"\">Le nouveau s\u00e9rotype 3 de ce virus, qui n&rsquo;est pas transmissible \u00e0 l&rsquo;homme, \u00e9t\u00e9 d\u00e9cel\u00e9 pour la premi\u00e8re fois en Europe en septembre 2023, aux Pays-Bas, avant d&rsquo;\u00eatre d\u00e9tect\u00e9 en Belgique, en Allemagne et au Royaume-Uni dans les mois suivants. De premiers cas ont \u00e9t\u00e9 confirm\u00e9s d\u00e9but ao\u00fbt en France, au Luxembourg et au Danemark.<\/p>\n\n\n\n<p class=\"\">La propagation de la maladie s&rsquo;acc\u00e9l\u00e8re actuellement dans plusieurs pays, les autorit\u00e9s n\u00e9erlandaises recensant par exemple jeudi quelque 3.807 foyers, soit 900 de plus que lundi.<\/p>\n","protected":false},"excerpt":{"rendered":"<p>Le minist\u00e8re de l&rsquo;Agriculture a confirm\u00e9, vendredi 16 ao\u00fbt, l&rsquo;existence de 41 foyers d&rsquo;une nouvelle souche de fi\u00e8vre catarrhale ovine dans six d\u00e9partements du nord de la France. Quarante-et-un foyers d&rsquo;un nouveau type de&nbsp;fi\u00e8vre catarrhale ovine&nbsp;(FCO), aussi appel\u00e9e \u00ab\u00a0maladie de la langue bleue\u00a0\u00bb, \u00e9taient confirm\u00e9s au 14 ao\u00fbt dans six d\u00e9partements du nord de la [&hellip;]<\/p>\n","protected":false},"author":2,"featured_media":29224,"comment_status":"open","ping_status":"open","sticky":false,"template":"","format":"standard","meta":{"_jetpack_memberships_contains_paid_content":false,"footnotes":"","jetpack_publicize_message":"","jetpack_publicize_feature_enabled":true,"jetpack_social_post_already_shared":true,"jetpack_social_options":{"image_generator_settings":{"template":"highway","enabled":true,"token":"eyJpbWciOiJodHRwczpcL1wvd3d3LmljZWFnZXR2LmNvbVwvcmFkaW9zaXRlXC93cC1jb250ZW50XC91cGxvYWRzXC8yMDI0XC8wOFwvU2NyZWVuc2hvdF8yMDI0MDgxN18wNzI2MTMtMTAyNHg0NDcuanBnIiwidHh0IjoiRmlcdTAwZTh2cmUgY2F0YXJyaGFsZSBvdmluZTogNDEgZm95ZXJzIGRhbnMgNiBkXHUwMGU5cGFydGVtZW50cyBkdSBub3JkIGRlIGxhIEZyYW5jZSBjb25maXJtXHUwMGU5cyIsInRlbXBsYXRlIjoiaGlnaHdheSIsImJsb2dfaWQiOjExMTAxNjQ2MX0.KsMajcwQDzTuyUZR3i2peibMEYw_iAMUd4irRQk_BKMMQ"},"version":2},"_wpas_customize_per_network":false},"categories":[405],"tags":[],"class_list":["post-29223","post","type-post","status-publish","format-standard","has-post-thumbnail","hentry","category-actu-france-monde"],"jetpack_publicize_connections":[],"jetpack_featured_media_url":"https:\/\/i0.wp.com\/www.iceagetv.com\/radiosite\/wp-content\/uploads\/2024\/08\/Screenshot_20240817_072613.jpg?fit=1080%2C471&ssl=1","jetpack_sharing_enabled":true,"_links":{"self":[{"href":"https:\/\/www.iceagetv.com\/radiosite\/wp-json\/wp\/v2\/posts\/29223","targetHints":{"allow":["GET"]}}],"collection":[{"href":"https:\/\/www.iceagetv.com\/radiosite\/wp-json\/wp\/v2\/posts"}],"about":[{"href":"https:\/\/www.iceagetv.com\/radiosite\/wp-json\/wp\/v2\/types\/post"}],"author":[{"embeddable":true,"href":"https:\/\/www.iceagetv.com\/radiosite\/wp-json\/wp\/v2\/users\/2"}],"replies":[{"embeddable":true,"href":"https:\/\/www.iceagetv.com\/radiosite\/wp-json\/wp\/v2\/comments?post=29223"}],"version-history":[{"count":1,"href":"https:\/\/www.iceagetv.com\/radiosite\/wp-json\/wp\/v2\/posts\/29223\/revisions"}],"predecessor-version":[{"id":29225,"href":"https:\/\/www.iceagetv.com\/radiosite\/wp-json\/wp\/v2\/posts\/29223\/revisions\/29225"}],"wp:featuredmedia":[{"embeddable":true,"href":"https:\/\/www.iceagetv.com\/radiosite\/wp-json\/wp\/v2\/media\/29224"}],"wp:attachment":[{"href":"https:\/\/www.iceagetv.com\/radiosite\/wp-json\/wp\/v2\/media?parent=29223"}],"wp:term":[{"taxonomy":"category","embeddable":true,"href":"https:\/\/www.iceagetv.com\/radiosite\/wp-json\/wp\/v2\/categories?post=29223"},{"taxonomy":"post_tag","embeddable":true,"href":"https:\/\/www.iceagetv.com\/radiosite\/wp-json\/wp\/v2\/tags?post=29223"}],"curies":[{"name":"wp","href":"https:\/\/api.w.org\/{rel}","templated":true}]}}