{"id":29237,"date":"2024-08-18T06:36:48","date_gmt":"2024-08-18T06:36:48","guid":{"rendered":"https:\/\/www.iceagetv.com\/radiosite\/?p=29237"},"modified":"2024-08-18T06:36:48","modified_gmt":"2024-08-18T06:36:48","slug":"la-star-du-cinema-francais-et-international-lacteur-alain-delon-est-decede-a-lage-de-88-ans-annoncent-ses-enfants-il-sest-eteint-sereinement-dans-sa-maison-de-douchy-entoure-de-ses-trois-e","status":"publish","type":"post","link":"https:\/\/www.iceagetv.com\/radiosite\/la-star-du-cinema-francais-et-international-lacteur-alain-delon-est-decede-a-lage-de-88-ans-annoncent-ses-enfants-il-sest-eteint-sereinement-dans-sa-maison-de-douchy-entoure-de-ses-trois-e\/","title":{"rendered":"La star du cin\u00e9ma Fran\u00e7ais et international, l&rsquo;acteur Alain Delon est d\u00e9c\u00e9d\u00e9 \u00e0 l&rsquo;\u00e2ge de 88 ans, annoncent ses enfants: \u00ab\u00a0Il s&rsquo;est \u00e9teint sereinement dans sa maison de Douchy, entour\u00e9 de ses trois enfants et des siens\u00a0\u00bb"},"content":{"rendered":"\n<p class=\"\">Un monstre sacr\u00e9 du cin\u00e9ma est mort, qui fascinait et divisait \u00e0 la fois: l\u2019acteur fran\u00e7ais Alain Delon s\u2019est \u00e9teint \u00e0 l\u2019\u00e2ge de 88 ans, ont annonc\u00e9 dimanche matin ses trois enfants dans un communiqu\u00e9 commun \u00e0 l\u2019AFP.<\/p>\n\n\n\n<p class=\"\">\u00ab Alain Fabien, Anouchka, Anthony, ainsi que (son chien) Loubo, ont l\u2019immense chagrin d\u2019annoncer le d\u00e9part de leur p\u00e8re. Il s\u2019est \u00e9teint sereinement dans sa maison de Douchy, entour\u00e9 de ses trois enfants et des siens \u00bb, affirment-ils d\u2019une m\u00eame voix dans le communiqu\u00e9.<\/p>\n\n\n\n<p class=\"\">\u00ab L\u2019acteur de \u00ab Plein soleil \u00bb&nbsp;et du&nbsp;\u00ab Samourai \u00bb&nbsp;s\u2019en est all\u00e9 rejoindre (la Vierge) Marie parmi ses \u00e9toiles si ch\u00e8res \u00e0 son coeur. Sa famille vous prie de bien vouloir respecter son intimit\u00e9, dans ce moment de deuil extr\u00eamement douloureux \u00bb, poursuivent les trois enfants. L\u2019acteur est d\u00e9c\u00e9d\u00e9&nbsp;\u00ab tr\u00e8s t\u00f4t au milieu de la nuit \u00bb, ont-ils pr\u00e9cis\u00e9.<\/p>\n\n\n\n<p class=\"\">Rarissime au cin\u00e9ma depuis la fin des ann\u00e9es 90, Alain Delon avait fait les gros titres \u00e0 l\u2019\u00e9t\u00e9 2023 quand ses trois enfants avaient port\u00e9 plainte contre sa dame de compagnie, Hiromi Rollin, parfois d\u00e9crite comme sa compagne, suspectant un abus de faiblesse. Ses trois enfants s\u2019\u00e9taient ensuite men\u00e9s une guerre fratricide par m\u00e9dias et justice interpos\u00e9s, se disputant sur l\u2019\u00e9tat de sant\u00e9 de la star, qui souffrait d\u2019un lymphome et avait fait un AVC en 2019.<\/p>\n\n\n\n<p class=\"\">En mai 2019, il \u00e9tait revenu go\u00fbter aux lumi\u00e8res du tapis rouge cannois pour recevoir une Palme d\u2019or d\u2019honneur, entre larmes et discours aux accents testamentaires:&nbsp;\u00ab C\u2019est un peu un hommage posthume, mais de mon vivant \u00bb, avait r\u00e9agi l\u2019acteur de&nbsp;\u00ab Plein soleil \u00bb&nbsp;(1960), film qui lui donna une aura internationale,&nbsp;\u00ab Rocco et ses fr\u00e8res \u00bb&nbsp;(1960) et&nbsp;\u00ab Le Gu\u00e9pard \u00bb&nbsp;(1963), ou&nbsp;\u00ab La piscine \u00bb&nbsp;(1969).<\/p>\n\n\n\n<p class=\"\"><strong>Biographie (source site&nbsp;<a href=\"http:\/\/www.allocine.fr\/personne\/fichepersonne-1920\/biographie\/\" target=\"_blank\" rel=\"noreferrer noopener\">Allocin\u00e9<\/a>)<\/strong><\/p>\n\n\n\n<p class=\"\">N\u00e9 le 8 novembre 1935, \u00e0 Sceaux, en banlieue parisienne, Alain Delon s&rsquo;engage \u00e0 17 ans dans la marine. De retour en France, il exerce divers petits m\u00e9tiers.<\/p>\n\n\n\n<p class=\"\">D\u00e9couvert par un \u00ab\u00a0talent-scout\u00a0\u00bb lors du festival de Cannes en 1957, il se rend \u00e0 Rome pour passer un essai. Il se voit alors proposer un contrat de sept ans aux Etats-Unis. Mais il refuse la proposition : Yves All\u00e9gret&nbsp;lui offre son premier r\u00f4le \u00e0 22 ans, dans \u00ab\u00a0Quand la femme s&rsquo;en m\u00eale\u00a0\u00bb.<br>Alain Delon acc\u00e8de au rang de star du cin\u00e9ma en 1960 avec \u00ab\u00a0Plein soleil\u00a0\u00bb,&nbsp; une adaptation du roman \u00ab\u00a0Monsieur Ripley\u00a0\u00bb. Il encha\u00eene l&rsquo;ann\u00e9e suivante avec \u00ab\u00a0Rocco et ses fr\u00e8res\u00a0\u00bb de&nbsp;Luchino Visconti, qui remporte le Prix Sp\u00e9cial du Jury au Festival de Venise. Le cin\u00e9aste italien le retrouve en 1963 pour \u00ab\u00a0Le Gu\u00e9pard\u00a0\u00bb. Dans les ann\u00e9es 1960, la carri\u00e8re de l&rsquo;acteur prend son envol et il ne cessera de tourner avec des r\u00e9alisateurs de renom.<br>En 1981, il s&rsquo;essaie pour la premi\u00e8re fois \u00e0 la r\u00e9alisation dans \u00ab\u00a0Pour la peau d&rsquo;un flic\u00a0\u00bb, mais retourne bien vite \u00e0 ses premi\u00e8res amours jusqu&rsquo;\u00e0 \u00eatre r\u00e9compens\u00e9 du C\u00e9sar du meilleur acteur en 1985 pour sa prestation dans \u00ab\u00a0Notre histoire\u00a0\u00bb. La m\u00eame ann\u00e9e, il revient au cin\u00e9ma d&rsquo;action dans \u00ab\u00a0Parole de flic\u00a0\u00bb.&nbsp; Dans les ann\u00e9es 1990, ses fans le retrouvent dans plusieurs films comme \u00ab\u00a0Dancing machine\u00a0\u00bb, \u00ab\u00a0Le Retour de Casanova\u00a0\u00bb, \u00ab\u00a0Le Jour et la nuit\u00a0\u00bb&#8230;<\/p>\n\n\n\n<p class=\"\">En 1999, Alain Delon annonce son retrait du milieu du cin\u00e9ma. Une d\u00e9cision qui est tr\u00e8s vite rompue quand il accepte d&rsquo;\u00eatre au casting de plusieurs long-m\u00e9trage comme \u00ab\u00a0Les Acteurs\u00a0\u00bb ou \u00ab\u00a0Ast\u00e9rix aux Jeux Olympiques\u00a0\u00bb, un film dans lequel il incarne Jules C\u00e9sar.<br>En mai 2019, lors de la 72\u00e8me \u00e9dition du Festival de Cannes, Alain Delon recevait une Palme d&rsquo;or d&rsquo;honneur pour l&rsquo;ensemble de sa carri\u00e8re malgr\u00e9 des protestations d&rsquo;associations f\u00e9ministes. \u00ab&nbsp;Il y a longtemps que je n\u2019ai pas autant chial\u00e9&nbsp;\u00bb, a avou\u00e9 l\u2019acteur de 83&nbsp;ans, le visage rougi, en recevant cette r\u00e9compense des mains de sa fille Anouchka, sous un tonnerre d\u2019applaudissements.<\/p>\n","protected":false},"excerpt":{"rendered":"<p>Un monstre sacr\u00e9 du cin\u00e9ma est mort, qui fascinait et divisait \u00e0 la fois: l\u2019acteur fran\u00e7ais Alain Delon s\u2019est \u00e9teint \u00e0 l\u2019\u00e2ge de 88 ans, ont annonc\u00e9 dimanche matin ses trois enfants dans un communiqu\u00e9 commun \u00e0 l\u2019AFP. \u00ab Alain Fabien, Anouchka, Anthony, ainsi que (son chien) Loubo, ont l\u2019immense chagrin d\u2019annoncer le d\u00e9part de [&hellip;]<\/p>\n","protected":false},"author":2,"featured_media":29238,"comment_status":"open","ping_status":"open","sticky":false,"template":"","format":"standard","meta":{"_jetpack_memberships_contains_paid_content":false,"footnotes":"","jetpack_publicize_message":"","jetpack_publicize_feature_enabled":true,"jetpack_social_post_already_shared":true,"jetpack_social_options":{"image_generator_settings":{"template":"highway","enabled":true,"token":"eyJpbWciOiJodHRwczpcL1wvd3d3LmljZWFnZXR2LmNvbVwvcmFkaW9zaXRlXC93cC1jb250ZW50XC91cGxvYWRzXC8yMDI0XC8wOFwvTGEtc3Rhci1kdS1jaW5lbWEtRnJhbmNhaXMtZXQtaW50ZXJuYXRpb25hbC1sYWN0ZXVyLUFsYWluLURlbG9uLmpwZyIsInR4dCI6IkxhIHN0YXIgZHUgY2luXHUwMGU5bWEgRnJhblx1MDBlN2FpcyBldCBpbnRlcm5hdGlvbmFsLCBsJiM4MjE3O2FjdGV1ciBBbGFpbiBEZWxvbiBlc3QgZFx1MDBlOWNcdTAwZTlkXHUwMGU5IFx1MDBlMCBsJiM4MjE3O1x1MDBlMmdlIGRlIDg4IGFucywgYW5ub25jZW50IHNlcyBlbmZhbnRzOiAmIzgyMjA7SWwgcyYjODIxNztlc3QgXHUwMGU5dGVpbnQgc2VyZWluZW1lbnQgZGFucyBzYSBtYWlzb24gZGUgRG91Y2h5LCBlbnRvdXJcdTAwZTkgZGUgc2VzIHRyb2lzIGVuZmFudHMgZXQgZGVzIHNpZW5zJiM4MjIxOyIsInRlbXBsYXRlIjoiaGlnaHdheSIsImJsb2dfaWQiOjExMTAxNjQ2MX0.uZg4qxdq965Awa9FVIP2y8gF81WN6SLsc0sg-t1GsokMQ"},"version":2},"_wpas_customize_per_network":false},"categories":[405],"tags":[],"class_list":["post-29237","post","type-post","status-publish","format-standard","has-post-thumbnail","hentry","category-actu-france-monde"],"jetpack_publicize_connections":[],"jetpack_featured_media_url":"https:\/\/i0.wp.com\/www.iceagetv.com\/radiosite\/wp-content\/uploads\/2024\/08\/La-star-du-cinema-Francais-et-international-lacteur-Alain-Delon.jpg?fit=679%2C293&ssl=1","jetpack_sharing_enabled":true,"_links":{"self":[{"href":"https:\/\/www.iceagetv.com\/radiosite\/wp-json\/wp\/v2\/posts\/29237","targetHints":{"allow":["GET"]}}],"collection":[{"href":"https:\/\/www.iceagetv.com\/radiosite\/wp-json\/wp\/v2\/posts"}],"about":[{"href":"https:\/\/www.iceagetv.com\/radiosite\/wp-json\/wp\/v2\/types\/post"}],"author":[{"embeddable":true,"href":"https:\/\/www.iceagetv.com\/radiosite\/wp-json\/wp\/v2\/users\/2"}],"replies":[{"embeddable":true,"href":"https:\/\/www.iceagetv.com\/radiosite\/wp-json\/wp\/v2\/comments?post=29237"}],"version-history":[{"count":1,"href":"https:\/\/www.iceagetv.com\/radiosite\/wp-json\/wp\/v2\/posts\/29237\/revisions"}],"predecessor-version":[{"id":29239,"href":"https:\/\/www.iceagetv.com\/radiosite\/wp-json\/wp\/v2\/posts\/29237\/revisions\/29239"}],"wp:featuredmedia":[{"embeddable":true,"href":"https:\/\/www.iceagetv.com\/radiosite\/wp-json\/wp\/v2\/media\/29238"}],"wp:attachment":[{"href":"https:\/\/www.iceagetv.com\/radiosite\/wp-json\/wp\/v2\/media?parent=29237"}],"wp:term":[{"taxonomy":"category","embeddable":true,"href":"https:\/\/www.iceagetv.com\/radiosite\/wp-json\/wp\/v2\/categories?post=29237"},{"taxonomy":"post_tag","embeddable":true,"href":"https:\/\/www.iceagetv.com\/radiosite\/wp-json\/wp\/v2\/tags?post=29237"}],"curies":[{"name":"wp","href":"https:\/\/api.w.org\/{rel}","templated":true}]}}