{"id":29241,"date":"2024-08-18T16:28:59","date_gmt":"2024-08-18T16:28:59","guid":{"rendered":"https:\/\/www.iceagetv.com\/radiosite\/?p=29241"},"modified":"2024-08-18T16:28:59","modified_gmt":"2024-08-18T16:28:59","slug":"deces-dalain-delon-les-chaines-continuent-a-annoncer-des-changements-de-programmes-toute-la-semaine-en-hommage-a-lacteur-avec-la-diffusion-de-films-mythiques-et-de-documentaires","status":"publish","type":"post","link":"https:\/\/www.iceagetv.com\/radiosite\/deces-dalain-delon-les-chaines-continuent-a-annoncer-des-changements-de-programmes-toute-la-semaine-en-hommage-a-lacteur-avec-la-diffusion-de-films-mythiques-et-de-documentaires\/","title":{"rendered":"D\u00e9c\u00e8s d\u2019Alain Delon: Les cha\u00eenes continuent \u00e0 annoncer des changements de programmes toute la semaine en hommage \u00e0 l\u2019acteur avec la diffusion de films mythiques et de documentaires"},"content":{"rendered":"\n<p class=\"\">L\u2019acteur fran\u00e7ais Alain Delon s\u2019est \u00e9teint \u00e0 l\u2019\u00e2ge de 88 ans, ont annonc\u00e9 ce matin ses trois enfants dans un communiqu\u00e9 commun \u00e0 l\u2019AFP. \u00ab Alain Fabien, Anouchka, Anthony, ainsi que (son chien) Loubo, ont l\u2019immense chagrin d\u2019annoncer le d\u00e9part de leur p\u00e8re. Il s\u2019est \u00e9teint sereinement dans sa maison de Douchy, entour\u00e9 de ses trois enfants et des siens \u00bb, affirment-ils d\u2019une m\u00eame voix dans le communiqu\u00e9.<\/p>\n\n\n\n<p class=\"\">A la suite de son d\u00e9c\u00e8s, les cha\u00eenes ont annonc\u00e9 rendre hommage au com\u00e9dien<\/p>\n\n\n\n<p class=\"\"><strong>&#8211; TF1<\/strong><\/p>\n\n\n\n<p class=\"\">Suite \u00e0 la disparition d\u2019Alain Delon, TF1 lui rend hommage en diffusant le documentaire \u00ab\u00a0Alain Delon, cet inconnu\u00a0\u00bb aujourd\u2019hui \u00e0 13h40.<\/p>\n\n\n\n<p class=\"\"><strong>&#8211; France T\u00e9l\u00e9visions<\/strong><\/p>\n\n\n\n<p class=\"\">France 2 bouleverse ses programmes pour diffuser dimanche soir deux films mythiques d&rsquo;Alain Delon, \u00ab\u00a0Le samoura\u00ef\u00a0\u00bb et \u00ab\u00a0La piscine\u00a0\u00bb, en hommage \u00e0 l&rsquo;acteur d\u00e9c\u00e9d\u00e9 dimanche \u00e0 l&rsquo;\u00e2ge de 88 ans, a annonc\u00e9 France T\u00e9l\u00e9visions.<\/p>\n\n\n\n<p class=\"\">\u00ab\u00a0France T\u00e9l\u00e9visions rend hommage \u00e0 Alain Delon, immense acteur, v\u00e9ritable monstre sacr\u00e9 \u00e0 la filmographie remarquable, riche de pr\u00e8s de 80 films, de nombreux chefs d&rsquo;oeuvre et succ\u00e8s populaires\u00a0\u00bb, a indiqu\u00e9 le groupe dans un communiqu\u00e9.<\/p>\n\n\n\n<p class=\"\">D\u00e8s 21H00 France 2 diffusera \u00ab\u00a0Le samoura\u00ef\u00a0\u00bb (1967), chef d&rsquo;oeuvre de Jean-Pierre Melville dans lequel Alain Delon incarne un tueur \u00e0 gages, puis programmera ensuite \u00e0 22h55 \u00ab\u00a0La piscine\u00a0\u00bb (1969), film incandescent qui scelle ses retrouvailles \u00e0 l&rsquo;\u00e9cran avec son ancienne compagne Romy Schneider.<\/p>\n\n\n\n<p class=\"\">Les autres antennes du groupe diffuseront \u00e9galement les grands films de Delon, \u00e0 commencer par \u00ab\u00a0Plein soleil\u00a0\u00bb (1960) sur France 3 lundi soir, long-m\u00e9trage de Ren\u00e9 Cl\u00e9ment qui a r\u00e9v\u00e9l\u00e9 l&rsquo;acteur au grand public, et \u00ab\u00a0Monsieur Klein\u00a0\u00bb (1976) de Joseph Losey, particuli\u00e8rement cher au coeur de l&rsquo;acteur qui en \u00e9tait \u00e9galement producteur, sur France 5 vendredi soir en premi\u00e8re partie de soir\u00e9e.<\/p>\n\n\n\n<p class=\"\"><strong>Aujourd&rsquo;hui, \u00e0 13h15, sur France 2<\/strong><\/p>\n\n\n\n<p class=\"\">Un jour, un destin&nbsp;&nbsp;:&nbsp;Alain Delon, la solitude d&rsquo;un fauve &#8211; Un film de&nbsp;Laurent Allen-Caron<\/p>\n\n\n\n<p class=\"\"><strong>Soir\u00e9e sp\u00e9ciale hommage sur France 2 ce soir d\u00e8s 21.05<\/strong><\/p>\n\n\n\n<p class=\"\">Le samoura\u00ef&nbsp; &#8211; Un film de&nbsp;Jean-Pierre Melville&nbsp;(1967) &#8211; Avec&nbsp;:&nbsp;Alain Delon, Fran\u00e7ois P\u00e9rier, Nathalie Delon<\/p>\n\n\n\n<p class=\"\">Suivi \u00e0&nbsp;22.55&nbsp;du film :&nbsp;La Piscine &#8211; Un film de&nbsp;Jacques Deray&nbsp;(1969) &#8211; Avec&nbsp;:&nbsp;Alain Delon, Romy Schneider, Maurice Ronet<\/p>\n\n\n\n<p class=\"\"><strong>Lundi 19 ao\u00fbt d\u00e8s 21.10 sur France 3&nbsp;<\/strong><\/p>\n\n\n\n<p class=\"\">Plein Soleil &#8211; Un film de&nbsp;Ren\u00e9 Cl\u00e9ment&nbsp;(1960) &#8211; Avec&nbsp;Alain Delon, Marie Lafor\u00eat, Maurice Ronet<\/p>\n\n\n\n<p class=\"\">Suivi \u00e0&nbsp;23.05&nbsp;de&nbsp;Un jour, un destin&nbsp;&nbsp;:&nbsp;Alain Delon, la solitude d&rsquo;un fauve<\/p>\n\n\n\n<p class=\"\"><strong>Vendredi 23 ao\u00fbt d\u00e8s 21.00 sur France 5&nbsp;<\/strong><\/p>\n\n\n\n<p class=\"\">Monsieur Klein &#8211; Un film de&nbsp;Joseph Losey&nbsp;(1976) &#8211; Avec :&nbsp;Alain Delon, Jeanne Moreau, Michael Lonsdale<\/p>\n","protected":false},"excerpt":{"rendered":"<p>L\u2019acteur fran\u00e7ais Alain Delon s\u2019est \u00e9teint \u00e0 l\u2019\u00e2ge de 88 ans, ont annonc\u00e9 ce matin ses trois enfants dans un communiqu\u00e9 commun \u00e0 l\u2019AFP. \u00ab Alain Fabien, Anouchka, Anthony, ainsi que (son chien) Loubo, ont l\u2019immense chagrin d\u2019annoncer le d\u00e9part de leur p\u00e8re. Il s\u2019est \u00e9teint sereinement dans sa maison de Douchy, entour\u00e9 de ses [&hellip;]<\/p>\n","protected":false},"author":2,"featured_media":29242,"comment_status":"open","ping_status":"open","sticky":false,"template":"","format":"standard","meta":{"_jetpack_memberships_contains_paid_content":false,"footnotes":"","jetpack_publicize_message":"","jetpack_publicize_feature_enabled":true,"jetpack_social_post_already_shared":true,"jetpack_social_options":{"image_generator_settings":{"template":"highway","enabled":true,"token":"eyJpbWciOiJodHRwczpcL1wvd3d3LmljZWFnZXR2LmNvbVwvcmFkaW9zaXRlXC93cC1jb250ZW50XC91cGxvYWRzXC8yMDI0XC8wOFwvRGVjZXMtZEFsYWluLURlbG9uLmpwZyIsInR4dCI6IkRcdTAwZTljXHUwMGU4cyBkXHUyMDE5QWxhaW4gRGVsb246IExlcyBjaGFcdTAwZWVuZXMgY29udGludWVudCBcdTAwZTAgYW5ub25jZXIgZGVzIGNoYW5nZW1lbnRzIGRlIHByb2dyYW1tZXMgdG91dGUgbGEgc2VtYWluZSBlbiBob21tYWdlIFx1MDBlMCBsXHUyMDE5YWN0ZXVyIGF2ZWMgbGEgZGlmZnVzaW9uIGRlIGZpbG1zIG15dGhpcXVlcyBldCBkZSBkb2N1bWVudGFpcmVzIiwidGVtcGxhdGUiOiJoaWdod2F5IiwiYmxvZ19pZCI6MTExMDE2NDYxfQ.Ts3Vm_gUoyPlRpaVESV9TbCJKdtXCI0Y5c5Z0qUoVaYMQ"},"version":2},"_wpas_customize_per_network":false},"categories":[405],"tags":[],"class_list":["post-29241","post","type-post","status-publish","format-standard","has-post-thumbnail","hentry","category-actu-france-monde"],"jetpack_publicize_connections":[],"jetpack_featured_media_url":"https:\/\/i0.wp.com\/www.iceagetv.com\/radiosite\/wp-content\/uploads\/2024\/08\/Deces-dAlain-Delon.jpg?fit=679%2C293&ssl=1","jetpack_sharing_enabled":true,"_links":{"self":[{"href":"https:\/\/www.iceagetv.com\/radiosite\/wp-json\/wp\/v2\/posts\/29241","targetHints":{"allow":["GET"]}}],"collection":[{"href":"https:\/\/www.iceagetv.com\/radiosite\/wp-json\/wp\/v2\/posts"}],"about":[{"href":"https:\/\/www.iceagetv.com\/radiosite\/wp-json\/wp\/v2\/types\/post"}],"author":[{"embeddable":true,"href":"https:\/\/www.iceagetv.com\/radiosite\/wp-json\/wp\/v2\/users\/2"}],"replies":[{"embeddable":true,"href":"https:\/\/www.iceagetv.com\/radiosite\/wp-json\/wp\/v2\/comments?post=29241"}],"version-history":[{"count":1,"href":"https:\/\/www.iceagetv.com\/radiosite\/wp-json\/wp\/v2\/posts\/29241\/revisions"}],"predecessor-version":[{"id":29243,"href":"https:\/\/www.iceagetv.com\/radiosite\/wp-json\/wp\/v2\/posts\/29241\/revisions\/29243"}],"wp:featuredmedia":[{"embeddable":true,"href":"https:\/\/www.iceagetv.com\/radiosite\/wp-json\/wp\/v2\/media\/29242"}],"wp:attachment":[{"href":"https:\/\/www.iceagetv.com\/radiosite\/wp-json\/wp\/v2\/media?parent=29241"}],"wp:term":[{"taxonomy":"category","embeddable":true,"href":"https:\/\/www.iceagetv.com\/radiosite\/wp-json\/wp\/v2\/categories?post=29241"},{"taxonomy":"post_tag","embeddable":true,"href":"https:\/\/www.iceagetv.com\/radiosite\/wp-json\/wp\/v2\/tags?post=29241"}],"curies":[{"name":"wp","href":"https:\/\/api.w.org\/{rel}","templated":true}]}}