{"id":2925,"date":"2015-09-22T07:41:10","date_gmt":"2015-09-22T07:41:10","guid":{"rendered":"http:\/\/www.iceagetv.com\/radiosite\/?p=2925"},"modified":"2015-09-22T07:41:10","modified_gmt":"2015-09-22T07:41:10","slug":"affaire-volkswagen-sapin-reclame-une-enquete-europeenne","status":"publish","type":"post","link":"https:\/\/www.iceagetv.com\/radiosite\/affaire-volkswagen-sapin-reclame-une-enquete-europeenne\/","title":{"rendered":"Affaire Volkswagen : Sapin r\u00e9clame une enqu\u00eate europ\u00e9enne"},"content":{"rendered":"<p>\n\tLe ministre des finances estime qu&rsquo;une enqu&ecirc;te au niveau europ&eacute;en est n&eacute;cessaire apr&egrave;s la scandale qui &eacute;clabousse le constructeur allemand aux Etats-Unis. Le ministre des affaires &eacute;trang&egrave;res allemand Frank-Walter Steinmeier s&rsquo;est dit &laquo;&thinsp;inquiet&thinsp;&raquo; par l&rsquo;affaire Volkswagen\n<\/p>\n<p>\n\t&laquo;&thinsp;Il faut une enqu&ecirc;te au niveau europ&eacute;en&thinsp;&raquo;, a expliqu&eacute; ce mardi sur Europe 1 le ministre des Finances, Michel Sapin, &agrave; propos du scandale qui &eacute;clabousse le constructeur allemand Volkswagen aux Etats-Unis. &laquo;&thinsp;Nous sommes sur un march&eacute; europ&eacute;en avec des r&egrave;gles europ&eacute;ennes&thinsp;&raquo;, a justifi&eacute; Michel Sapin\n<\/p>\n<p>\n\tInterrog&eacute; sur cette affaire et notamment sur le fait de savoir si une enqu&ecirc;te du m&ecirc;me type &agrave; l&rsquo;encontre des constructeurs fran&ccedil;ais devait &ecirc;tre envisag&eacute;e, le ministre ne l&rsquo;a pas &eacute;cart&eacute;. &laquo;&thinsp;Puisqu&rsquo;on le fait pour Volkswagen, il me para&icirc;t n&eacute;cessaire de le faire aussi pour les constructeurs fran&ccedil;ais, ne serait-ce que pour rassurer les uns et les autres. Mais je n&rsquo;ai pas de raison particuli&egrave;re de penser que les constructeurs fran&ccedil;ais se seraient conduits comme Volkswagen&thinsp;&raquo;, a encore ajout&eacute; le ministre des Finances.\n<\/p>\n<ul>\n<li>\n<figure itemid=\"\/medias\/2015\/09\/22\/1157949_affaire-volkswagen-sapin-reclame-une-enquete-europeenne-web-tete-021344410683_660x331p.jpg\" itemprop=\"associatedMedia\" itemscope=\"\" itemtype=\"http:\/\/schema.org\/ImageObject\"><figcaption itemprop=\"description\">\n<p>\n\t\t\t\t\t&laquo;&thinsp;Nous sommes sur un march&eacute; europ&eacute;en avec des r&egrave;gles europ&eacute;ennes&thinsp;&raquo;, explique Michel Sapin&nbsp;&#8211; Europe 1\n\t\t\t\t<\/p>\n<p>\n\t\t\t\t\t1&nbsp;\/ 1\n\t\t\t\t<\/p>\n<\/figcaption><\/figure>\n<\/li>\n<\/ul>\n<ul>\n<li>\n\t\t<a href=\"http:\/\/www.lesechos.fr\/industrie-services\/automobile\/021344410611-affaire-volkswagen-sapin-reclame-une-enquete-europeenne-1157949.php#\" tabindex=\"-1\">Pr&eacute;c&eacute;dent<\/a>\n\t<\/li>\n<li>\n\t\t<a href=\"http:\/\/www.lesechos.fr\/industrie-services\/automobile\/021344410611-affaire-volkswagen-sapin-reclame-une-enquete-europeenne-1157949.php#\" tabindex=\"-1\">Suivant<\/a>\n\t<\/li>\n<\/ul>\n<h2 itemprop=\"articleBody\">\n\t+VIDEO Le ministre des finances estime qu&rsquo;une enqu&ecirc;te au niveau europ&eacute;en est n&eacute;cessaire apr&egrave;s la scandale qui &eacute;clabousse le constructeur allemand aux Etats-Unis. Le ministre des affaires &eacute;trang&egrave;res allemand Frank-Walter Steinmeier s&rsquo;est dit &laquo;&thinsp;inquiet&thinsp;&raquo; par l&rsquo;affaire Volkswagen<br \/>\n<\/h2>\n<p itemprop=\"articleBody\">\n\t&laquo;&thinsp;Il faut une enqu&ecirc;te au niveau europ&eacute;en&thinsp;&raquo;, a expliqu&eacute; ce mardi sur Europe 1 le ministre des Finances, Michel Sapin, &agrave; propos du scandale qui &eacute;clabousse le constructeur allemand Volkswagen aux Etats-Unis. &laquo;&thinsp;Nous sommes sur un march&eacute; europ&eacute;en avec des r&egrave;gles europ&eacute;ennes&thinsp;&raquo;, a justifi&eacute; Michel Sapin\n<\/p>\n<p itemprop=\"articleBody\">\n\tInterrog&eacute; sur cette affaire et notamment sur le fait de savoir si une enqu&ecirc;te du m&ecirc;me type &agrave; l&rsquo;encontre des constructeurs fran&ccedil;ais devait &ecirc;tre envisag&eacute;e, le ministre ne l&rsquo;a pas &eacute;cart&eacute;. &laquo;&thinsp;Puisqu&rsquo;on le fait pour Volkswagen, il me para&icirc;t n&eacute;cessaire de le faire aussi pour les constructeurs fran&ccedil;ais, ne serait-ce que pour rassurer les uns et les autres. Mais je n&rsquo;ai pas de raison particuli&egrave;re de penser que les constructeurs fran&ccedil;ais se seraient conduits comme Volkswagen&thinsp;&raquo;, a encore ajout&eacute; le ministre des Finances.\n<\/p>\n<p><center><br \/>\n\t<iframe loading=\"lazy\" allowfullscreen=\"\" frameborder=\"0\" height=\"270\" src=\"http:\/\/www.dailymotion.com\/embed\/video\/x37hg94\" width=\"480\"><\/iframe><br \/>\n<\/center><\/p>\n<p itemprop=\"articleBody\">\n\tIl est important d&rsquo;agir &laquo;&thinsp;dans ce domaine-l&agrave; qui est tr&egrave;s important puisque c&rsquo;est la pollution de l&rsquo;air&thinsp;&raquo;, a-t-il not&eacute;. &laquo;&thinsp;On n&rsquo;est pas l&agrave; sur des petits sujets, ce n&rsquo;est pas une histoire de vitesse ou de qualit&eacute; du cuir, on est vraiment sur ce qu&rsquo;on fait pour &eacute;viter que les gens soient empoisonn&eacute;s par la pollution&thinsp;&raquo;, a soulign&eacute; Michel Sapin.\n<\/p>\n<p>\n\t&laquo;&thinsp;Des t&ecirc;tes vont tomber&thinsp;&raquo;, affirme un ministre allemand\n<\/p>\n<p itemprop=\"articleBody\">\n\t&laquo;&thinsp;Je suis s&ucirc;r que cela aura des cons&eacute;quences pour les personnes concern&eacute;es, cela ne fait m&ecirc;me aucun doute&thinsp;&raquo;, a d&eacute;clar&eacute; &agrave; la radio Deutschlandfunk Olaf Lies, ministre de l&rsquo;Economie du Land de la Basse-Saxe, qui si&egrave;ge au conseil de surveillance de Volkswagen.<br \/>\n\tIl a ajout&eacute; qu&rsquo;il faudrait d&rsquo;abord qu&rsquo;une enqu&ecirc;te approfondie identifie les personnes impliqu&eacute;es dans cette affaire.\n<\/p>\n<h3 itemprop=\"articleBody\">\n\tL&rsquo;inqui&eacute;tude du ministre allemand des affaires &eacute;trang&egrave;res<br \/>\n<\/h3>\n<p itemprop=\"articleBody\">\n\tDe son c&ocirc;t&eacute;, en d&eacute;placement a Colombo, Sri Lanka, le ministre des affaires &eacute;trang&egrave;res allemand Frank-Walter Steinmeier s&rsquo;est dit &laquo;&thinsp;inquiet&thinsp;&raquo; par l&rsquo;affaire Volkswagen. Il esp&egrave;re un &eacute;claircissement &laquo;&thinsp;le plus rapide possible&thinsp;&raquo;. A la fois sur l&rsquo;&eacute;tendue des donn&eacute;es qui ont &eacute;t&eacute; manipul&eacute;es, mais aussi sur la question de savoir &laquo;&thinsp;qui est responsable&thinsp;&raquo;.\n<\/p>\n<p itemprop=\"articleBody\">\n\t&laquo;&thinsp;C&rsquo;est et ce doit &ecirc;tre dans l&rsquo;int&eacute;r&ecirc;t de l&rsquo;entreprise. Dans un second temps, on devra discuter entre l&rsquo;entreprise et l&rsquo;administrations aux Etats-Unis de quelle mani&egrave;re on g&egrave;re la question&thinsp;&raquo;, a ajout&eacute; Frank-Walter Steinmeier. Poids lourd du gouvernement allemand, le politicien est originaire du Land de Basse-Saxe, actionnaire du constructeur allemand.\n<\/p>\n<h3 itemprop=\"articleBody\">\n\tSuspicions en Europe et en Asie<br \/>\n<\/h3>\n<p itemprop=\"articleBody\">\n\tDes d&eacute;clarations qui interviennent alors que depuis lundi, nombre d&rsquo;experts s&rsquo;interrogent sur l&rsquo;ampleur du scandales. Et se demandent&nbsp;<a href=\"http:\/\/www.lesechos.fr\/industrie-services\/automobile\/021342300139-affaire-volkswagen-leurope-nechappe-pas-a-la-suspicion-1157704.php\">si la tricherie mise en place par le constructeur allemand se limite au seul march&eacute; march&eacute; am&eacute;ricain<\/a>&nbsp;. Et n&rsquo;aurait pas touch&eacute; d&rsquo;autres pays en Europe mais aussi &agrave; travers le monde.\n<\/p>\n<p itemprop=\"articleBody\">\n\tD&rsquo;ores et d&eacute;j&agrave;&nbsp;<a href=\"http:\/\/www.lesechos.fr\/industrie-services\/automobile\/021344367157-affaire-volkswagen-la-coree-du-sud-va-enqueter-sur-trois-modeles-diesel-1157940.php\">la Cor&eacute;e du sud a annonc&eacute; qu&rsquo;elle allait mener l&rsquo;enqu&ecirc;te<\/a>&nbsp;sur plusieurs mod&egrave;les diesel de Volkswagen et Audi.\n<\/p>\n<p>\n\t&nbsp;<\/p>\n","protected":false},"excerpt":{"rendered":"<p>Le ministre des finances estime qu&rsquo;une enqu&ecirc;te au niveau europ&eacute;en est n&eacute;cessaire apr&egrave;s la scandale qui &eacute;clabousse le constructeur allemand aux Etats-Unis. Le ministre des affaires &eacute;trang&egrave;res allemand Frank-Walter Steinmeier s&rsquo;est dit &laquo;&thinsp;inquiet&thinsp;&raquo; par l&rsquo;affaire Volkswagen &laquo;&thinsp;Il faut une enqu&ecirc;te au niveau europ&eacute;en&thinsp;&raquo;, a expliqu&eacute; ce mardi sur Europe 1 le ministre des Finances, Michel [&hellip;]<\/p>\n","protected":false},"author":2,"featured_media":0,"comment_status":"open","ping_status":"open","sticky":false,"template":"","format":"standard","meta":{"_jetpack_memberships_contains_paid_content":false,"footnotes":"","jetpack_publicize_message":"","jetpack_publicize_feature_enabled":true,"jetpack_social_post_already_shared":false,"jetpack_social_options":{"image_generator_settings":{"template":"highway","default_image_id":0,"font":"","enabled":false},"version":2},"_wpas_customize_per_network":false},"categories":[405],"tags":[],"class_list":["post-2925","post","type-post","status-publish","format-standard","hentry","category-actu-france-monde"],"jetpack_publicize_connections":[],"jetpack_featured_media_url":"","jetpack_sharing_enabled":true,"_links":{"self":[{"href":"https:\/\/www.iceagetv.com\/radiosite\/wp-json\/wp\/v2\/posts\/2925","targetHints":{"allow":["GET"]}}],"collection":[{"href":"https:\/\/www.iceagetv.com\/radiosite\/wp-json\/wp\/v2\/posts"}],"about":[{"href":"https:\/\/www.iceagetv.com\/radiosite\/wp-json\/wp\/v2\/types\/post"}],"author":[{"embeddable":true,"href":"https:\/\/www.iceagetv.com\/radiosite\/wp-json\/wp\/v2\/users\/2"}],"replies":[{"embeddable":true,"href":"https:\/\/www.iceagetv.com\/radiosite\/wp-json\/wp\/v2\/comments?post=2925"}],"version-history":[{"count":1,"href":"https:\/\/www.iceagetv.com\/radiosite\/wp-json\/wp\/v2\/posts\/2925\/revisions"}],"predecessor-version":[{"id":2926,"href":"https:\/\/www.iceagetv.com\/radiosite\/wp-json\/wp\/v2\/posts\/2925\/revisions\/2926"}],"wp:attachment":[{"href":"https:\/\/www.iceagetv.com\/radiosite\/wp-json\/wp\/v2\/media?parent=2925"}],"wp:term":[{"taxonomy":"category","embeddable":true,"href":"https:\/\/www.iceagetv.com\/radiosite\/wp-json\/wp\/v2\/categories?post=2925"},{"taxonomy":"post_tag","embeddable":true,"href":"https:\/\/www.iceagetv.com\/radiosite\/wp-json\/wp\/v2\/tags?post=2925"}],"curies":[{"name":"wp","href":"https:\/\/api.w.org\/{rel}","templated":true}]}}