{"id":29254,"date":"2024-08-20T18:53:12","date_gmt":"2024-08-20T18:53:12","guid":{"rendered":"https:\/\/www.iceagetv.com\/radiosite\/?p=29254"},"modified":"2024-08-20T18:53:12","modified_gmt":"2024-08-20T18:53:12","slug":"loubo-le-berger-malinois-dalain-delon-ne-sera-pas-euthanasie-contrairement-a-ce-que-souhaitait-lacteur-a-son-deces-annonce-ce-soir-la-fondation-brigitte-bardot","status":"publish","type":"post","link":"https:\/\/www.iceagetv.com\/radiosite\/loubo-le-berger-malinois-dalain-delon-ne-sera-pas-euthanasie-contrairement-a-ce-que-souhaitait-lacteur-a-son-deces-annonce-ce-soir-la-fondation-brigitte-bardot\/","title":{"rendered":"Loubo, le berger malinois d&rsquo;Alain Delon, ne sera pas euthanasi\u00e9 contrairement \u00e0 ce que souhaitait l&rsquo;acteur \u00e0 son d\u00e9c\u00e8s\u00a0\u00bb, annonce ce soir la Fondation Brigitte Bardot"},"content":{"rendered":"\n<p class=\"\">Loubo, le berger malinois d&rsquo;Alain Delon, ne sera \u00abbien s\u00fbr pas euthanasi\u00e9\u00bb contrairement \u00e0 ce que souhaitait l&rsquo;acteur \u00e0 son d\u00e9c\u00e8s, annonce ce soir la Fondation Brigitte Bardot, citant les proches de la star. \u00abPas d&rsquo;inqui\u00e9tude pour Loubo ! Vous \u00eates nombreux \u00e0 nous avoir envoy\u00e9 des messages concernant l&rsquo;avenir de Loubo (&#8230;).<\/p>\n\n\n\n<p class=\"\">\u201cIl a sa maison et sa famille\u201d, nous ont confirm\u00e9s les proches d&rsquo;Alain Delon qui en prendront soin. Loubo ne sera bien s\u00fbr pas euthanasi\u00e9\u00bb, a post\u00e9 sur X la fondation pr\u00e9sid\u00e9e par Brigitte Bardot.<\/p>\n\n\n\n<p class=\"\">En 2018, Alain Delon avait \u00e9mis le souhait d&rsquo;\u00eatre inhum\u00e9 avec l&rsquo;animal. \u00abC&rsquo;est mon chien de fin de vie. Un berger belge que j&rsquo;aime comme un enfant. Si je meurs avant lui, je demanderai au v\u00e9t\u00e9rinaire qu&rsquo;on parte ensemble. Il le piquera afin qu&rsquo;il meure dans mes bras. Je pr\u00e9f\u00e8re \u00e7a plut\u00f4t que de savoir qu&rsquo;il se laissera mourir sur ma tombe avec tant de souffrances\u00bb, avait confi\u00e9 l&rsquo;acteur \u00e0 l&rsquo;hebdomadaire Paris Match.<\/p>\n\n\n\n<p class=\"\">\u00abAlain-Fabien, Anouchka, Anthony, ainsi que Loubo, ont l&rsquo;immense chagrin d&rsquo;annoncer le d\u00e9part de leur p\u00e8re\u00bb, pouvait-on lire dans le message transmis dimanche \u00e0 l&rsquo;AFP par les enfants de l&rsquo;acteur.<\/p>\n\n\n\n<p class=\"\">Ses deux fils sont sortis de leur silence, postant mardi des images sur les r\u00e9seaux sociaux. \u00abR.I.P Papa\u00bb, a \u00e9crit sur Instagram Anthony Delon, avec trois photos de l&rsquo;acteur, jeune.<\/p>\n\n\n\n<p class=\"\">Son plus jeune fils, Alain-Fabien, a lui photographi\u00e9 les bouquets de fleurs d\u00e9pos\u00e9s devant la demeure de Douchy, o\u00f9 la star du \u00abGu\u00e9pard\u00bb et de \u00abLa piscine\u00bb s&rsquo;est \u00e9teinte dimanche \u00e0 88 ans.<\/p>\n","protected":false},"excerpt":{"rendered":"<p>Loubo, le berger malinois d&rsquo;Alain Delon, ne sera \u00abbien s\u00fbr pas euthanasi\u00e9\u00bb contrairement \u00e0 ce que souhaitait l&rsquo;acteur \u00e0 son d\u00e9c\u00e8s, annonce ce soir la Fondation Brigitte Bardot, citant les proches de la star. \u00abPas d&rsquo;inqui\u00e9tude pour Loubo ! Vous \u00eates nombreux \u00e0 nous avoir envoy\u00e9 des messages concernant l&rsquo;avenir de Loubo (&#8230;). \u201cIl a [&hellip;]<\/p>\n","protected":false},"author":2,"featured_media":29255,"comment_status":"open","ping_status":"open","sticky":false,"template":"","format":"standard","meta":{"_jetpack_memberships_contains_paid_content":false,"footnotes":"","jetpack_publicize_message":"","jetpack_publicize_feature_enabled":true,"jetpack_social_post_already_shared":true,"jetpack_social_options":{"image_generator_settings":{"template":"highway","enabled":true,"token":"eyJpbWciOiJodHRwczpcL1wvd3d3LmljZWFnZXR2LmNvbVwvcmFkaW9zaXRlXC93cC1jb250ZW50XC91cGxvYWRzXC8yMDI0XC8wOFwvTG91Ym8uanBnIiwidHh0IjoiTG91Ym8sIGxlIGJlcmdlciBtYWxpbm9pcyBkJiM4MjE3O0FsYWluIERlbG9uLCBuZSBzZXJhIHBhcyBldXRoYW5hc2lcdTAwZTkgY29udHJhaXJlbWVudCBcdTAwZTAgY2UgcXVlIHNvdWhhaXRhaXQgbCYjODIxNzthY3RldXIgXHUwMGUwIHNvbiBkXHUwMGU5Y1x1MDBlOHMmIzgyMjE7LCBhbm5vbmNlIGNlIHNvaXIgbGEgRm9uZGF0aW9uIEJyaWdpdHRlIEJhcmRvdCIsInRlbXBsYXRlIjoiaGlnaHdheSIsImJsb2dfaWQiOjExMTAxNjQ2MX0.K0YlH-vUhJeuYRNDRd1GYC_myjDdVkl7ZfsOAuB6iLIMQ"},"version":2},"_wpas_customize_per_network":false},"categories":[405],"tags":[],"class_list":["post-29254","post","type-post","status-publish","format-standard","has-post-thumbnail","hentry","category-actu-france-monde"],"jetpack_publicize_connections":[],"jetpack_featured_media_url":"https:\/\/i0.wp.com\/www.iceagetv.com\/radiosite\/wp-content\/uploads\/2024\/08\/Loubo.jpg?fit=679%2C293&ssl=1","jetpack_sharing_enabled":true,"_links":{"self":[{"href":"https:\/\/www.iceagetv.com\/radiosite\/wp-json\/wp\/v2\/posts\/29254","targetHints":{"allow":["GET"]}}],"collection":[{"href":"https:\/\/www.iceagetv.com\/radiosite\/wp-json\/wp\/v2\/posts"}],"about":[{"href":"https:\/\/www.iceagetv.com\/radiosite\/wp-json\/wp\/v2\/types\/post"}],"author":[{"embeddable":true,"href":"https:\/\/www.iceagetv.com\/radiosite\/wp-json\/wp\/v2\/users\/2"}],"replies":[{"embeddable":true,"href":"https:\/\/www.iceagetv.com\/radiosite\/wp-json\/wp\/v2\/comments?post=29254"}],"version-history":[{"count":1,"href":"https:\/\/www.iceagetv.com\/radiosite\/wp-json\/wp\/v2\/posts\/29254\/revisions"}],"predecessor-version":[{"id":29256,"href":"https:\/\/www.iceagetv.com\/radiosite\/wp-json\/wp\/v2\/posts\/29254\/revisions\/29256"}],"wp:featuredmedia":[{"embeddable":true,"href":"https:\/\/www.iceagetv.com\/radiosite\/wp-json\/wp\/v2\/media\/29255"}],"wp:attachment":[{"href":"https:\/\/www.iceagetv.com\/radiosite\/wp-json\/wp\/v2\/media?parent=29254"}],"wp:term":[{"taxonomy":"category","embeddable":true,"href":"https:\/\/www.iceagetv.com\/radiosite\/wp-json\/wp\/v2\/categories?post=29254"},{"taxonomy":"post_tag","embeddable":true,"href":"https:\/\/www.iceagetv.com\/radiosite\/wp-json\/wp\/v2\/tags?post=29254"}],"curies":[{"name":"wp","href":"https:\/\/api.w.org\/{rel}","templated":true}]}}