{"id":29865,"date":"2024-08-22T06:32:49","date_gmt":"2024-08-22T06:32:49","guid":{"rendered":"https:\/\/www.iceagetv.com\/radiosite\/?p=29865"},"modified":"2024-08-22T06:32:49","modified_gmt":"2024-08-22T06:32:49","slug":"pres-de-50-000-personnes-sont-mortes-en-europe-a-cause-de-la-chaleur-en-2023-un-niveau-qui-setablit-dans-la-fourchette-haute-de-la-decennie-ecoulee-selon-une-etude-annuelle-sur-le-sujet","status":"publish","type":"post","link":"https:\/\/www.iceagetv.com\/radiosite\/pres-de-50-000-personnes-sont-mortes-en-europe-a-cause-de-la-chaleur-en-2023-un-niveau-qui-setablit-dans-la-fourchette-haute-de-la-decennie-ecoulee-selon-une-etude-annuelle-sur-le-sujet\/","title":{"rendered":"Pr\u00e8s de 50.000 personnes sont mortes en Europe \u00e0 cause de la chaleur en 2023, un niveau qui s\u2019\u00e9tablit dans la fourchette haute de la d\u00e9cennie \u00e9coul\u00e9e, selon une \u00e9tude annuelle sur le sujet"},"content":{"rendered":"\n<p class=\"\">Pr\u00e8s de 50.000 personnes sont mortes en Europe \u00e0 cause de la chaleur en 2023, un niveau qui s\u2019\u00e9tablit dans la fourchette haute de la d\u00e9cennie \u00e9coul\u00e9e, selon une \u00e9tude annuelle sur le sujet. \u00ab&nbsp;Nous estimons que 47.690 morts (&#8230;) ont \u00e9t\u00e9 li\u00e9es \u00e0 la chaleur en 2023, une mortalit\u00e9 qui s\u2019\u00e9tablit en deuxi\u00e8me position pour la p\u00e9riode 2015-2023 apr\u00e8s l\u2019ann\u00e9e 2022&nbsp;\u00bb, r\u00e9sume cette \u00e9tude publi\u00e9e dans la revue Nature Medicine.<\/p>\n\n\n\n<p class=\"\">R\u00e9alis\u00e9e chaque ann\u00e9e par les \u00e9quipes de l\u2019Institut de Barcelone pour la Sant\u00e9 Globale (ISGlobal), ce travail avait conclu l\u2019an dernier que la chaleur avait \u00e9t\u00e9 particuli\u00e8rement meurtri\u00e8re en 2022 avec plus de 60.000 d\u00e9c\u00e8s en Europe. La pr\u00e9cision de ces chiffres doit toutefois \u00eatre relativis\u00e9e. Pour 2023, les chercheurs estiment que le nombre de morts est tr\u00e8s probablement compris entre pr\u00e8s de 30.000 et un peu plus de 65.000.<\/p>\n\n\n\n<p class=\"\">Il faut surtout en retenir que la chaleur a continu\u00e9 \u00e0 faire beaucoup de morts &#8211; principalement chez les plus \u00e2g\u00e9s &#8211; en 2023, dont l\u2019\u00e9t\u00e9 avait \u00e9t\u00e9 le deuxi\u00e8me plus chaud jamais enregistr\u00e9 en Europe. Ces \u00e9pisodes de forte chaleur, dont la fr\u00e9quence est exacerb\u00e9e par le r\u00e9chauffement climatique, ont logiquement surtout plomb\u00e9 le taux de mortalit\u00e9 des pays du sud de l\u2019Europe (Gr\u00e8ce, Italie&#8230;) mais ont aussi affect\u00e9 des r\u00e9gions plus inhabituelles comme les pays baltes.<\/p>\n\n\n\n<p class=\"\">En France, l\u2019\u00e9tude attribue environ 3.500 morts \u00e0 la chaleur, soit un peu moins que le bilan donn\u00e9 par l\u2019agence Sant\u00e9 publique France voici quelques mois. L\u2019\u00e9tude, qui compile des donn\u00e9es sur 35 pays, estime par ailleurs, que les morts auraient \u00e9t\u00e9 encore plus nombreuses sans mesure ad\u00e9quate de la part des Etats pour r\u00e9pondre \u00e0 la chaleur.<\/p>\n","protected":false},"excerpt":{"rendered":"<p>Pr\u00e8s de 50.000 personnes sont mortes en Europe \u00e0 cause de la chaleur en 2023, un niveau qui s\u2019\u00e9tablit dans la fourchette haute de la d\u00e9cennie \u00e9coul\u00e9e, selon une \u00e9tude annuelle sur le sujet. \u00ab&nbsp;Nous estimons que 47.690 morts (&#8230;) ont \u00e9t\u00e9 li\u00e9es \u00e0 la chaleur en 2023, une mortalit\u00e9 qui s\u2019\u00e9tablit en deuxi\u00e8me position [&hellip;]<\/p>\n","protected":false},"author":2,"featured_media":29866,"comment_status":"open","ping_status":"open","sticky":false,"template":"","format":"standard","meta":{"_jetpack_memberships_contains_paid_content":false,"footnotes":"","jetpack_publicize_message":"","jetpack_publicize_feature_enabled":true,"jetpack_social_post_already_shared":true,"jetpack_social_options":{"image_generator_settings":{"template":"highway","enabled":true,"token":"eyJpbWciOiJodHRwczpcL1wvd3d3LmljZWFnZXR2LmNvbVwvcmFkaW9zaXRlXC93cC1jb250ZW50XC91cGxvYWRzXC8yMDI0XC8wOFwvUHJlcy1kZS01MC4wMDAtcGVyc29ubmVzLXNvbnQtbW9ydGVzLWVuLUV1cm9wZS1hLWNhdXNlLWRlLWxhLWNoYWxldXItZW4tMjAyMy5qcGciLCJ0eHQiOiJQclx1MDBlOHMgZGUgNTAuMDAwIHBlcnNvbm5lcyBzb250IG1vcnRlcyBlbiBFdXJvcGUgXHUwMGUwIGNhdXNlIGRlIGxhIGNoYWxldXIgZW4gMjAyMywgdW4gbml2ZWF1IHF1aSBzXHUyMDE5XHUwMGU5dGFibGl0IGRhbnMgbGEgZm91cmNoZXR0ZSBoYXV0ZSBkZSBsYSBkXHUwMGU5Y2VubmllIFx1MDBlOWNvdWxcdTAwZTllLCBzZWxvbiB1bmUgXHUwMGU5dHVkZSBhbm51ZWxsZSBzdXIgbGUgc3VqZXQiLCJ0ZW1wbGF0ZSI6ImhpZ2h3YXkiLCJibG9nX2lkIjoxMTEwMTY0NjF9.h64fzUCliQX_pbvSFuz6qlQvCRdydx74sSIMxmSu9eoMQ"},"version":2},"_wpas_customize_per_network":false},"categories":[405],"tags":[],"class_list":["post-29865","post","type-post","status-publish","format-standard","has-post-thumbnail","hentry","category-actu-france-monde"],"jetpack_publicize_connections":[],"jetpack_featured_media_url":"https:\/\/i0.wp.com\/www.iceagetv.com\/radiosite\/wp-content\/uploads\/2024\/08\/Pres-de-50.000-personnes-sont-mortes-en-Europe-a-cause-de-la-chaleur-en-2023.jpg?fit=679%2C293&ssl=1","jetpack_sharing_enabled":true,"_links":{"self":[{"href":"https:\/\/www.iceagetv.com\/radiosite\/wp-json\/wp\/v2\/posts\/29865","targetHints":{"allow":["GET"]}}],"collection":[{"href":"https:\/\/www.iceagetv.com\/radiosite\/wp-json\/wp\/v2\/posts"}],"about":[{"href":"https:\/\/www.iceagetv.com\/radiosite\/wp-json\/wp\/v2\/types\/post"}],"author":[{"embeddable":true,"href":"https:\/\/www.iceagetv.com\/radiosite\/wp-json\/wp\/v2\/users\/2"}],"replies":[{"embeddable":true,"href":"https:\/\/www.iceagetv.com\/radiosite\/wp-json\/wp\/v2\/comments?post=29865"}],"version-history":[{"count":1,"href":"https:\/\/www.iceagetv.com\/radiosite\/wp-json\/wp\/v2\/posts\/29865\/revisions"}],"predecessor-version":[{"id":29867,"href":"https:\/\/www.iceagetv.com\/radiosite\/wp-json\/wp\/v2\/posts\/29865\/revisions\/29867"}],"wp:featuredmedia":[{"embeddable":true,"href":"https:\/\/www.iceagetv.com\/radiosite\/wp-json\/wp\/v2\/media\/29866"}],"wp:attachment":[{"href":"https:\/\/www.iceagetv.com\/radiosite\/wp-json\/wp\/v2\/media?parent=29865"}],"wp:term":[{"taxonomy":"category","embeddable":true,"href":"https:\/\/www.iceagetv.com\/radiosite\/wp-json\/wp\/v2\/categories?post=29865"},{"taxonomy":"post_tag","embeddable":true,"href":"https:\/\/www.iceagetv.com\/radiosite\/wp-json\/wp\/v2\/tags?post=29865"}],"curies":[{"name":"wp","href":"https:\/\/api.w.org\/{rel}","templated":true}]}}