{"id":29874,"date":"2024-08-22T14:46:29","date_gmt":"2024-08-22T14:46:29","guid":{"rendered":"https:\/\/www.iceagetv.com\/radiosite\/?p=29874"},"modified":"2024-08-22T14:46:34","modified_gmt":"2024-08-22T14:46:34","slug":"le-parquet-de-paris-a-requis-un-proces-devant-la-cour-criminelle-a-lencontre-de-gerard-depardieu-pour-viols-et-agressions-sexuelles-sur-la-comedienne-charlotte-arnould-qui-laccuse-de-2-viols-en-20","status":"publish","type":"post","link":"https:\/\/www.iceagetv.com\/radiosite\/le-parquet-de-paris-a-requis-un-proces-devant-la-cour-criminelle-a-lencontre-de-gerard-depardieu-pour-viols-et-agressions-sexuelles-sur-la-comedienne-charlotte-arnould-qui-laccuse-de-2-viols-en-20\/","title":{"rendered":"Le parquet de Paris a requis un proc\u00e8s devant la cour criminelle \u00e0 l&rsquo;encontre de G\u00e9rard Depardieu pour viols et agressions sexuelles sur la com\u00e9dienne Charlotte Arnould qui l&rsquo;accuse de 2 viols en 2018"},"content":{"rendered":"\n<p class=\"\">Le parquet de Paris a requis le 14 ao\u00fbt un proc\u00e8s devant la cour criminelle d\u00e9partementale \u00e0 l&rsquo;encontre de G\u00e9rard Depardieu pour viols et agressions sexuelles sur la com\u00e9dienne Charlotte Arnould, a-t-on appris jeudi de source proche du dossier et du parquet, confirmant une information de BFMTV. Le g\u00e9ant du cin\u00e9ma fran\u00e7ais, \u00e2g\u00e9 de 75 ans, avait \u00e9t\u00e9 mis en examen le 16 d\u00e9cembre 2020 apr\u00e8s une plainte de la com\u00e9dienne qui l&rsquo;accuse de deux viols commis les 7 et 13 ao\u00fbt 2018 au domicile parisien de l&rsquo;acteur.<\/p>\n\n\n\n<p class=\"\">\u00ab Le parquet de Paris, par r\u00e9quisitoire d\u00e9finitif du 14 ao\u00fbt 2024, a requis le renvoi de G\u00e9rard Depardieu devant la cour criminelle d\u00e9partementale pour \u00eatre jug\u00e9 de viols par p\u00e9n\u00e9tration digitale et agressions sexuelles les 7 et 13 ao\u00fbt 2018 au pr\u00e9judice de Charlotte Arnould, n\u00e9e en novembre 1995. Il appartient d\u00e9sormais au juge d\u2019instruction de d\u00e9cider de l\u2019orientation \u00e0 donner \u00e0 la proc\u00e9dure \u00bb, indique le parquet dans un communiqu\u00e9.<\/p>\n\n\n\n<p class=\"\">G\u00e9rard Depardieu avait \u00e9t\u00e9 mis en examen le 16 d\u00e9cembre 2020 pour \u00ab viols \u00bb et \u00ab agressions sexuelles \u00bb apr\u00e8s la plainte de Charlotte Arnould, qui avait d\u00e9nonc\u00e9 fin ao\u00fbt 2018 deux viols au domicile parisien de la star.<\/p>\n\n\n\n<p class=\"\">Dans un premier temps confi\u00e9e au parquet d\u2019Aix-en-Provence, le parquet de Paris avait repris la main sur ce dossier et confi\u00e9 l\u2019enqu\u00eate au 3\u00e8me district de police judiciaire.<\/p>\n\n\n\n<p class=\"\">La proc\u00e9dure avait \u00e9t\u00e9 class\u00e9e en juin 2019. Charlotte Arnould avait alors, le 10 mars 2020, d\u00e9pos\u00e9 plainte en se constituant partie civile aupr\u00e8s du juge d\u2019instruction de Paris. Une d\u00e9marche qui avait d\u00e9bouch\u00e9 sur l\u2019ouverture d\u2019une information judiciaire et la mise en examen de G\u00e9rard Depardieu.<\/p>\n","protected":false},"excerpt":{"rendered":"<p>Le parquet de Paris a requis le 14 ao\u00fbt un proc\u00e8s devant la cour criminelle d\u00e9partementale \u00e0 l&rsquo;encontre de G\u00e9rard Depardieu pour viols et agressions sexuelles sur la com\u00e9dienne Charlotte Arnould, a-t-on appris jeudi de source proche du dossier et du parquet, confirmant une information de BFMTV. Le g\u00e9ant du cin\u00e9ma fran\u00e7ais, \u00e2g\u00e9 de 75 [&hellip;]<\/p>\n","protected":false},"author":2,"featured_media":29875,"comment_status":"open","ping_status":"open","sticky":false,"template":"","format":"standard","meta":{"_jetpack_memberships_contains_paid_content":false,"footnotes":"","jetpack_publicize_message":"","jetpack_publicize_feature_enabled":true,"jetpack_social_post_already_shared":true,"jetpack_social_options":{"image_generator_settings":{"template":"highway","enabled":true,"token":"eyJpbWciOiJodHRwczpcL1wvd3d3LmljZWFnZXR2LmNvbVwvcmFkaW9zaXRlXC93cC1jb250ZW50XC91cGxvYWRzXC8yMDI0XC8wOFwvTGUtcGFycXVldC1kZS1QYXJpcy1hLXJlcXVpcy11bi1wcm9jZXMtZGV2YW50LWxhLWNvdXItY3JpbWluZWxsZS1hLWxlbmNvbnRyZS1kZS1HZXJhcmQtRGVwYXJkaWV1LmpwZyIsInR4dCI6IkxlIHBhcnF1ZXQgZGUgUGFyaXMgYSByZXF1aXMgdW4gcHJvY1x1MDBlOHMgZGV2YW50IGxhIGNvdXIgY3JpbWluZWxsZSBcdTAwZTAgbCYjODIxNztlbmNvbnRyZSBkZSBHXHUwMGU5cmFyZCBEZXBhcmRpZXUgcG91ciB2aW9scyBldCBhZ3Jlc3Npb25zIHNleHVlbGxlcyBzdXIgbGEgY29tXHUwMGU5ZGllbm5lIENoYXJsb3R0ZSBBcm5vdWxkIHF1aSBsJiM4MjE3O2FjY3VzZSBkZSAyIHZpb2xzIGVuIDIwMTgiLCJ0ZW1wbGF0ZSI6ImhpZ2h3YXkiLCJibG9nX2lkIjoxMTEwMTY0NjF9.xXNJiFC00pR2OIGfUb6IJ6drEJSPbeAaJ7WqCrw5xBIMQ"},"version":2},"_wpas_customize_per_network":false},"categories":[405],"tags":[],"class_list":["post-29874","post","type-post","status-publish","format-standard","has-post-thumbnail","hentry","category-actu-france-monde"],"jetpack_publicize_connections":[],"jetpack_featured_media_url":"https:\/\/i0.wp.com\/www.iceagetv.com\/radiosite\/wp-content\/uploads\/2024\/08\/Le-parquet-de-Paris-a-requis-un-proces-devant-la-cour-criminelle-a-lencontre-de-Gerard-Depardieu.jpg?fit=679%2C293&ssl=1","jetpack_sharing_enabled":true,"_links":{"self":[{"href":"https:\/\/www.iceagetv.com\/radiosite\/wp-json\/wp\/v2\/posts\/29874","targetHints":{"allow":["GET"]}}],"collection":[{"href":"https:\/\/www.iceagetv.com\/radiosite\/wp-json\/wp\/v2\/posts"}],"about":[{"href":"https:\/\/www.iceagetv.com\/radiosite\/wp-json\/wp\/v2\/types\/post"}],"author":[{"embeddable":true,"href":"https:\/\/www.iceagetv.com\/radiosite\/wp-json\/wp\/v2\/users\/2"}],"replies":[{"embeddable":true,"href":"https:\/\/www.iceagetv.com\/radiosite\/wp-json\/wp\/v2\/comments?post=29874"}],"version-history":[{"count":1,"href":"https:\/\/www.iceagetv.com\/radiosite\/wp-json\/wp\/v2\/posts\/29874\/revisions"}],"predecessor-version":[{"id":29876,"href":"https:\/\/www.iceagetv.com\/radiosite\/wp-json\/wp\/v2\/posts\/29874\/revisions\/29876"}],"wp:featuredmedia":[{"embeddable":true,"href":"https:\/\/www.iceagetv.com\/radiosite\/wp-json\/wp\/v2\/media\/29875"}],"wp:attachment":[{"href":"https:\/\/www.iceagetv.com\/radiosite\/wp-json\/wp\/v2\/media?parent=29874"}],"wp:term":[{"taxonomy":"category","embeddable":true,"href":"https:\/\/www.iceagetv.com\/radiosite\/wp-json\/wp\/v2\/categories?post=29874"},{"taxonomy":"post_tag","embeddable":true,"href":"https:\/\/www.iceagetv.com\/radiosite\/wp-json\/wp\/v2\/tags?post=29874"}],"curies":[{"name":"wp","href":"https:\/\/api.w.org\/{rel}","templated":true}]}}