{"id":29881,"date":"2024-08-23T09:13:12","date_gmt":"2024-08-23T09:13:12","guid":{"rendered":"https:\/\/www.iceagetv.com\/radiosite\/?p=29881"},"modified":"2024-08-23T09:13:17","modified_gmt":"2024-08-23T09:13:17","slug":"stephane-plaza-hausse-le-ton-contre-mediapart-et-annonce-porter-plainte-contre-la-journaliste-en-charge-de-lenquete-sur-son-affaire-pour-diffamation-publique-harcelement-et-diffusion-dun-enregi","status":"publish","type":"post","link":"https:\/\/www.iceagetv.com\/radiosite\/stephane-plaza-hausse-le-ton-contre-mediapart-et-annonce-porter-plainte-contre-la-journaliste-en-charge-de-lenquete-sur-son-affaire-pour-diffamation-publique-harcelement-et-diffusion-dun-enregi\/","title":{"rendered":"St\u00e9phane Plaza hausse le ton contre M\u00e9diapart et annonce porter plainte contre la journaliste en charge de l&rsquo;enqu\u00eate sur son affaire pour \u00ab\u00a0diffamation publique, harc\u00e8lement et diffusion d&rsquo;un enregistrement \u00e0 caract\u00e8re priv\u00e9\u00a0\u00bb"},"content":{"rendered":"\n<p class=\"\">St\u00e9phane Plaza et ses avocats haussent le ton contre M\u00e9diapart et la journaliste Sarah Brethes qui est charg\u00e9e de l&rsquo;enqu\u00eate sur l&rsquo;animateur vedette d&rsquo;M6 au sein du m\u00e9dia. Dans un communiqu\u00e9 publi\u00e9 aujourd&rsquo;hui, on d\u00e9couvre en effet que l&rsquo;animateur a d\u00e9cid\u00e9 de porter plainte contre la journaliste pour \u00ab\u00a0diffamation publique\u00a0\u00bb, \u00ab\u00a0harc\u00e8lement\u00a0\u00bb et \u00ab\u00a0diffusion d&rsquo;un enregistrement \u00e0 caract\u00e8re priv\u00e9\u00a0\u00bb.<\/p>\n\n\n\n<p class=\"\">Dans le communiqu\u00e9, les avocats de St\u00e9phane Plaza d\u00e9noncent en effet \u00ab\u00a0un acharnement constant depuis plus d&rsquo;un an \u00e0 l&rsquo;\u00e9gard de St\u00e9phane Plaza depuis pr\u00e8s d&rsquo;un an\u00a0\u00bb.<\/p>\n\n\n\n<p class=\"\">Ce long communiqu\u00e9 de 2 pages, revient \u00e9galement sur les diff\u00e9rents \u00e9l\u00e9ments qui ont \u00e9t\u00e9 diffus\u00e9s par M\u00e9diapart depuis plusieurs semaines.<\/p>\n\n\n\n<p class=\"\">A noter que&nbsp;<strong>selon nos informations exclusives,<\/strong>&nbsp;la remise en cause du contrat qui lie St\u00e9phane Plaza et M6 n&rsquo;est pas remis en cause \u00e0 ce jour contrairement \u00e0 ce qui a pu \u00eatre indiqu\u00e9, puisque le contrat entre les deux parties est valable jusqu&rsquo;en 2028. Quand \u00e0 RTL, aucun contrat ne lie la station et St\u00e9phane Plaza qui ne participait que de fa\u00e7on ponctuelle \u00e0 l&rsquo;\u00e9mission de Laurent Ruquier \u00ab\u00a0Les Grosses T\u00eate\u00a0\u00bb.<\/p>\n\n\n\n<p class=\"\">.<\/p>\n\n\n\n<p class=\"\"><strong>Voici l&rsquo;essentiel du communiqu\u00e9 publi\u00e9 aujourd&rsquo;hui par les avocats de St\u00e9phane Plaza&nbsp; :<\/strong><\/p>\n\n\n\n<p class=\"\">.<\/p>\n\n\n\n<p class=\"\"><em>\u00ab\u00a0Par le pr\u00e9sent communiqu\u00e9 de presse, \u00ab\u00a0les avocats de St\u00e9phane Plaza\u00a0\u00bb, entendent d\u00e9noncer les agissements ill\u00e9gaux de Madame Sarah BRETHES, journaliste pour MEDIAPART, portant gravement atteinte \u00e0 la pr\u00e9somption d&rsquo;innocence et aux droits de la d\u00e9fense de Monsieur St\u00e9phane PLAZA, lui causant ainsi des pr\u00e9judices consid\u00e9rables irr\u00e9versibles.<\/em><\/p>\n\n\n\n<p class=\"\"><em>En effet, Madame BRETHES n&rsquo;a eu de cesse de relayer et d&rsquo;appuyer les fausses accusations de femmes se liguant contre lui pour le punir de ses infid\u00e9lit\u00e9s.<\/em><\/p>\n\n\n\n<p class=\"\"><em>Ainsi, elle n&rsquo;a pas h\u00e9sit\u00e9 \u00e0 marteler que Monsieur PLAZA reconnaissait les faits qui lui \u00e9taient reproch\u00e9s, alors qu&rsquo;il les a toujours fermement ni\u00e9s, et s&rsquo;est bien gard\u00e9e de r\u00e9v\u00e9ler notamment que :<\/em><\/p>\n\n\n\n<ol class=\"wp-block-list\">\n<li class=\"\"><em>\u00ab Jade \u00bb, dont Monsieur PLAZA a accidentellement tordu les doigts, lui a express\u00e9ment indiqu\u00e9 d\u00e8s le lendemain qu&rsquo;elle pensait qu&rsquo;il n&rsquo;avait pas l&rsquo;intention de lui faire mal et n&rsquo;a d&rsquo;ailleurs pas contest\u00e9 le message aux termes duquel il lui rappelait quelques jours plus tard qu&rsquo;il l&rsquo;avait juste \u00e9cart\u00e9e parce qu&rsquo;elle avait voulu l&#8217;emp\u00eacher de partir.<\/em><\/li>\n\n\n\n<li class=\"\"><em>\u00ab Eva\u00bb qui pr\u00e9tend aujourd&rsquo;hui que Monsieur PLAZA aurait \u00e9t\u00e9 \u00e0 l&rsquo;origine de son augmentation mammaire a express\u00e9ment reconnu que l&rsquo;id\u00e9e venait d&rsquo;elle et qu&rsquo;il n&rsquo;aurait pas d\u00fb la laisser faire cette op\u00e9ration.<\/em><\/li>\n<\/ol>\n\n\n\n<p class=\"\"><em>La m\u00eame \u00ab Eva \u00bb qui traite le p\u00e8re de sa fille de \u00ab connard de p\u00e8re \u00bb et ne se plaint d&rsquo;aucune violence de Monsieur PLAZA, plus de 8 mois apr\u00e8s leur rencontre, lorsqu&rsquo;elle \u00e9crit \u00e0 ce dernier que sa fille voudrait un p\u00e8re comme lui.<\/em><\/p>\n\n\n\n<p class=\"\"><em>\u00ab Julia \u00bb n&rsquo;a pas d\u00e9pos\u00e9 plainte parce qu&rsquo;elle a express\u00e9ment reconnu qu&rsquo;elle n&rsquo;avait subi ni violences physiques, ni violences psychologiques, de sorte qu&rsquo;on peut se demander pourquoi Madame BRETHES en parle &#8230;<\/em><\/p>\n\n\n\n<p class=\"\"><em>De la m\u00eame mani\u00e8re, cette derni\u00e8re n&rsquo;h\u00e9site pas \u00e0 diffuser un extrait de l&rsquo;audio enregistr\u00e9 par \u00ab Eva \u00bb \u00e0 l&rsquo;insu de Monsieur PLAZA, coupant sciemment la partie o\u00f9 elle rit et crie \u00e9galement pour emb\u00eater les voisins qui se plaignent du bruit.<\/em><\/p>\n\n\n\n<p class=\"\"><em>En r\u00e9alit\u00e9, Madame Sarah BRETHES tente encore de manipuler l&rsquo;opinion publique en donnant, quelques jours seulement avant le proc\u00e8s, des informations, sorties de leur contexte, extrapol\u00e9es, dont elle fait une interpr\u00e9tation personnelle, au m\u00e9pris m\u00eame des r\u00e8gles l\u00e9gales et des r\u00e8gles d\u00e9ontologiques de sa profession.<\/em><\/p>\n\n\n\n<p class=\"\"><em>Elle ne cache pas son seul et unique but de faire de l&rsquo;affaire PLAZA un exemple dans son combat pour la d\u00e9fense des violences faites aux femmes, quand bien m\u00eame l&rsquo;accus\u00e9 ne serait pas coupable !<\/em><\/p>\n\n\n\n<p class=\"\"><em>Si son combat est juste et justifi\u00e9, elle s&rsquo;est pourtant tromp\u00e9e de cible car Monsieur PLAZA n&rsquo;est pas violent et entend bien r\u00e9tablir la v\u00e9rit\u00e9 lors de son proc\u00e8s.<\/em><\/p>\n\n\n\n<p class=\"\"><em>A toutes fins, nous pr\u00e9cisons que des plaintes visant Madame BRETHES sont en cours (&#8230;).\u00a0\u00bb<\/em><\/p>\n","protected":false},"excerpt":{"rendered":"<p>St\u00e9phane Plaza et ses avocats haussent le ton contre M\u00e9diapart et la journaliste Sarah Brethes qui est charg\u00e9e de l&rsquo;enqu\u00eate sur l&rsquo;animateur vedette d&rsquo;M6 au sein du m\u00e9dia. Dans un communiqu\u00e9 publi\u00e9 aujourd&rsquo;hui, on d\u00e9couvre en effet que l&rsquo;animateur a d\u00e9cid\u00e9 de porter plainte contre la journaliste pour \u00ab\u00a0diffamation publique\u00a0\u00bb, \u00ab\u00a0harc\u00e8lement\u00a0\u00bb et \u00ab\u00a0diffusion d&rsquo;un enregistrement [&hellip;]<\/p>\n","protected":false},"author":2,"featured_media":29882,"comment_status":"open","ping_status":"open","sticky":false,"template":"","format":"standard","meta":{"_jetpack_memberships_contains_paid_content":false,"footnotes":"","jetpack_publicize_message":"","jetpack_publicize_feature_enabled":true,"jetpack_social_post_already_shared":true,"jetpack_social_options":{"image_generator_settings":{"template":"highway","enabled":true,"token":"eyJpbWciOiJodHRwczpcL1wvd3d3LmljZWFnZXR2LmNvbVwvcmFkaW9zaXRlXC93cC1jb250ZW50XC91cGxvYWRzXC8yMDI0XC8wOFwvU3RlcGhhbmUtUGxhemEtaGF1c3NlLWxlLXRvbi1jb250cmUtTWVkaWFwYXJ0LmpwZyIsInR4dCI6IlN0XHUwMGU5cGhhbmUgUGxhemEgaGF1c3NlIGxlIHRvbiBjb250cmUgTVx1MDBlOWRpYXBhcnQgZXQgYW5ub25jZSBwb3J0ZXIgcGxhaW50ZSBjb250cmUgbGEgam91cm5hbGlzdGUgZW4gY2hhcmdlIGRlIGwmIzgyMTc7ZW5xdVx1MDBlYXRlIHN1ciBzb24gYWZmYWlyZSBwb3VyICYjODIyMDtkaWZmYW1hdGlvbiBwdWJsaXF1ZSwgaGFyY1x1MDBlOGxlbWVudCBldCBkaWZmdXNpb24gZCYjODIxNzt1biBlbnJlZ2lzdHJlbWVudCBcdTAwZTAgY2FyYWN0XHUwMGU4cmUgcHJpdlx1MDBlOSYjODIyMTsiLCJ0ZW1wbGF0ZSI6ImhpZ2h3YXkiLCJibG9nX2lkIjoxMTEwMTY0NjF9.xav5w5jeIGoHd-mLrDsa0QUTBHRzqB-UC6zlXDu-0e8MQ"},"version":2},"_wpas_customize_per_network":false},"categories":[405],"tags":[],"class_list":["post-29881","post","type-post","status-publish","format-standard","has-post-thumbnail","hentry","category-actu-france-monde"],"jetpack_publicize_connections":[],"jetpack_featured_media_url":"https:\/\/i0.wp.com\/www.iceagetv.com\/radiosite\/wp-content\/uploads\/2024\/08\/Stephane-Plaza-hausse-le-ton-contre-Mediapart.jpg?fit=679%2C293&ssl=1","jetpack_sharing_enabled":true,"_links":{"self":[{"href":"https:\/\/www.iceagetv.com\/radiosite\/wp-json\/wp\/v2\/posts\/29881","targetHints":{"allow":["GET"]}}],"collection":[{"href":"https:\/\/www.iceagetv.com\/radiosite\/wp-json\/wp\/v2\/posts"}],"about":[{"href":"https:\/\/www.iceagetv.com\/radiosite\/wp-json\/wp\/v2\/types\/post"}],"author":[{"embeddable":true,"href":"https:\/\/www.iceagetv.com\/radiosite\/wp-json\/wp\/v2\/users\/2"}],"replies":[{"embeddable":true,"href":"https:\/\/www.iceagetv.com\/radiosite\/wp-json\/wp\/v2\/comments?post=29881"}],"version-history":[{"count":1,"href":"https:\/\/www.iceagetv.com\/radiosite\/wp-json\/wp\/v2\/posts\/29881\/revisions"}],"predecessor-version":[{"id":29883,"href":"https:\/\/www.iceagetv.com\/radiosite\/wp-json\/wp\/v2\/posts\/29881\/revisions\/29883"}],"wp:featuredmedia":[{"embeddable":true,"href":"https:\/\/www.iceagetv.com\/radiosite\/wp-json\/wp\/v2\/media\/29882"}],"wp:attachment":[{"href":"https:\/\/www.iceagetv.com\/radiosite\/wp-json\/wp\/v2\/media?parent=29881"}],"wp:term":[{"taxonomy":"category","embeddable":true,"href":"https:\/\/www.iceagetv.com\/radiosite\/wp-json\/wp\/v2\/categories?post=29881"},{"taxonomy":"post_tag","embeddable":true,"href":"https:\/\/www.iceagetv.com\/radiosite\/wp-json\/wp\/v2\/tags?post=29881"}],"curies":[{"name":"wp","href":"https:\/\/api.w.org\/{rel}","templated":true}]}}