{"id":29898,"date":"2024-08-23T15:04:08","date_gmt":"2024-08-23T15:04:08","guid":{"rendered":"https:\/\/www.iceagetv.com\/radiosite\/?p=29898"},"modified":"2024-08-23T15:04:12","modified_gmt":"2024-08-23T15:04:12","slug":"dans-une-lettre-gabriel-attal-affirme-souhaiter-un-premier-ministre-qui-ne-viendrait-pas-du-bloc-central-et-un-gouvernement-allant-de-la-gauche-a-la-droite-republicaine","status":"publish","type":"post","link":"https:\/\/www.iceagetv.com\/radiosite\/dans-une-lettre-gabriel-attal-affirme-souhaiter-un-premier-ministre-qui-ne-viendrait-pas-du-bloc-central-et-un-gouvernement-allant-de-la-gauche-a-la-droite-republicaine\/","title":{"rendered":"Dans une lettre, Gabriel Attal affirme souhaiter un Premier ministre qui ne viendrait pas du \u00ab\u00a0bloc central\u00a0\u00bb et un gouvernement allant \u00ab\u00a0de la gauche \u00e0 la droite r\u00e9publicaine\u00a0\u00bb"},"content":{"rendered":"\n<p class=\"\">Dans une lettre adress\u00e9e&nbsp;aux d\u00e9put\u00e9s de son groupe parlementaire apr\u00e8s une r\u00e9union \u00e0 l&rsquo;Elys\u00e9e,&nbsp;Gabriel Attal&nbsp;affirme souhaiter la nomination d&rsquo;un Premier ministre \u00ab\u00a0ne venant pas des partis du bloc central\u00a0\u00bb, rapporte LCI.<\/p>\n\n\n\n<p class=\"\">\u00ab\u00a0J&rsquo;ai d\u00e9fendu la nomination d\u2019un nouveau Premier ministre ne venant pas des partis du bloc central, avec un gouvernement repr\u00e9sentant un large spectre de sensibilit\u00e9s de la gauche \u00e0 la droite r\u00e9publicaines, qui permettrait probablement d\u2019avancer dans l\u2019int\u00e9r\u00eat des fran\u00e7ais\u00a0\u00bb, a-t-il notamment \u00e9crit.<\/p>\n\n\n\n<p class=\"\">Gabriel Attal a \u00e9galement mentionn\u00e9 sa proposition d&rsquo;un \u00ab\u00a0pacte d\u2019action pour les Fran\u00e7ais\u00a0\u00bb.<\/p>\n","protected":false},"excerpt":{"rendered":"<p>Dans une lettre adress\u00e9e&nbsp;aux d\u00e9put\u00e9s de son groupe parlementaire apr\u00e8s une r\u00e9union \u00e0 l&rsquo;Elys\u00e9e,&nbsp;Gabriel Attal&nbsp;affirme souhaiter la nomination d&rsquo;un Premier ministre \u00ab\u00a0ne venant pas des partis du bloc central\u00a0\u00bb, rapporte LCI. \u00ab\u00a0J&rsquo;ai d\u00e9fendu la nomination d\u2019un nouveau Premier ministre ne venant pas des partis du bloc central, avec un gouvernement repr\u00e9sentant un large spectre de [&hellip;]<\/p>\n","protected":false},"author":2,"featured_media":29899,"comment_status":"open","ping_status":"open","sticky":false,"template":"","format":"standard","meta":{"_jetpack_memberships_contains_paid_content":false,"footnotes":"","jetpack_publicize_message":"","jetpack_publicize_feature_enabled":true,"jetpack_social_post_already_shared":true,"jetpack_social_options":{"image_generator_settings":{"template":"highway","enabled":true,"token":"eyJpbWciOiJodHRwczpcL1wvd3d3LmljZWFnZXR2LmNvbVwvcmFkaW9zaXRlXC93cC1jb250ZW50XC91cGxvYWRzXC8yMDI0XC8wOFwvRGFucy11bmUtbGV0dHJlLUdhYnJpZWwtQXR0YWwuanBnIiwidHh0IjoiRGFucyB1bmUgbGV0dHJlLCBHYWJyaWVsIEF0dGFsIGFmZmlybWUgc291aGFpdGVyIHVuIFByZW1pZXIgbWluaXN0cmUgcXVpIG5lIHZpZW5kcmFpdCBwYXMgZHUgJiM4MjIwO2Jsb2MgY2VudHJhbCYjODIyMTsgZXQgdW4gZ291dmVybmVtZW50IGFsbGFudCAmIzgyMjA7ZGUgbGEgZ2F1Y2hlIFx1MDBlMCBsYSBkcm9pdGUgclx1MDBlOXB1YmxpY2FpbmUmIzgyMjE7IiwidGVtcGxhdGUiOiJoaWdod2F5IiwiYmxvZ19pZCI6MTExMDE2NDYxfQ.oLIDlJMqI2fRrgZkfR1hj2MS5VGhtkXGzizgbNQKS0IMQ"},"version":2},"_wpas_customize_per_network":false},"categories":[405],"tags":[],"class_list":["post-29898","post","type-post","status-publish","format-standard","has-post-thumbnail","hentry","category-actu-france-monde"],"jetpack_publicize_connections":[],"jetpack_featured_media_url":"https:\/\/i0.wp.com\/www.iceagetv.com\/radiosite\/wp-content\/uploads\/2024\/08\/Dans-une-lettre-Gabriel-Attal.jpg?fit=679%2C293&ssl=1","jetpack_sharing_enabled":true,"_links":{"self":[{"href":"https:\/\/www.iceagetv.com\/radiosite\/wp-json\/wp\/v2\/posts\/29898","targetHints":{"allow":["GET"]}}],"collection":[{"href":"https:\/\/www.iceagetv.com\/radiosite\/wp-json\/wp\/v2\/posts"}],"about":[{"href":"https:\/\/www.iceagetv.com\/radiosite\/wp-json\/wp\/v2\/types\/post"}],"author":[{"embeddable":true,"href":"https:\/\/www.iceagetv.com\/radiosite\/wp-json\/wp\/v2\/users\/2"}],"replies":[{"embeddable":true,"href":"https:\/\/www.iceagetv.com\/radiosite\/wp-json\/wp\/v2\/comments?post=29898"}],"version-history":[{"count":1,"href":"https:\/\/www.iceagetv.com\/radiosite\/wp-json\/wp\/v2\/posts\/29898\/revisions"}],"predecessor-version":[{"id":29900,"href":"https:\/\/www.iceagetv.com\/radiosite\/wp-json\/wp\/v2\/posts\/29898\/revisions\/29900"}],"wp:featuredmedia":[{"embeddable":true,"href":"https:\/\/www.iceagetv.com\/radiosite\/wp-json\/wp\/v2\/media\/29899"}],"wp:attachment":[{"href":"https:\/\/www.iceagetv.com\/radiosite\/wp-json\/wp\/v2\/media?parent=29898"}],"wp:term":[{"taxonomy":"category","embeddable":true,"href":"https:\/\/www.iceagetv.com\/radiosite\/wp-json\/wp\/v2\/categories?post=29898"},{"taxonomy":"post_tag","embeddable":true,"href":"https:\/\/www.iceagetv.com\/radiosite\/wp-json\/wp\/v2\/tags?post=29898"}],"curies":[{"name":"wp","href":"https:\/\/api.w.org\/{rel}","templated":true}]}}