{"id":29908,"date":"2024-08-25T12:43:43","date_gmt":"2024-08-25T12:43:43","guid":{"rendered":"https:\/\/www.iceagetv.com\/radiosite\/?p=29908"},"modified":"2024-08-25T12:43:58","modified_gmt":"2024-08-25T12:43:58","slug":"guerre-au-proche-orient-cinq-questions-sur-lattaque-denvergure-du-hezbollah-libanais-quisrael-affirme-avoir-dejouee-en-partie","status":"publish","type":"post","link":"https:\/\/www.iceagetv.com\/radiosite\/guerre-au-proche-orient-cinq-questions-sur-lattaque-denvergure-du-hezbollah-libanais-quisrael-affirme-avoir-dejouee-en-partie\/","title":{"rendered":"Guerre au Proche-Orient : cinq questions sur l&rsquo;attaque d&rsquo;envergure du Hezbollah libanais qu&rsquo;Isra\u00ebl affirme avoir d\u00e9jou\u00e9e en partie"},"content":{"rendered":"\n<p class=\"\">Une attaque \u00e9clair. En quelques heures, le Hezbollah libanais a lanc\u00e9, dimanche 25\u00a0ao\u00fbt,\u00a0<a href=\"https:\/\/www.francetvinfo.fr\/monde\/proche-orient\/israel-palestine\/guerre-au-proche-orient-le-hezbollah-libanais-a-lance-une-attaque-de-grande-echelle-contre-israel-la-premiere-phase-terminee_6742927.html\">des centaines de drones et roquettes contre des objectifs militaires en Isra\u00ebl<\/a>. De son c\u00f4t\u00e9, l&rsquo;arm\u00e9e isra\u00e9lienne affirme avoir men\u00e9 des frappes pr\u00e9ventives au Liban pour emp\u00eacher une\u00a0<em>\u00ab\u00a0attaque d&rsquo;envergure\u00a0\u00bb<\/em>. Si le mouvement islamiste chiite\u00a0a annonc\u00e9 que son attaque \u00e9tait\u00a0<em>\u00ab\u00a0termin\u00e9e\u00a0\u00bb<\/em>\u00a0pour la journ\u00e9e de dimanche et avait atteint ses objectifs, l&rsquo;\u00e9tat d&rsquo;urgence a \u00e9t\u00e9 \u00e9tendu \u00e0 l&rsquo;ensemble du territoire d&rsquo;Isra\u00ebl et les Etats-Unis se sont dits\u00a0<em>\u00ab\u00a0pr\u00eats \u00e0 soutenir\u00a0\u00bb<\/em>\u00a0leur alli\u00e9.<\/p>\n\n\n\n<h2 class=\"wp-block-heading\">En quoi a consist\u00e9 cette attaque lanc\u00e9e depuis le sol libanais&nbsp;?<\/h2>\n\n\n\n<p class=\"\">Dans un communiqu\u00e9 \u00e9mis depuis Beyrouth, au Liban, le Hezbollah a annonc\u00e9 un peu avant 6 heures du matin (5 heures locales) avoir lanc\u00e9<em>&nbsp;\u00ab\u00a0une attaque a\u00e9rienne \u00e0 l&rsquo;aide d&rsquo;un grand nombre de drones\u00a0\u00bb&nbsp;<\/em>sur le territoire isra\u00e9lien<strong>&nbsp;<\/strong>et notamment contre une&nbsp;<em>\u00ab\u00a0importante cible militaire\u00a0\u00bb<\/em>&nbsp;qu&rsquo;il n&rsquo;a pas identifi\u00e9e.&nbsp;Le puissant parti pro-iranien a ajout\u00e9 avoir tir\u00e9&nbsp;<em>\u00ab\u00a0plus de 320\u00a0\u00bb<\/em>&nbsp;roquettes Katioucha sur 11&nbsp;bases militaires en Isra\u00ebl et sur le plateau du Golan syrien, occup\u00e9 par Isra\u00ebl.&nbsp;De son c\u00f4t\u00e9, l&rsquo;arm\u00e9e isra\u00e9lienne&nbsp;<a href=\"https:\/\/x.com\/Tsahal_IDF\/status\/1827546934032130178\" target=\"_blank\" rel=\"noreferrer noopener\">a affirm\u00e9 sur X<\/a>&nbsp;que le Hezbollah avait tir\u00e9&nbsp;<em>\u00ab\u00a0plus de 150 projectiles depuis le Liban vers Isra\u00ebl\u00a0\u00bb<\/em>.&nbsp;<\/p>\n\n\n\n<p class=\"\">L&rsquo;attaque visait les&nbsp;<em>\u00ab\u00a0casernes et positions isra\u00e9liennes afin de faciliter le passage des drones d&rsquo;attaques\u00a0\u00bb&nbsp;<\/em>vers le territoire isra\u00e9lien&nbsp;<em>\u00ab\u00a0en profondeur\u00a0\u00bb<\/em>, explique le Hezbollah, qui exerce une influence pr\u00e9pond\u00e9rante au Liban. Le Hezbollah a ensuite affirm\u00e9 que son attaque \u00e9tait&nbsp;<em>\u00ab\u00a0termin\u00e9e\u00a0\u00bb<\/em>&nbsp;pour dimanche et qu&rsquo;elle s&rsquo;\u00e9tait&nbsp;<em>\u00ab\u00a0achev\u00e9e avec succ\u00e8s\u00a0\u00bb<\/em>. Son chef,&nbsp;Hassan Nasrallah,&nbsp;va s&rsquo;exprimer \u00e0 17&nbsp;heures&nbsp;sur&nbsp;<em>\u00ab\u00a0les derniers d\u00e9veloppements\u00a0\u00bb&nbsp;<\/em>de cette attaque.<\/p>\n\n\n\n<h2 class=\"wp-block-heading\">Quelle a \u00e9t\u00e9 la man\u0153uvre d&rsquo;Isra\u00ebl pour la d\u00e9jouer ?<\/h2>\n\n\n\n<p class=\"\">Un peu avant 5&nbsp;heures du matin<em>&nbsp;<\/em>(4&nbsp;heures en France hexagonale), l&rsquo;arm\u00e9e isra\u00e9lienne avait annonc\u00e9 avoir lanc\u00e9 des frappes pr\u00e9ventives au Liban pour d\u00e9jouer<em>&nbsp;\u00ab\u00a0des attaques de grande envergure\u00a0\u00bb&nbsp;<\/em>apr\u00e8s avoir observ\u00e9 des<em>&nbsp;\u00ab\u00a0pr\u00e9paratifs du Hezbollah\u00a0\u00bb \u00ab\u00a0contre le territoire isra\u00e9lien\u00a0\u00bb<\/em>.&nbsp;<em>\u00ab\u00a0Toute personne se trouvant \u00e0 proximit\u00e9 de zones o\u00f9 le Hezbollah op\u00e8re doit quitter imm\u00e9diatement les lieux pour se prot\u00e9ger et prot\u00e9ger sa famille\u00a0\u00bb<\/em>, avait-elle exhort\u00e9. Les vols du matin \u00e0 Tel-Aviv ont \u00e9t\u00e9 imm\u00e9diatement retard\u00e9s ou d\u00e9rout\u00e9s.<\/p>\n\n\n\n<p class=\"\">Pendant cette op\u00e9ration,\u00a0<em>\u00ab\u00a0une centaine d&rsquo;avions ont frapp\u00e9 des milliers de rampes de lancement de roquettes point\u00e9es vers le nord d&rsquo;Isra\u00ebl dans 40\u00a0zones de tir dans le sud du Liban\u00a0\u00bb<\/em>, a d\u00e9taill\u00e9 un porte-parole militaire, le lieutenant-colonel Nadav Shoshani. Selon ce dernier, les tirs du Hezbollah faisaient partie d&rsquo;une\u00a0<em>\u00ab\u00a0attaque planifi\u00e9e comme plus importante et nous avons pu en d\u00e9jouer une bonne partie ce matin\u00a0\u00bb.<\/em><\/p>\n\n\n\n<p class=\"\"><em>\u00ab\u00a0Nous sommes toujours en train d&rsquo;\u00e9valuer les d\u00e9g\u00e2ts provoqu\u00e9s par l&rsquo;attaque&nbsp;<\/em>[et]<em>&nbsp;il y a encore des incendies<\/em>, a ajout\u00e9 cette m\u00eame source.&nbsp;<em>Mais je peux vous dire que les d\u00e9g\u00e2ts sont mineurs\u00a0\u00bb&nbsp;<\/em>du c\u00f4t\u00e9 isra\u00e9lien.&nbsp;<\/p>\n\n\n\n<p class=\"\">Le Hezbollah a de son c\u00f4t\u00e9 d\u00e9menti ces \u00ab\u00a0<em>all\u00e9gations\u00a0\u00bb<\/em>. Selon la cha\u00eene de t\u00e9l\u00e9vision Al-Manar du mouvement chiite, les raids isra\u00e9liens ont vis\u00e9 les for\u00eats de Kounin Rashf, al-Tayri, Beit Yahoun, al-Khardali, Zawtar, Iqlim al-Tuffah et al-Rayhan dans le sud du Liban. Le minist\u00e8re de la Sant\u00e9 libanais a fait \u00e9tat&nbsp;d&rsquo;au moins trois morts.<\/p>\n\n\n\n<h2 class=\"wp-block-heading\">Dans quel contexte s&rsquo;inscrit cette offensive du Hezbollah&nbsp;?<\/h2>\n\n\n\n<p class=\"\">Depuis des semaines, la communaut\u00e9 internationale dit craindre une escalade militaire r\u00e9gionale entre l&rsquo;Iran et ses alli\u00e9s d&rsquo;une part et Isra\u00ebl de l&rsquo;autre, \u00e0 l&rsquo;heure o\u00f9 la guerre perdure \u00e0 Gaza. Le lendemain de l&rsquo;attaque du Hamas, le 7\u00a0octobre, en Isra\u00ebl, le Hezbollah avait aussi ouvert un front contre Isra\u00ebl. Depuis, la fronti\u00e8re entre les deux pays\u00a0<a href=\"https:\/\/www.francetvinfo.fr\/monde\/proche-orient\/conflit-au-proche-orient-apres-des-mois-de-tensions-pourquoi-l-armee-israelienne-envisage-t-elle-une-offensive-au-liban_6613365.html\">est prise dans un engrenage de violences<\/a>.<\/p>\n\n\n\n<p class=\"\">Des dizaines de milliers de personnes&nbsp;<a href=\"https:\/\/www.francetvinfo.fr\/monde\/proche-orient\/israel-palestine\/guerre-israel-hamas-s-il-n-y-a-pas-le-choix-alors-il-faudra-faire-la-guerre-regrettent-les-habitants-d-un-kibboutz-a-la-frontiere-avec-le-liban_6332473.html\">ont \u00e9t\u00e9 d\u00e9plac\u00e9es dans une zone<\/a>&nbsp;vid\u00e9e de la majorit\u00e9 de ses habitants. Isra\u00ebl veut leur permettre de rentrer chez eux et, s&rsquo;il le faut, d\u00e9clarer la guerre \u00e0 la milice chiite.<em>&nbsp;<\/em>Le Premier ministre isra\u00e9lien Benyamin N\u00e9tanyahou a ainsi jur\u00e9 dimanche matin de&nbsp;<em>\u00ab\u00a0tout faire\u00a0\u00bb&nbsp;<\/em>pour la&nbsp;<em>\u00ab\u00a0s\u00e9curit\u00e9\u00a0\u00bb<\/em>&nbsp;des habitants du nord du pays et&nbsp;annonc\u00e9 une r\u00e9union du cabinet de s\u00e9curit\u00e9. Son ministre de la D\u00e9fense, Yoav Gallant, a d\u00e9cr\u00e9t\u00e9 l&rsquo;\u00e9tat d&rsquo;urgence sur le territoire d&rsquo;Isra\u00ebl pour 48&nbsp;heures se disant&nbsp;<em>\u00ab\u00a0convaincu qu&rsquo;il existe une forte probabilit\u00e9 qu&rsquo;une attaque soit men\u00e9e contre la population civile \u00e9galement dans les autres zones du pays\u00a0\u00bb<\/em>.<\/p>\n\n\n\n<p class=\"\">Cette offensive du Hezbollah, arm\u00e9 et financ\u00e9 par l&rsquo;Iran, ennemi jur\u00e9 d&rsquo;Isra\u00ebl, survient par ailleurs un mois apr\u00e8s&nbsp;<a href=\"https:\/\/www.francetvinfo.fr\/monde\/proche-orient\/israel-palestine\/ce-que-l-on-sait-de-la-frappe-israelienne-qui-a-vise-le-chef-militaire-du-hezbollah-fouad-chokr-a-beyrouth_6698178.html\">la mort d&rsquo;un de ses chefs militaires Fouad Chokr<\/a>, tu\u00e9 le 30&nbsp;juillet dans une frappe isra\u00e9lienne sur la banlieue sud de Beyrouth.<strong>&nbsp;<\/strong><em>\u00ab\u00a0C&rsquo;est une r\u00e9ponse presque pavlovienne et attendue \u00e0 cet assassinat\u00a0\u00bb<\/em>, analyse pour franceinfo S\u00e9bastien Boussois, docteur en sciences politiques, chercheur sp\u00e9cialiste du Moyen-Orient.&nbsp;Le Hezbollah ainsi que l&rsquo;Iran et le Hamas palestinien avaient aussi menac\u00e9 de r\u00e9pondre \u00e0&nbsp;<a href=\"https:\/\/www.francetvinfo.fr\/monde\/proche-orient\/israel-palestine\/ismail-haniyeh-tue-a-teheran-ce-que-l-on-sait-de-la-mort-du-chef-du-hamas-dans-une-frappe-attribuee-a-israel_6697917.html\">l&rsquo;assassinat imput\u00e9 \u00e0 Isra\u00ebl de l&rsquo;ex-chef du Hamas, Isma\u00efl Haniyeh<\/a>, \u00e0 T\u00e9h\u00e9ran le 31&nbsp;juillet.<\/p>\n\n\n\n<h2 class=\"wp-block-heading\">Comment r\u00e9agit la communaut\u00e9 internationale&nbsp;?<\/h2>\n\n\n\n<p class=\"\">Les Etats-Unis, principal soutien d&rsquo;Isra\u00ebl, se sont dits&nbsp;<em>\u00ab\u00a0pr\u00eats \u00e0 soutenir\u00a0\u00bb<\/em>&nbsp;la d\u00e9fense de l&rsquo;Etat h\u00e9breu.&nbsp;<em>\u00ab\u00a0Nous continuons \u00e0 suivre de pr\u00e8s la situation et nous avons \u00e9t\u00e9 tr\u00e8s clairs sur le fait que les Etats-Unis sont pr\u00eats \u00e0 soutenir la d\u00e9fense d&rsquo;Isra\u00ebl\u00a0\u00bb<\/em>, a d\u00e9clar\u00e9 un porte-parole du Pentagone dans un communiqu\u00e9.<\/p>\n\n\n\n<p class=\"\">La coordinatrice de l&rsquo;ONU au Liban et les Casques bleus qui y sont d\u00e9ploy\u00e9s, ainsi que le Premier ministre libanais, ont quant \u00e0 eux appel\u00e9 \u00e0 la d\u00e9sescalade. Ils ont soulign\u00e9 la n\u00e9cessit\u00e9 d&rsquo;un&nbsp;<em>\u00ab\u00a0retour \u00e0 la cessation des hostilit\u00e9s, suivi de la mise en \u0153uvre de la r\u00e9solution 1701\u00a0\u00bb<\/em>&nbsp;de l&rsquo;ONU, qui avait act\u00e9 la fin de la guerre entre Isra\u00ebl et le Hezbollah en 2006.<\/p>\n\n\n\n<p class=\"\">C&rsquo;est dans ce contexte explosif que les n\u00e9gociateurs au Caire devaient, en principe, poursuivre dimanche leurs discussions pour tenter d&rsquo;obtenir un accord sur une tr\u00eave dans la bande de Gaza. Cette derni\u00e8re session de discussions en date a \u00e9t\u00e9 lanc\u00e9e jeudi dans la capitale \u00e9gyptienne en pr\u00e9sence des chefs du renseignement ext\u00e9rieur et int\u00e9rieur isra\u00e9liens, David Barnea et Ronen Bar, du directeur de la CIA, William Burns, du coordinateur de la Maison&nbsp;Blanche pour le Moyen-Orient, Brett McGurk, ainsi que des chefs du renseignement \u00e9gyptien et qatari.<\/p>\n\n\n\n<h2 class=\"wp-block-heading\">Cette attaque pr\u00e9figure-t-elle une escalade dans la r\u00e9gion&nbsp;?<\/h2>\n\n\n\n<p class=\"\">Pour David Rigoulet-Roze, chercheur associ\u00e9 \u00e0 l&rsquo;Iris, sp\u00e9cialis\u00e9 sur la r\u00e9gion du Moyen-Orient, un<em>&nbsp;\u00ab\u00a0seuil est franchi\u00a0\u00bb&nbsp;<\/em>dans la&nbsp;<em>\u00ab\u00a0guerre au long cours\u00a0\u00bb<\/em>&nbsp;\u00e0 laquelle se livrent Isra\u00ebl et le Hezbollah depuis l&rsquo;attaque du 7&nbsp;octobre.&nbsp;<em>\u00ab\u00a0Ce qui est inqui\u00e9tant, c&rsquo;est que le mouvement chiite aurait manifestement pris la d\u00e9cision d&rsquo;une attaque de grande ampleur, avec potentiellement un risque \u00e9lev\u00e9 d&rsquo;escalade si l&rsquo;op\u00e9ration pr\u00e9ventive isra\u00e9lienne n&rsquo;avait pas eu lieu\u00a0\u00bb<\/em>, analyse le sp\u00e9cialiste pour franceinfo.&nbsp;<em>\u00ab\u00a0Dans les \u00e9l\u00e9ments de langage dont on dispose, tout le monde se dit satisfait,&nbsp;<\/em>poursuit-il.<em>&nbsp;L&rsquo;op\u00e9ration pr\u00e9ventive isra\u00e9lienne a, semble-t-il, \u00e9t\u00e9 efficace et le Hezbollah, de son c\u00f4t\u00e9, a pu faire montre de sa strat\u00e9gie proactive dans sa solidarit\u00e9 avec la cause palestinienne. Mais cela soul\u00e8ve tout de m\u00eame des questions pour la suite, dans la mesure o\u00f9 pr\u00e9vaut le syndrome du &lsquo;jusqu&rsquo;o\u00f9 aller trop loin&rsquo; pour toutes les parties.\u00a0\u00bb<\/em><\/p>\n\n\n\n<p class=\"\">Pour Bertrand Badie, sp\u00e9cialiste des relations internationales et professeur \u00e9m\u00e9rite des universit\u00e9s \u00e0 Sciences&nbsp;Po Paris,&nbsp;<a href=\"https:\/\/www.francetvinfo.fr\/monde\/proche-orient\/attaque-du-hezbollah-contre-israel-le-mouvement-libanais-n-a-aucun-interet-a-une-guerre-totale-analyse-le-specialiste-bertrand-badie_6742939.html\">invit\u00e9 dimanche sur franceinfo<\/a>,&nbsp;<em>\u00ab\u00a0le Hezbollah n&rsquo;a aucun int\u00e9r\u00eat \u00e0 une guerre totale\u00a0\u00bb<\/em>&nbsp;car il&nbsp;<em>\u00ab\u00a0aurait \u00e9norm\u00e9ment \u00e0 perdre dans un pays qu&rsquo;il contr\u00f4le presque institutionnellement aujourd&rsquo;hui\u00a0\u00bb<\/em>. Mais le mouvement&nbsp;<em>\u00ab\u00a0ne peut pas non plus laisser faire lorsque l&rsquo;un de ses dirigeants est tu\u00e9 par l&rsquo;arm\u00e9e isra\u00e9lienne\u00a0\u00bb<\/em>. D&rsquo;apr\u00e8s le sp\u00e9cialiste, le mouvement libanais d\u00e9veloppe une<em>&nbsp;\u00ab\u00a0strat\u00e9gie nouvelle\u00a0\u00bb<\/em>, en alliance avec l&rsquo;Iran, qui consiste \u00e0&nbsp;<em>\u00ab\u00a0entretenir une situation d&rsquo;incertitude\u00a0\u00bb<\/em>.<\/p>\n\n\n\n<blockquote class=\"wp-block-quote is-layout-flow wp-block-quote-is-layout-flow\">\n<p class=\"\">\u00ab\u00a0C&rsquo;est hautement r\u00e9mun\u00e9rateur pour le Hezbollah qui donne l&rsquo;impression d&rsquo;\u00eatre le ma\u00eetre du jeu. C&rsquo;est lui qui d\u00e9cide quand faire monter la pression et l&rsquo;attention ou pas. On ne sait pas \u00e0 quel moment ni sous quelle forme cela peut intervenir.\u00a0\u00bbBertrand Badie, sp\u00e9cialiste des relations internationales<\/p>\n\n\n\n<p class=\"\">sur franceinfo<\/p>\n<\/blockquote>\n\n\n\n<p class=\"\">Quid de l&rsquo;implication de l&rsquo;Iran dans cette attaque et du risque d&#8217;embrasement r\u00e9gional&nbsp;? M\u00eame si T\u00e9h\u00e9ran&nbsp;<a href=\"https:\/\/www.francetvinfo.fr\/monde\/proche-orient\/israel-palestine\/apres-la-mort-du-chef-du-hamas-pourquoi-la-reponse-de-l-iran-et-de-ses-allies-inquiete-au-dela-du-proche-orient_6707928.html\">a promis de r\u00e9pliquer \u00e0 l&rsquo;assassinat<\/a>&nbsp;d&rsquo;<a href=\"https:\/\/www.francetvinfo.fr\/monde\/proche-orient\/israel-palestine\/ismail-haniyeh-tue-a-teheran-ce-que-l-on-sait-de-la-mort-du-chef-du-hamas-dans-une-frappe-attribuee-a-israel_6697917.html\">Isma\u00efl Haniyeh<\/a>&nbsp;sur son sol, la R\u00e9publique islamique d&rsquo;Iran est&nbsp;<em>\u00ab\u00a0de plus en plus sur une ligne de temporisation et d&rsquo;implication dans les n\u00e9gociations de cessez-le-feu\u00a0\u00bb<\/em>, estime le chercheur S\u00e9bastien Boussois. Selon lui, le calendrier \u00e9lectoral am\u00e9ricain n&rsquo;est pas \u00e9tranger \u00e0 ce positionnement&nbsp;:&nbsp;<em>\u00ab\u00a0Si tout d\u00e9rape au moment des \u00e9lections pr\u00e9sidentielles, il est clair que cela jouera probablement en faveur du candidat r\u00e9publicain et contre le camp d\u00e9mocrate. Or,&nbsp;<\/em><em>l&rsquo;Iran sait que si Donald Trump revient au pouvoir, ce sera bien pire pour son sort.\u00a0\u00bb&nbsp;<\/em><\/p>\n","protected":false},"excerpt":{"rendered":"<p>Une attaque \u00e9clair. En quelques heures, le Hezbollah libanais a lanc\u00e9, dimanche 25\u00a0ao\u00fbt,\u00a0des centaines de drones et roquettes contre des objectifs militaires en Isra\u00ebl. De son c\u00f4t\u00e9, l&rsquo;arm\u00e9e isra\u00e9lienne affirme avoir men\u00e9 des frappes pr\u00e9ventives au Liban pour emp\u00eacher une\u00a0\u00ab\u00a0attaque d&rsquo;envergure\u00a0\u00bb. Si le mouvement islamiste chiite\u00a0a annonc\u00e9 que son attaque \u00e9tait\u00a0\u00ab\u00a0termin\u00e9e\u00a0\u00bb\u00a0pour la journ\u00e9e de dimanche [&hellip;]<\/p>\n","protected":false},"author":2,"featured_media":29909,"comment_status":"open","ping_status":"open","sticky":false,"template":"","format":"standard","meta":{"_jetpack_memberships_contains_paid_content":false,"footnotes":"","jetpack_publicize_message":"","jetpack_publicize_feature_enabled":true,"jetpack_social_post_already_shared":true,"jetpack_social_options":{"image_generator_settings":{"template":"highway","enabled":true,"token":"eyJpbWciOiJodHRwczpcL1wvd3d3LmljZWFnZXR2LmNvbVwvcmFkaW9zaXRlXC93cC1jb250ZW50XC91cGxvYWRzXC8yMDI0XC8wOFwvR3VlcnJlLWF1LVByb2NoZS1PcmllbnQucG5nIiwidHh0IjoiR3VlcnJlIGF1IFByb2NoZS1PcmllbnQgOiBjaW5xIHF1ZXN0aW9ucyBzdXIgbCYjODIxNzthdHRhcXVlIGQmIzgyMTc7ZW52ZXJndXJlIGR1IEhlemJvbGxhaCBsaWJhbmFpcyBxdSYjODIxNztJc3JhXHUwMGVibCBhZmZpcm1lIGF2b2lyIGRcdTAwZTlqb3VcdTAwZTllIGVuIHBhcnRpZSIsInRlbXBsYXRlIjoiaGlnaHdheSIsImJsb2dfaWQiOjExMTAxNjQ2MX0.iDjtbDmXGvYcQnuRUxi3Jzvbp54hnJIQkg8U5gaWh-kMQ"},"version":2},"_wpas_customize_per_network":false},"categories":[405],"tags":[],"class_list":["post-29908","post","type-post","status-publish","format-standard","has-post-thumbnail","hentry","category-actu-france-monde"],"jetpack_publicize_connections":[],"jetpack_featured_media_url":"https:\/\/i0.wp.com\/www.iceagetv.com\/radiosite\/wp-content\/uploads\/2024\/08\/Guerre-au-Proche-Orient.png?fit=952%2C493&ssl=1","jetpack_sharing_enabled":true,"_links":{"self":[{"href":"https:\/\/www.iceagetv.com\/radiosite\/wp-json\/wp\/v2\/posts\/29908","targetHints":{"allow":["GET"]}}],"collection":[{"href":"https:\/\/www.iceagetv.com\/radiosite\/wp-json\/wp\/v2\/posts"}],"about":[{"href":"https:\/\/www.iceagetv.com\/radiosite\/wp-json\/wp\/v2\/types\/post"}],"author":[{"embeddable":true,"href":"https:\/\/www.iceagetv.com\/radiosite\/wp-json\/wp\/v2\/users\/2"}],"replies":[{"embeddable":true,"href":"https:\/\/www.iceagetv.com\/radiosite\/wp-json\/wp\/v2\/comments?post=29908"}],"version-history":[{"count":1,"href":"https:\/\/www.iceagetv.com\/radiosite\/wp-json\/wp\/v2\/posts\/29908\/revisions"}],"predecessor-version":[{"id":29910,"href":"https:\/\/www.iceagetv.com\/radiosite\/wp-json\/wp\/v2\/posts\/29908\/revisions\/29910"}],"wp:featuredmedia":[{"embeddable":true,"href":"https:\/\/www.iceagetv.com\/radiosite\/wp-json\/wp\/v2\/media\/29909"}],"wp:attachment":[{"href":"https:\/\/www.iceagetv.com\/radiosite\/wp-json\/wp\/v2\/media?parent=29908"}],"wp:term":[{"taxonomy":"category","embeddable":true,"href":"https:\/\/www.iceagetv.com\/radiosite\/wp-json\/wp\/v2\/categories?post=29908"},{"taxonomy":"post_tag","embeddable":true,"href":"https:\/\/www.iceagetv.com\/radiosite\/wp-json\/wp\/v2\/tags?post=29908"}],"curies":[{"name":"wp","href":"https:\/\/api.w.org\/{rel}","templated":true}]}}