{"id":29919,"date":"2024-08-26T05:16:21","date_gmt":"2024-08-26T05:16:21","guid":{"rendered":"https:\/\/www.iceagetv.com\/radiosite\/?p=29919"},"modified":"2024-08-26T05:16:26","modified_gmt":"2024-08-26T05:16:26","slug":"madere-le-feu-de-foret-desormais-sous-controle-11-jours-apres-son-depart-plus-de-5-000-hectares-brules","status":"publish","type":"post","link":"https:\/\/www.iceagetv.com\/radiosite\/madere-le-feu-de-foret-desormais-sous-controle-11-jours-apres-son-depart-plus-de-5-000-hectares-brules\/","title":{"rendered":"Mad\u00e8re: le feu de for\u00eat d\u00e9sormais \u00ab\u00a0sous contr\u00f4le\u00a0\u00bb 11 jours apr\u00e8s son d\u00e9part, plus de 5.000 hectares br\u00fbl\u00e9s"},"content":{"rendered":"\n<p class=\"\">L&rsquo;incendie qui fait rage sur l&rsquo;\u00eele portugaise&nbsp;<a href=\"https:\/\/www.bfmtv.com\/international\/portugal-au-moins-5-000-hectares-de-vegetation-partis-en-fumee-dans-un-feu-de-foret-a-madere_VN-202408200041.html\">de Mad\u00e8re<\/a>&nbsp;depuis le 14 ao\u00fbt dernier est d\u00e9sormais ma\u00eetris\u00e9, ont annonc\u00e9 ce dimanche 25 ao\u00fbt les autorit\u00e9s cit\u00e9es par l&rsquo;agence de presse britannique&nbsp;<a href=\"https:\/\/www.reuters.com\/world\/europe\/madeira-wildfire-brought-under-control-after-11-days-2024-08-25\/\" target=\"_blank\" rel=\"noreferrer noopener\">Reuters<\/a>. Apr\u00e8s onze jours, ce feu de for\u00eat est \u00ab\u00a0sous contr\u00f4le\u00a0\u00bb.<\/p>\n\n\n\n<p class=\"\">Toutefois, il n&rsquo;est pas encore consid\u00e9r\u00e9 comme \u00e9teint et les \u00e9quipes de pompiers et de sauvetage restent sur place \u00ab\u00a0pour \u00e9viter d&rsquo;\u00e9ventuelles reprises\u00a0\u00bb, a d\u00e9clar\u00e9 le commandant r\u00e9gional de la protection civile Antonio Nunes \u00e0 l&rsquo;agence de presse\u00a0<a href=\"https:\/\/www.lusa.pt\/\" target=\"_blank\" rel=\"noreferrer noopener\">Lusa<\/a>.<\/p>\n\n\n\n<h2 class=\"wp-block-heading\" id=\"d7i0m\">Des conditions m\u00e9t\u00e9orologiques difficiles<\/h2>\n\n\n\n<p class=\"\">Cet incendie a br\u00fbl\u00e9 plus de 5.000 hectares de v\u00e9g\u00e9tation, principalement dans des zones montagneuses de l&rsquo;\u00eele. La lutte contre les flammes est particuli\u00e8rement difficile car l&rsquo;incendie s&rsquo;est propag\u00e9 dans des zones o\u00f9 les pentes sont raides et l&rsquo;acc\u00e8s souvent difficile.<\/p>\n","protected":false},"excerpt":{"rendered":"<p>L&rsquo;incendie qui fait rage sur l&rsquo;\u00eele portugaise&nbsp;de Mad\u00e8re&nbsp;depuis le 14 ao\u00fbt dernier est d\u00e9sormais ma\u00eetris\u00e9, ont annonc\u00e9 ce dimanche 25 ao\u00fbt les autorit\u00e9s cit\u00e9es par l&rsquo;agence de presse britannique&nbsp;Reuters. Apr\u00e8s onze jours, ce feu de for\u00eat est \u00ab\u00a0sous contr\u00f4le\u00a0\u00bb. Toutefois, il n&rsquo;est pas encore consid\u00e9r\u00e9 comme \u00e9teint et les \u00e9quipes de pompiers et de sauvetage [&hellip;]<\/p>\n","protected":false},"author":2,"featured_media":29920,"comment_status":"open","ping_status":"open","sticky":false,"template":"","format":"standard","meta":{"_jetpack_memberships_contains_paid_content":false,"footnotes":"","jetpack_publicize_message":"","jetpack_publicize_feature_enabled":true,"jetpack_social_post_already_shared":true,"jetpack_social_options":{"image_generator_settings":{"template":"highway","enabled":true,"token":"eyJpbWciOiJodHRwczpcL1wvd3d3LmljZWFnZXR2LmNvbVwvcmFkaW9zaXRlXC93cC1jb250ZW50XC91cGxvYWRzXC8yMDI0XC8wOFwvVW4tQ2FuYWRhaXItZXNwYWdub2wtYXUtZGVzc3VzLWQtdW4taW5jZW5kaWUtZGUtZm9yZXQtbGUtMjMtYW91dC0yMDI0LXByZXMtZGUtU2FudGFuYS1zdXItbC1pbGUtcG9ydHVnYWlzZS1kZS1NYWRlcmUtMTkyNDYxMC5qcGciLCJ0eHQiOiJNYWRcdTAwZThyZTogbGUgZmV1IGRlIGZvclx1MDBlYXQgZFx1MDBlOXNvcm1haXMgJiM4MjIwO3NvdXMgY29udHJcdTAwZjRsZSYjODIyMTsgMTEgam91cnMgYXByXHUwMGU4cyBzb24gZFx1MDBlOXBhcnQsIHBsdXMgZGUgNS4wMDAgaGVjdGFyZXMgYnJcdTAwZmJsXHUwMGU5cyIsInRlbXBsYXRlIjoiaGlnaHdheSIsImJsb2dfaWQiOjExMTAxNjQ2MX0.vdOcWZQx0Snchf1TQT7td5QuBTN2mBh4FSukdg8euxwMQ"},"version":2},"_wpas_customize_per_network":false},"categories":[405],"tags":[],"class_list":["post-29919","post","type-post","status-publish","format-standard","has-post-thumbnail","hentry","category-actu-france-monde"],"jetpack_publicize_connections":[],"jetpack_featured_media_url":"https:\/\/i0.wp.com\/www.iceagetv.com\/radiosite\/wp-content\/uploads\/2024\/08\/Un-Canadair-espagnol-au-dessus-d-un-incendie-de-foret-le-23-aout-2024-pres-de-Santana-sur-l-ile-portugaise-de-Madere-1924610.jpg?fit=736%2C414&ssl=1","jetpack_sharing_enabled":true,"_links":{"self":[{"href":"https:\/\/www.iceagetv.com\/radiosite\/wp-json\/wp\/v2\/posts\/29919","targetHints":{"allow":["GET"]}}],"collection":[{"href":"https:\/\/www.iceagetv.com\/radiosite\/wp-json\/wp\/v2\/posts"}],"about":[{"href":"https:\/\/www.iceagetv.com\/radiosite\/wp-json\/wp\/v2\/types\/post"}],"author":[{"embeddable":true,"href":"https:\/\/www.iceagetv.com\/radiosite\/wp-json\/wp\/v2\/users\/2"}],"replies":[{"embeddable":true,"href":"https:\/\/www.iceagetv.com\/radiosite\/wp-json\/wp\/v2\/comments?post=29919"}],"version-history":[{"count":1,"href":"https:\/\/www.iceagetv.com\/radiosite\/wp-json\/wp\/v2\/posts\/29919\/revisions"}],"predecessor-version":[{"id":29921,"href":"https:\/\/www.iceagetv.com\/radiosite\/wp-json\/wp\/v2\/posts\/29919\/revisions\/29921"}],"wp:featuredmedia":[{"embeddable":true,"href":"https:\/\/www.iceagetv.com\/radiosite\/wp-json\/wp\/v2\/media\/29920"}],"wp:attachment":[{"href":"https:\/\/www.iceagetv.com\/radiosite\/wp-json\/wp\/v2\/media?parent=29919"}],"wp:term":[{"taxonomy":"category","embeddable":true,"href":"https:\/\/www.iceagetv.com\/radiosite\/wp-json\/wp\/v2\/categories?post=29919"},{"taxonomy":"post_tag","embeddable":true,"href":"https:\/\/www.iceagetv.com\/radiosite\/wp-json\/wp\/v2\/tags?post=29919"}],"curies":[{"name":"wp","href":"https:\/\/api.w.org\/{rel}","templated":true}]}}