{"id":29938,"date":"2024-08-27T06:56:04","date_gmt":"2024-08-27T06:56:04","guid":{"rendered":"https:\/\/www.iceagetv.com\/radiosite\/?p=29938"},"modified":"2024-08-27T06:56:09","modified_gmt":"2024-08-27T06:56:09","slug":"gendarme-tue-dans-les-alpes-maritimes-le-chauffard-interpelle-est-un-etranger-du-cap-vert-en-situation-reguliere-multi-recidiviste-de-delits-routiers-la-victime-avait-54-ans-engage-depuis-30-an","status":"publish","type":"post","link":"https:\/\/www.iceagetv.com\/radiosite\/gendarme-tue-dans-les-alpes-maritimes-le-chauffard-interpelle-est-un-etranger-du-cap-vert-en-situation-reguliere-multi-recidiviste-de-delits-routiers-la-victime-avait-54-ans-engage-depuis-30-an\/","title":{"rendered":"Gendarme tu\u00e9 dans les Alpes-Maritimes : Le chauffard interpell\u00e9 est un \u00e9tranger du Cap-Vert, en situation r\u00e9guli\u00e8re, multi-r\u00e9cidiviste de d\u00e9lits routiers &#8211; La victime avait 54 ans, engag\u00e9 depuis 30 ans, mari\u00e9 et p\u00e8re de deux enfants"},"content":{"rendered":"\n<p class=\"\"><strong>Le Ministre de l&rsquo;Int\u00e9rieur, G\u00e9rald Darmanin sur BFM TV annonce que le chauffard est un \u00e9tranger originaire du Cap Vert, multi-r\u00e9cidiviste de d\u00e9lits routiers, en situation r\u00e9guli\u00e8re en France.&nbsp;<\/strong>Le ministre de l&rsquo;Int\u00e9rieur parle d&rsquo;un homme originaire du Cap-Vert, \u00ab\u00a0qui est \u00e9tranger r\u00e9gulier sur le sol national, qui avait son permis de conduire mais qui avait de nombreux faits de d\u00e9lits routiers, notamment de refus d&rsquo;obtemp\u00e9rer. Ce n&rsquo;est pas la premi\u00e8re fois\u00a0\u00bb.&nbsp;<\/p>\n\n\n\n<p class=\"\">\u00ab\u00a0Il a \u00e9t\u00e9 retrouv\u00e9 alors qu&rsquo;il y avait tr\u00e8s peu d&rsquo;\u00e9l\u00e9ments, donc je voudrais remercier les gendarmes, la police scientifique et judiciaire qui a pu retrouver tr\u00e8s vite cette personne \u00e0 4 heures du matin\u00a0\u00bb, d\u00e9clare-t-il.<\/p>\n\n\n\n<p class=\"\"><strong>&nbsp;Le conducteur suspect\u00e9 d&rsquo;avoir mortellement percut\u00e9 un gendarme lors d&rsquo;une op\u00e9ration de contr\u00f4le routier dans les Alpes-Maritimes a \u00e9t\u00e9 \u00ab interpell\u00e9 \u00e0 Cannes \u00bb dans la nuit de lundi \u00e0 mardi, a fait savoir G\u00e9rald Darmanin aux premi\u00e8res heures du jour.<\/strong><\/p>\n\n\n\n<p class=\"\">\u00ab Le chauffard criminel suspect\u00e9 d&rsquo;avoir mortellement renvers\u00e9 un gendarme \u00e0 Mougins a \u00e9t\u00e9 interpell\u00e9 \u00e0 Cannes cette nuit. Merci \u00e0 nos forces de l&rsquo;ordre pour leur mobilisation \u00bb, a \u00e9crit t\u00f4t mardi le ministre d\u00e9missionnaire de l&rsquo;Int\u00e9rieur sur X.<\/p>\n\n\n\n<p class=\"\">La victime, un adjudant membre du peloton motoris\u00e9 de gendarmerie, a \u00e9t\u00e9 heurt\u00e9e lors d&rsquo;un contr\u00f4le sur la commune de Mougins, pr\u00e8s de Cannes, \u00e0 la sortie de l&rsquo;autoroute A8, a indiqu\u00e9 la gendarmerie.<\/p>\n\n\n\n<p class=\"\">Le drame s&rsquo;est produit vers 20 h 40 lundi, quand un individu \u00e0 bord d&rsquo;une BMW noire a refus\u00e9 un contr\u00f4le, a pr\u00e9cis\u00e9 la m\u00eame source. Le v\u00e9hicule a violemment percut\u00e9 un des membres du peloton motoris\u00e9 charg\u00e9 de cette banale op\u00e9ration et a pris la fuite.&nbsp;<\/p>\n\n\n\n<p class=\"\">Dans un communiqu\u00e9, le minist\u00e8re de l&rsquo;Int\u00e9rieur a pr\u00e9cis\u00e9 que&nbsp;<strong>la victime \u00e9tait \u00e2g\u00e9e de 54 ans, mari\u00e9e et p\u00e8re de deux enfants, \u00e2g\u00e9s de 12 et 16 ans<\/strong>. Toujours selon ce communiqu\u00e9, cet adjudant \u00e9tait engag\u00e9 depuis plus de 30 ans dans la gendarmerie comme sous-officier et avait rejoint le peloton de Mandelieu-la-Napoule (Alpes-Maritimes) en 2007.<\/p>\n\n\n\n<p class=\"\">Le pr\u00e9sident Emmanuel Macron a r\u00e9agi sur X quelques heures apr\u00e8s le drame. \u00ab Je partage la peine profonde de sa famille et de ses camarades du peloton autoroutier de Mandelieu-la-Napoule \u00bb, a-t-il \u00e9crit. \u00ab La Nation se tient \u00e0 leurs c\u00f4t\u00e9s et exprime sa gratitude aux gendarmes qui la prot\u00e8gent. \u00bb<\/p>\n\n\n\n<p class=\"\"><strong>Le chauffard vient d&rsquo;\u00eatre interpell\u00e9 annonce \u00e0 l&rsquo;instant G\u00e9rald Darmanin sur les r\u00e9seaux sociaux.<\/strong>&nbsp;La victime, un adjudant membre du peloton motoris\u00e9 de gendarmerie, a \u00e9t\u00e9 percut\u00e9e lors d\u2019un contr\u00f4le sur la commune de Mougins, pr\u00e8s de Cannes, \u00e0 la sortie de l\u2019autoroute A8, a indiqu\u00e9 la gendarmerie. Le drame s\u2019est produit vers 20h40, quand un individu \u00e0 bord d\u2019une BMW noire a refus\u00e9 un contr\u00f4le en sortant de l\u2019autoroute A8, a pr\u00e9cis\u00e9 la m\u00eame source. Le v\u00e9hicule a alors violemment percut\u00e9 un des membres du peloton motoris\u00e9 charg\u00e9 de cette banale op\u00e9ration.<\/p>\n\n\n\n<p class=\"\">Dans un communiqu\u00e9, le minist\u00e8re de l\u2019Int\u00e9rieur a pr\u00e9cis\u00e9 que la victime \u00e9tait \u00e2g\u00e9e de 54 ans, mari\u00e9e et p\u00e8re de deux enfants \u00e2g\u00e9s de 12 et 16 ans. Toujours selon ce communiqu\u00e9, cet adjudant \u00e9tait engag\u00e9 depuis plus de 30 ans dans la gendarmerie comme sous-officier et avait rejoint le peloton de Mandelieu-la-Napoule (Alpes-Maritimes) en 2007.<\/p>\n","protected":false},"excerpt":{"rendered":"<p>Le Ministre de l&rsquo;Int\u00e9rieur, G\u00e9rald Darmanin sur BFM TV annonce que le chauffard est un \u00e9tranger originaire du Cap Vert, multi-r\u00e9cidiviste de d\u00e9lits routiers, en situation r\u00e9guli\u00e8re en France.&nbsp;Le ministre de l&rsquo;Int\u00e9rieur parle d&rsquo;un homme originaire du Cap-Vert, \u00ab\u00a0qui est \u00e9tranger r\u00e9gulier sur le sol national, qui avait son permis de conduire mais qui avait [&hellip;]<\/p>\n","protected":false},"author":2,"featured_media":29939,"comment_status":"open","ping_status":"open","sticky":false,"template":"","format":"standard","meta":{"_jetpack_memberships_contains_paid_content":false,"footnotes":"","jetpack_publicize_message":"","jetpack_publicize_feature_enabled":true,"jetpack_social_post_already_shared":true,"jetpack_social_options":{"image_generator_settings":{"template":"highway","enabled":true,"token":"eyJpbWciOiJodHRwczpcL1wvd3d3LmljZWFnZXR2LmNvbVwvcmFkaW9zaXRlXC93cC1jb250ZW50XC91cGxvYWRzXC8yMDI0XC8wOFwvR2VuZGFybWUtdHVlLWRhbnMtbGVzLUFscGVzLU1hcml0aW1lcy5qcGciLCJ0eHQiOiJHZW5kYXJtZSB0dVx1MDBlOSBkYW5zIGxlcyBBbHBlcy1NYXJpdGltZXMgOiBMZSBjaGF1ZmZhcmQgaW50ZXJwZWxsXHUwMGU5IGVzdCB1biBcdTAwZTl0cmFuZ2VyIGR1IENhcC1WZXJ0LCBlbiBzaXR1YXRpb24gclx1MDBlOWd1bGlcdTAwZThyZSwgbXVsdGktclx1MDBlOWNpZGl2aXN0ZSBkZSBkXHUwMGU5bGl0cyByb3V0aWVycyAmIzgyMTE7IExhIHZpY3RpbWUgYXZhaXQgNTQgYW5zLCBlbmdhZ1x1MDBlOSBkZXB1aXMgMzAgYW5zLCBtYXJpXHUwMGU5IGV0IHBcdTAwZThyZSBkZSBkZXV4IGVuZmFudHMiLCJ0ZW1wbGF0ZSI6ImhpZ2h3YXkiLCJibG9nX2lkIjoxMTEwMTY0NjF9.Tz2qj06MDN6xS2V5CcqTYMlWUfg4MFLcIKyVOU55WIIMQ"},"version":2},"_wpas_customize_per_network":false},"categories":[405],"tags":[],"class_list":["post-29938","post","type-post","status-publish","format-standard","has-post-thumbnail","hentry","category-actu-france-monde"],"jetpack_publicize_connections":[],"jetpack_featured_media_url":"https:\/\/i0.wp.com\/www.iceagetv.com\/radiosite\/wp-content\/uploads\/2024\/08\/Gendarme-tue-dans-les-Alpes-Maritimes.jpg?fit=899%2C388&ssl=1","jetpack_sharing_enabled":true,"_links":{"self":[{"href":"https:\/\/www.iceagetv.com\/radiosite\/wp-json\/wp\/v2\/posts\/29938","targetHints":{"allow":["GET"]}}],"collection":[{"href":"https:\/\/www.iceagetv.com\/radiosite\/wp-json\/wp\/v2\/posts"}],"about":[{"href":"https:\/\/www.iceagetv.com\/radiosite\/wp-json\/wp\/v2\/types\/post"}],"author":[{"embeddable":true,"href":"https:\/\/www.iceagetv.com\/radiosite\/wp-json\/wp\/v2\/users\/2"}],"replies":[{"embeddable":true,"href":"https:\/\/www.iceagetv.com\/radiosite\/wp-json\/wp\/v2\/comments?post=29938"}],"version-history":[{"count":1,"href":"https:\/\/www.iceagetv.com\/radiosite\/wp-json\/wp\/v2\/posts\/29938\/revisions"}],"predecessor-version":[{"id":29940,"href":"https:\/\/www.iceagetv.com\/radiosite\/wp-json\/wp\/v2\/posts\/29938\/revisions\/29940"}],"wp:featuredmedia":[{"embeddable":true,"href":"https:\/\/www.iceagetv.com\/radiosite\/wp-json\/wp\/v2\/media\/29939"}],"wp:attachment":[{"href":"https:\/\/www.iceagetv.com\/radiosite\/wp-json\/wp\/v2\/media?parent=29938"}],"wp:term":[{"taxonomy":"category","embeddable":true,"href":"https:\/\/www.iceagetv.com\/radiosite\/wp-json\/wp\/v2\/categories?post=29938"},{"taxonomy":"post_tag","embeddable":true,"href":"https:\/\/www.iceagetv.com\/radiosite\/wp-json\/wp\/v2\/tags?post=29938"}],"curies":[{"name":"wp","href":"https:\/\/api.w.org\/{rel}","templated":true}]}}