{"id":29952,"date":"2024-08-28T16:13:34","date_gmt":"2024-08-28T16:13:34","guid":{"rendered":"https:\/\/www.iceagetv.com\/radiosite\/?p=29952"},"modified":"2024-08-28T16:13:39","modified_gmt":"2024-08-28T16:13:39","slug":"la-mairie-de-nancy-met-en-place-des-zones-blanches-empechant-les-livreurs-de-repas-de-stationner-en-centre-ville-afin-de-lutter-contre-des-troubles-recurrents-a-lordre-public","status":"publish","type":"post","link":"https:\/\/www.iceagetv.com\/radiosite\/la-mairie-de-nancy-met-en-place-des-zones-blanches-empechant-les-livreurs-de-repas-de-stationner-en-centre-ville-afin-de-lutter-contre-des-troubles-recurrents-a-lordre-public\/","title":{"rendered":"La mairie de Nancy met en place des \u00ab\u00a0zones blanches\u00a0\u00bb emp\u00eachant les livreurs de repas de stationner en centre-ville, afin de lutter contre des \u00ab\u00a0troubles r\u00e9currents \u00e0 l&rsquo;ordre public\u00a0\u00bb"},"content":{"rendered":"\n<p class=\"\">La mairie de Nancy a annonc\u00e9 mardi la mise en place de \u00ab\u00a0zones blanches\u00a0\u00bb emp\u00eachant les livreurs de repas de stationner en centre-ville, afin de lutter contre des \u00ab\u00a0troubles r\u00e9currents \u00e0 l&rsquo;ordre public\u00a0\u00bb.<\/p>\n\n\n\n<p class=\"\">\u00ab\u00a0J&rsquo;ai demand\u00e9 aux plateformes de livraison la mise oeuvre rapide de zones blanches, p\u00e9rim\u00e8tres au sein desquels les livreurs ne pourront plus recevoir de commandes et n&rsquo;auront donc d\u00e9sormais plus vocation \u00e0 s&rsquo;y regrouper\u00a0\u00bb, a d\u00e9clar\u00e9 Mathieu Klein, le maire PS de la ville, dans un communiqu\u00e9.<\/p>\n\n\n\n<p class=\"\">Selon la mairie, les zones blanches ne sont \u00ab\u00a0pas des zones o\u00f9 il est interdit de stationner\u00a0\u00bb, mais des zones o\u00f9 \u00ab\u00a0les notifications de commandes par t\u00e9l\u00e9phone ne passent pas\u00a0\u00bb, emp\u00eachant ainsi les livreurs de travailler.<\/p>\n\n\n\n<p class=\"\">\u00ab\u00a0Si les livreurs veulent recevoir des commandes \u00e0 traiter, ils doivent sortir de la zone blanche\u00a0\u00bb, pr\u00e9cise la mairie. Selon le maire, Uber Eats, \u00ab\u00a0leader de la livraison\u00a0\u00bb de repas \u00e0 Nancy, a mis en place ces zones dans plusieurs rues du centre-ville de Nancy. Des d\u00e9marches ont \u00e9galement \u00e9t\u00e9 engag\u00e9es \u00ab\u00a0aupr\u00e8s des autres plateformes\u00a0\u00bb.<\/p>\n\n\n\n<p class=\"\">Ce dispositif vise \u00e0 \u00ab\u00a0permettre \u00e0 chacun de profiter de la ville dans le respect de nos r\u00e8gles communes\u00a0\u00bb, assure la ville de Nancy.<\/p>\n\n\n\n<p class=\"\">Evoquant des \u00ab\u00a0troubles r\u00e9currents \u00e0 l&rsquo;ordre public\u00a0\u00bb qui ont \u00e9t\u00e9 signal\u00e9s au procureur de la R\u00e9publique, la commune rappelle la \u00ab\u00a0n\u00e9cessit\u00e9 absolue de respecter le code de la route pour garantir la s\u00e9curit\u00e9 de tous dans l&rsquo;espace public\u00a0\u00bb.<\/p>\n","protected":false},"excerpt":{"rendered":"<p>La mairie de Nancy a annonc\u00e9 mardi la mise en place de \u00ab\u00a0zones blanches\u00a0\u00bb emp\u00eachant les livreurs de repas de stationner en centre-ville, afin de lutter contre des \u00ab\u00a0troubles r\u00e9currents \u00e0 l&rsquo;ordre public\u00a0\u00bb. \u00ab\u00a0J&rsquo;ai demand\u00e9 aux plateformes de livraison la mise oeuvre rapide de zones blanches, p\u00e9rim\u00e8tres au sein desquels les livreurs ne pourront plus [&hellip;]<\/p>\n","protected":false},"author":2,"featured_media":29953,"comment_status":"open","ping_status":"open","sticky":false,"template":"","format":"standard","meta":{"_jetpack_memberships_contains_paid_content":false,"footnotes":"","jetpack_publicize_message":"","jetpack_publicize_feature_enabled":true,"jetpack_social_post_already_shared":false,"jetpack_social_options":{"image_generator_settings":{"template":"highway","enabled":true,"token":"eyJpbWciOiJodHRwczpcL1wvd3d3LmljZWFnZXR2LmNvbVwvcmFkaW9zaXRlXC93cC1jb250ZW50XC91cGxvYWRzXC8yMDI0XC8wOFwvU25VWXBZaDkuanBnIiwidHh0IjoiTGEgbWFpcmllIGRlIE5hbmN5IG1ldCBlbiBwbGFjZSBkZXMgJiM4MjIwO3pvbmVzIGJsYW5jaGVzJiM4MjIxOyBlbXBcdTAwZWFjaGFudCBsZXMgbGl2cmV1cnMgZGUgcmVwYXMgZGUgc3RhdGlvbm5lciBlbiBjZW50cmUtdmlsbGUsIGFmaW4gZGUgbHV0dGVyIGNvbnRyZSBkZXMgJiM4MjIwO3Ryb3VibGVzIHJcdTAwZTljdXJyZW50cyBcdTAwZTAgbCYjODIxNztvcmRyZSBwdWJsaWMmIzgyMjE7IiwidGVtcGxhdGUiOiJoaWdod2F5IiwiYmxvZ19pZCI6MTExMDE2NDYxfQ.D3p8GhDveGV2bkRRQ3lTNg-eE8VHBhN9VMCKq0bF9ZwMQ"},"version":2},"_wpas_customize_per_network":false},"categories":[405],"tags":[],"class_list":["post-29952","post","type-post","status-publish","format-standard","has-post-thumbnail","hentry","category-actu-france-monde"],"jetpack_publicize_connections":[],"jetpack_featured_media_url":"https:\/\/i0.wp.com\/www.iceagetv.com\/radiosite\/wp-content\/uploads\/2024\/08\/SnUYpYh9.jpg?fit=899%2C388&ssl=1","jetpack_sharing_enabled":true,"_links":{"self":[{"href":"https:\/\/www.iceagetv.com\/radiosite\/wp-json\/wp\/v2\/posts\/29952","targetHints":{"allow":["GET"]}}],"collection":[{"href":"https:\/\/www.iceagetv.com\/radiosite\/wp-json\/wp\/v2\/posts"}],"about":[{"href":"https:\/\/www.iceagetv.com\/radiosite\/wp-json\/wp\/v2\/types\/post"}],"author":[{"embeddable":true,"href":"https:\/\/www.iceagetv.com\/radiosite\/wp-json\/wp\/v2\/users\/2"}],"replies":[{"embeddable":true,"href":"https:\/\/www.iceagetv.com\/radiosite\/wp-json\/wp\/v2\/comments?post=29952"}],"version-history":[{"count":1,"href":"https:\/\/www.iceagetv.com\/radiosite\/wp-json\/wp\/v2\/posts\/29952\/revisions"}],"predecessor-version":[{"id":29954,"href":"https:\/\/www.iceagetv.com\/radiosite\/wp-json\/wp\/v2\/posts\/29952\/revisions\/29954"}],"wp:featuredmedia":[{"embeddable":true,"href":"https:\/\/www.iceagetv.com\/radiosite\/wp-json\/wp\/v2\/media\/29953"}],"wp:attachment":[{"href":"https:\/\/www.iceagetv.com\/radiosite\/wp-json\/wp\/v2\/media?parent=29952"}],"wp:term":[{"taxonomy":"category","embeddable":true,"href":"https:\/\/www.iceagetv.com\/radiosite\/wp-json\/wp\/v2\/categories?post=29952"},{"taxonomy":"post_tag","embeddable":true,"href":"https:\/\/www.iceagetv.com\/radiosite\/wp-json\/wp\/v2\/tags?post=29952"}],"curies":[{"name":"wp","href":"https:\/\/api.w.org\/{rel}","templated":true}]}}