{"id":29969,"date":"2024-08-30T06:28:32","date_gmt":"2024-08-30T06:28:32","guid":{"rendered":"https:\/\/www.iceagetv.com\/radiosite\/?p=29969"},"modified":"2024-08-30T06:28:36","modified_gmt":"2024-08-30T06:28:36","slug":"plus-de-2-000-enfants-dorment-dans-la-rue-en-france-un-nombre-en-hausse-de-120-en-quatre-ans","status":"publish","type":"post","link":"https:\/\/www.iceagetv.com\/radiosite\/plus-de-2-000-enfants-dorment-dans-la-rue-en-france-un-nombre-en-hausse-de-120-en-quatre-ans\/","title":{"rendered":"Plus de 2\u00a0000 enfants dorment dans la rue en France, un nombre en hausse de 120% en quatre ans"},"content":{"rendered":"\n<p class=\"\">Selon le barom\u00e8tre de l&rsquo;Unicef France et la F\u00e9d\u00e9ration des acteurs de la solidarit\u00e9, 467 sont \u00e2g\u00e9s de moins de 3 ans parmi ces enfants sans solution d&rsquo;h\u00e9bergement.Plus de 2\u00a0000 enfants sont sans solution d&rsquo;h\u00e9bergement \u00e0 quelques jours de la rentr\u00e9e scolaire, le 2 septembre prochain, selon le 6e barom\u00e8tre des enfants \u00e0 la rue publi\u00e9 jeudi 29 ao\u00fbt par l&rsquo;Unicef France et la F\u00e9d\u00e9ration des acteurs de la solidarit\u00e9 (FAS). C&rsquo;est la premi\u00e8re fois que la barre symbolique des 2\u00a0000 enfants \u00e0 la rue est franchie.\u00a0<\/p>\n\n\n\n<p class=\"\">Selon ce barom\u00e8tre 2024, dans la nuit du 19 au 20 ao\u00fbt, ce sont 2&nbsp;043 enfants pour qui le Samu social n&rsquo;a pas trouv\u00e9 de solution et qui dorment dans la rue. Un nombre en hausse de 120% en quatre ans (927 enfants en 2020) et de 3% en un an (en ao\u00fbt 2023, ils \u00e9taient au total 1 990).<em>&nbsp;\u00ab\u00a0Cette augmentation incessante du nombre d\u2019enfants sans-abri est une trag\u00e9die\u00a0\u00bb<\/em>, s&rsquo;indigne Adeline Hazan, pr\u00e9sidente de l&rsquo;Unicef France,&nbsp;<em>\u00ab\u00a0en violation flagrante des principes de la Convention internationale des droits de l\u2019enfant, que la France a ratifi\u00e9e\u00a0\u00bb.<\/em><\/p>\n\n\n\n<p class=\"\">Si le nombre est en hausse d&rsquo;ann\u00e9e en ann\u00e9e, il est encore sous-estim\u00e9, pr\u00e9vient le Collectif des associations unies, qui regroupe 40 associations impliqu\u00e9es dans le champ du logement ou de l\u2019h\u00e9bergement. Selon le collectif, de nombreuses familles ne tentent plus d&rsquo;appeler le 115, num\u00e9ro d&rsquo;urgence sociale, totalement satur\u00e9.&nbsp;<\/p>\n\n\n\n<h2 class=\"wp-block-heading\">Une \u00ab\u00a0saturation\u00a0\u00bb du parc d&rsquo;h\u00e9bergement d&rsquo;urgence&nbsp;<\/h2>\n\n\n\n<p class=\"\">Parmi ces enfants sans solution d&rsquo;h\u00e9bergement, 467 sont \u00e2g\u00e9s de moins de 3 ans. C&rsquo;est un peu moins que l&rsquo;an dernier (480 en 2023), mais en hausse de 27% par rapport \u00e0 ao\u00fbt 2022 (368 enfants de moins de trois ans). Une augmentation \u00ab\u00a0<em>en partie imputable au contexte de saturation du parc d\u2019h\u00e9bergement et d\u2019un acc\u00e8s bloqu\u00e9 au logement social, qui g\u00e9n\u00e8rent la mise en place de crit\u00e8res de priorisation de plus en plus resserr\u00e9s, bien que contraires au principe d\u2019inconditionnalit\u00e9 de l\u2019accueil inscrit dans le Code de l\u2019action sociale et des familles\u00a0\u00bb<\/em>, d\u00e9taille le barom\u00e8tre.<\/p>\n\n\n\n<p class=\"\">En \u00cele-de-France par exemple, la p\u00e9nurie de places a conduit les pr\u00e9fets&nbsp;<em>\u00ab\u00a0\u00e0 dresser des niveaux de priorit\u00e9 en fonction de l&rsquo;\u00e2ge des enfants ou de l\u2019avanc\u00e9e du terme de la grossesse\u00a0\u00bb<\/em>. La cons\u00e9quence pour les associations est que<em>&nbsp;\u00ab\u00a0certaines femmes enceintes ou familles avec de tr\u00e8s jeunes enfants ne sont plus assur\u00e9es d\u2019obtenir une place d\u2019h\u00e9bergement d\u2019urgence\u00a0\u00bb.&nbsp;<\/em><\/p>\n\n\n\n<p class=\"\">Ces plus de 2\u00a0000 enfants sans solution d&rsquo;h\u00e9bergement vivent principalement dans les grandes villes, comme Paris, Lyon ou Marseille. En Seine-Saint-Denis, le d\u00e9partement le plus pauvre de la France hexagonale, 187 mineurs ont pass\u00e9 la nuit dehors le 12 ao\u00fbt dernier. Mais le ph\u00e9nom\u00e8ne prend \u00e9galement de l&rsquo;ampleur dans d&rsquo;autres grandes villes, comme Lille, Rennes ou Strasbourg.<\/p>\n\n\n\n<h2 class=\"wp-block-heading\">Cr\u00e9er 10 000 places suppl\u00e9mentaires<\/h2>\n\n\n\n<p class=\"\"><em>\u00ab\u00a0Les enfants, oubli\u00e9s lors de la campagne des l\u00e9gislatives, doivent d\u00e8s \u00e0 pr\u00e9sent \u00eatre au c\u0153ur des priorit\u00e9s du nouveau gouvernement et des parlementaires\u00a0\u00bb<\/em>, plaident l\u2019Unicef France et la FAS. Elles appellent \u00e0 une augmentation imm\u00e9diate des places d\u2019h\u00e9bergement, promise depuis janvier 2024, ainsi qu\u2019\u00e0 la mise en \u0153uvre d\u2019une programmation pluriannuelle de l\u2019h\u00e9bergement et du logement incluant une attention sp\u00e9cifique aux enfants et aux familles.<\/p>\n\n\n\n<p class=\"\">Elles souhaitent par exemple que soit inscrite dans le projet de loi de finances pour 2025 la cr\u00e9ation de 10&nbsp;000 places d\u2019h\u00e9bergement suppl\u00e9mentaires pour porter la capacit\u00e9 du parc \u00e0 213&nbsp;000 places. Les associations appellent encore \u00e0 garantir un accompagnement global, sans rupture et prenant en consid\u00e9ration les besoins sp\u00e9cifiques des enfants, et \u00e0 renforcer l\u2019offre d\u2019h\u00e9bergement d\u00e9di\u00e9e aux femmes enceintes ou sortant de maternit\u00e9.<\/p>\n\n\n\n<p class=\"\">En janvier 2024, le gouvernement a promis 120 millions d&rsquo;euros d&rsquo;aide suppl\u00e9mentaire pour le logement d&rsquo;urgence. Cette somme, les associations ne l&rsquo;ont jamais vu arriver alors que le nombre de places d&rsquo;urgences reste fig\u00e9 \u00e0 200&nbsp;000.&nbsp;<\/p>\n","protected":false},"excerpt":{"rendered":"<p>Selon le barom\u00e8tre de l&rsquo;Unicef France et la F\u00e9d\u00e9ration des acteurs de la solidarit\u00e9, 467 sont \u00e2g\u00e9s de moins de 3 ans parmi ces enfants sans solution d&rsquo;h\u00e9bergement.Plus de 2\u00a0000 enfants sont sans solution d&rsquo;h\u00e9bergement \u00e0 quelques jours de la rentr\u00e9e scolaire, le 2 septembre prochain, selon le 6e barom\u00e8tre des enfants \u00e0 la rue [&hellip;]<\/p>\n","protected":false},"author":2,"featured_media":29970,"comment_status":"open","ping_status":"open","sticky":false,"template":"","format":"standard","meta":{"_jetpack_memberships_contains_paid_content":false,"footnotes":"","jetpack_publicize_message":"","jetpack_publicize_feature_enabled":true,"jetpack_social_post_already_shared":true,"jetpack_social_options":{"image_generator_settings":{"template":"highway","enabled":true,"token":"eyJpbWciOiJodHRwczpcL1wvd3d3LmljZWFnZXR2LmNvbVwvcmFkaW9zaXRlXC93cC1jb250ZW50XC91cGxvYWRzXC8yMDI0XC8wOFwvZW5mYW50LWRhbnMtbGEtcnVlLnBuZyIsInR4dCI6IlBsdXMgZGUgMlx1MDBhMDAwMCBlbmZhbnRzIGRvcm1lbnQgZGFucyBsYSBydWUgZW4gRnJhbmNlLCB1biBub21icmUgZW4gaGF1c3NlIGRlIDEyMCUgZW4gcXVhdHJlIGFucyIsInRlbXBsYXRlIjoiaGlnaHdheSIsImJsb2dfaWQiOjExMTAxNjQ2MX0.BnSvEdsO7BTiqNDV8WV1uvDqx63-MA9KgGyKyVV2ofcMQ"},"version":2},"_wpas_customize_per_network":false},"categories":[405],"tags":[],"class_list":["post-29969","post","type-post","status-publish","format-standard","has-post-thumbnail","hentry","category-actu-france-monde"],"jetpack_publicize_connections":[],"jetpack_featured_media_url":"https:\/\/i0.wp.com\/www.iceagetv.com\/radiosite\/wp-content\/uploads\/2024\/08\/enfant-dans-la-rue.png?fit=876%2C564&ssl=1","jetpack_sharing_enabled":true,"_links":{"self":[{"href":"https:\/\/www.iceagetv.com\/radiosite\/wp-json\/wp\/v2\/posts\/29969","targetHints":{"allow":["GET"]}}],"collection":[{"href":"https:\/\/www.iceagetv.com\/radiosite\/wp-json\/wp\/v2\/posts"}],"about":[{"href":"https:\/\/www.iceagetv.com\/radiosite\/wp-json\/wp\/v2\/types\/post"}],"author":[{"embeddable":true,"href":"https:\/\/www.iceagetv.com\/radiosite\/wp-json\/wp\/v2\/users\/2"}],"replies":[{"embeddable":true,"href":"https:\/\/www.iceagetv.com\/radiosite\/wp-json\/wp\/v2\/comments?post=29969"}],"version-history":[{"count":1,"href":"https:\/\/www.iceagetv.com\/radiosite\/wp-json\/wp\/v2\/posts\/29969\/revisions"}],"predecessor-version":[{"id":29971,"href":"https:\/\/www.iceagetv.com\/radiosite\/wp-json\/wp\/v2\/posts\/29969\/revisions\/29971"}],"wp:featuredmedia":[{"embeddable":true,"href":"https:\/\/www.iceagetv.com\/radiosite\/wp-json\/wp\/v2\/media\/29970"}],"wp:attachment":[{"href":"https:\/\/www.iceagetv.com\/radiosite\/wp-json\/wp\/v2\/media?parent=29969"}],"wp:term":[{"taxonomy":"category","embeddable":true,"href":"https:\/\/www.iceagetv.com\/radiosite\/wp-json\/wp\/v2\/categories?post=29969"},{"taxonomy":"post_tag","embeddable":true,"href":"https:\/\/www.iceagetv.com\/radiosite\/wp-json\/wp\/v2\/tags?post=29969"}],"curies":[{"name":"wp","href":"https:\/\/api.w.org\/{rel}","templated":true}]}}