{"id":29973,"date":"2024-08-30T11:22:45","date_gmt":"2024-08-30T11:22:45","guid":{"rendered":"https:\/\/www.iceagetv.com\/radiosite\/?p=29973"},"modified":"2024-08-30T11:22:48","modified_gmt":"2024-08-30T11:22:48","slug":"alpes-maritimes-une-fillette-agee-de-7-ans-percutee-par-un-motard-lors-dun-rodeo-urbain-a-vallauris-elle-a-ete-placee-dans-un-coma-artificiel-le-suspect-a-ete-interpelle","status":"publish","type":"post","link":"https:\/\/www.iceagetv.com\/radiosite\/alpes-maritimes-une-fillette-agee-de-7-ans-percutee-par-un-motard-lors-dun-rodeo-urbain-a-vallauris-elle-a-ete-placee-dans-un-coma-artificiel-le-suspect-a-ete-interpelle\/","title":{"rendered":"Alpes-Maritimes: Une fillette \u00e2g\u00e9e de 7 ans percut\u00e9e par un motard lors d\u2019un rod\u00e9o urbain \u00e0 Vallauris &#8211; Elle a \u00e9t\u00e9 plac\u00e9e dans un coma artificiel &#8211; Le suspect a \u00e9t\u00e9 interpell\u00e9"},"content":{"rendered":"\n<p class=\"\"><strong>Le procureur de la R\u00e9publique vient de publier un communiqu\u00e9.<\/strong><\/p>\n\n\n\n<p class=\"\">Le jeudi 29 ao\u00fbt aux alentours de 19h \u00e0 Vallauris (06). alors qu&rsquo;elle traversait un passage pi\u00e9ton avec son fr\u00e8re \u00e2g\u00e9 de 11 ans, une fillette \u00e2g\u00e9e de 7 ans \u00e9tait percut\u00e9e par une moto. La fillette, inconsciente \u00e0 l&rsquo;arriv\u00e9e des sapeurs-pompiers et souffrant d&rsquo;un traumatisme cr\u00e2nien et de multiples blessures, \u00e9tait transport\u00e9e \u00e0 l&rsquo;h\u00f4pital Lenval \u00e0 Nice. Plac\u00e9e dans le coma artificiel, son pronostic vital est tr\u00e8s engage.<\/p>\n\n\n\n<p class=\"\">La police municipale proc\u00e9dait \u00e0 l&rsquo;interpellation du jeune homme \u00e2g\u00e9 de 19 ans \u00e0 l&rsquo;origine des faits et le conduisait au commissariat d&rsquo;Antibes. Il est plac\u00e9 en garde \u00e0 vue depuis 19h05 des chefs de blessures involontaires ayant entrain\u00e9 une incapacit\u00e9 totale de travail sup\u00e9rieure \u00e0 trois mois par violation manifestement d\u00e9lib\u00e9r\u00e9e d&rsquo;une obligation particuli\u00e8re de s\u00e9curit\u00e9 ou de prudence par conducteur de v\u00e9hicule terrestre \u00e0 moteur.<\/p>\n\n\n\n<p class=\"\">Le gard\u00e9 \u00e0 vue est inconnu des services de police et de la justice. Il est titulaire du permis de conduire correspondant \u00e0 la cat\u00e9gorie du v\u00e9hicule utilis\u00e9 et ce dernier est r\u00e9guli\u00e8rement assur\u00e9. Les d\u00e9pistages de l&rsquo;impr\u00e9gnation alcoolique et de l&rsquo;usage de produits stup\u00e9fiants sont n\u00e9gatifs. Les investigations se poursuivent pour \u00e9tablir les circonstances exactes de commission de l&rsquo;infraction.Sur son compte X, Eric Ciotti a r\u00e9agi ce matin. \u00ab\u00a0Immense col\u00e8re ! Une fillette de 7 ans a \u00e9t\u00e9 percut\u00e9e par un individu en rod\u00e9o urbain \u00e0 Vallauris ! Elle est plac\u00e9e en coma artificiel. Tol\u00e9rance z\u00e9ro vis-\u00e0-vis de ces d\u00e9linquants de la route !\u00a0\u00bb.<\/p>\n\n\n\n<p class=\"\"><strong>Hier soir, \u00e0 19h, une jeune fille \u00e2g\u00e9e de 7 ans a \u00e9t\u00e9 renvers\u00e9e par un motard \u00e0 Vallauris (Alpes-Maritimes), selon&nbsp;<a href=\"https:\/\/www.cnews.fr\/france\/2024-08-30\/alpes-maritimes-une-fillette-de-7-ans-percutee-par-un-motard-son-pronostic-vital\" target=\"_blank\" rel=\"noreferrer noopener\">CNews<\/a>. Le suspect, \u00e2g\u00e9 de 19 ans, remontait une file de voitures \u00e0 grande vitesse en levant la roue avant de sa moto.<\/strong><\/p>\n\n\n\n<p class=\"\">Il a percut\u00e9 la jeune fille alors qu&rsquo;elle se d\u00e9pla\u00e7ait \u00e0 pieds accompagn\u00e9e de son fr\u00e8re sur un passage pi\u00e9ton. Selon nos confr\u00e8res, la victime souffre d\u2019un traumatisme cr\u00e2nien et de multiples blessures. Son pronostic vital est engag\u00e9. Elle a \u00e9t\u00e9 plac\u00e9e dans un coma artificiel.<\/p>\n\n\n\n<p class=\"\">Le conducteur de la moto a \u00e9t\u00e9 interpell\u00e9. \u00ab\u00a0Il est inconnu des services de police\u00a0\u00bb, ajoute CNews. Apr\u00e8s les faits, les enqu\u00eateurs ont proc\u00e9d\u00e9 \u00e0 des tests pour contr\u00f4ler son taux d\u2019alcool\u00e9mie et d\u00e9tecter la pr\u00e9sence de stup\u00e9fiants. Des tests qui se sont r\u00e9v\u00e9l\u00e9s n\u00e9gatifs.<\/p>\n\n\n\n<p class=\"\">Le commissariat d&rsquo;Antibes a \u00e9t\u00e9 charg\u00e9 de l&rsquo;enqu\u00eate.<\/p>\n","protected":false},"excerpt":{"rendered":"<p>Le procureur de la R\u00e9publique vient de publier un communiqu\u00e9. Le jeudi 29 ao\u00fbt aux alentours de 19h \u00e0 Vallauris (06). alors qu&rsquo;elle traversait un passage pi\u00e9ton avec son fr\u00e8re \u00e2g\u00e9 de 11 ans, une fillette \u00e2g\u00e9e de 7 ans \u00e9tait percut\u00e9e par une moto. La fillette, inconsciente \u00e0 l&rsquo;arriv\u00e9e des sapeurs-pompiers et souffrant d&rsquo;un [&hellip;]<\/p>\n","protected":false},"author":2,"featured_media":29975,"comment_status":"open","ping_status":"open","sticky":false,"template":"","format":"standard","meta":{"_jetpack_memberships_contains_paid_content":false,"footnotes":"","jetpack_publicize_message":"","jetpack_publicize_feature_enabled":true,"jetpack_social_post_already_shared":true,"jetpack_social_options":{"image_generator_settings":{"template":"highway","enabled":true,"token":"eyJpbWciOiJodHRwczpcL1wvd3d3LmljZWFnZXR2LmNvbVwvcmFkaW9zaXRlXC93cC1jb250ZW50XC91cGxvYWRzXC8yMDI0XC8wOFwvVW5lLWZpbGxldHRlLWFnZWUtZGUtNy1hbnMtcGVyY3V0ZWUtcGFyLXVuLW1vdGFyZC5qcGciLCJ0eHQiOiJBbHBlcy1NYXJpdGltZXM6IFVuZSBmaWxsZXR0ZSBcdTAwZTJnXHUwMGU5ZSBkZSA3IGFucyBwZXJjdXRcdTAwZTllIHBhciB1biBtb3RhcmQgbG9ycyBkXHUyMDE5dW4gcm9kXHUwMGU5byB1cmJhaW4gXHUwMGUwIFZhbGxhdXJpcyAmIzgyMTE7IEVsbGUgYSBcdTAwZTl0XHUwMGU5IHBsYWNcdTAwZTllIGRhbnMgdW4gY29tYSBhcnRpZmljaWVsICYjODIxMTsgTGUgc3VzcGVjdCBhIFx1MDBlOXRcdTAwZTkgaW50ZXJwZWxsXHUwMGU5IiwidGVtcGxhdGUiOiJoaWdod2F5IiwiYmxvZ19pZCI6MTExMDE2NDYxfQ.HpfA5ehyamZmYnGSHbw-TE8CvmKndOMM2rbZU6Ys_EIMQ"},"version":2},"_wpas_customize_per_network":false},"categories":[405],"tags":[],"class_list":["post-29973","post","type-post","status-publish","format-standard","has-post-thumbnail","hentry","category-actu-france-monde"],"jetpack_publicize_connections":[],"jetpack_featured_media_url":"https:\/\/i0.wp.com\/www.iceagetv.com\/radiosite\/wp-content\/uploads\/2024\/08\/Une-fillette-agee-de-7-ans-percutee-par-un-motard.jpg?fit=899%2C388&ssl=1","jetpack_sharing_enabled":true,"_links":{"self":[{"href":"https:\/\/www.iceagetv.com\/radiosite\/wp-json\/wp\/v2\/posts\/29973","targetHints":{"allow":["GET"]}}],"collection":[{"href":"https:\/\/www.iceagetv.com\/radiosite\/wp-json\/wp\/v2\/posts"}],"about":[{"href":"https:\/\/www.iceagetv.com\/radiosite\/wp-json\/wp\/v2\/types\/post"}],"author":[{"embeddable":true,"href":"https:\/\/www.iceagetv.com\/radiosite\/wp-json\/wp\/v2\/users\/2"}],"replies":[{"embeddable":true,"href":"https:\/\/www.iceagetv.com\/radiosite\/wp-json\/wp\/v2\/comments?post=29973"}],"version-history":[{"count":1,"href":"https:\/\/www.iceagetv.com\/radiosite\/wp-json\/wp\/v2\/posts\/29973\/revisions"}],"predecessor-version":[{"id":29976,"href":"https:\/\/www.iceagetv.com\/radiosite\/wp-json\/wp\/v2\/posts\/29973\/revisions\/29976"}],"wp:featuredmedia":[{"embeddable":true,"href":"https:\/\/www.iceagetv.com\/radiosite\/wp-json\/wp\/v2\/media\/29975"}],"wp:attachment":[{"href":"https:\/\/www.iceagetv.com\/radiosite\/wp-json\/wp\/v2\/media?parent=29973"}],"wp:term":[{"taxonomy":"category","embeddable":true,"href":"https:\/\/www.iceagetv.com\/radiosite\/wp-json\/wp\/v2\/categories?post=29973"},{"taxonomy":"post_tag","embeddable":true,"href":"https:\/\/www.iceagetv.com\/radiosite\/wp-json\/wp\/v2\/tags?post=29973"}],"curies":[{"name":"wp","href":"https:\/\/api.w.org\/{rel}","templated":true}]}}