{"id":29982,"date":"2024-08-31T06:44:30","date_gmt":"2024-08-31T06:44:30","guid":{"rendered":"https:\/\/www.iceagetv.com\/radiosite\/?p=29982"},"modified":"2024-08-31T06:44:34","modified_gmt":"2024-08-31T06:44:34","slug":"rodeo-a-vallauris-le-terrible-message-du-pere-de-kamilya-7-ans-renversee-hier-matin-elle-ne-reviendra-pas-parmi-nous-le-sang-narrive-plus-au-cerveau-la-vie-nest-pas-juste","status":"publish","type":"post","link":"https:\/\/www.iceagetv.com\/radiosite\/rodeo-a-vallauris-le-terrible-message-du-pere-de-kamilya-7-ans-renversee-hier-matin-elle-ne-reviendra-pas-parmi-nous-le-sang-narrive-plus-au-cerveau-la-vie-nest-pas-juste\/","title":{"rendered":"Rod\u00e9o \u00e0 Vallauris &#8211; Le terrible message du p\u00e8re de Kamilya, 7 ans, renvers\u00e9e hier matin : \u00ab\u00a0Elle ne reviendra pas parmi nous. Le sang n\u2019arrive plus au cerveau. La vie n\u2019est pas juste."},"content":{"rendered":"\n<p class=\"\"><strong>: Message dramatique du p\u00e8re de Kamilya, 7 ans renvers\u00e9 hier par un jeune homme en moto alors qu&rsquo;elle traversait sur un passage pi\u00e9ton.<\/strong>\u00a0<strong>\u00ab\u00a0Elle ne reviendra plus parmi nous\u00a0\u00bb, a indiqu\u00e9 le p\u00e8re de la fillette sur Facebook. \u00ab\u00a0Le sang n\u2019arrive plus au cerveau depuis un bon moment. La vie n\u2019est pas juste\u00a0\u00bb, a-t-il d\u00e9plor\u00e9.<\/strong>\u00ab\u00a0Une fillette de 7 ans a \u00e9t\u00e9 plac\u00e9e dans le coma apr\u00e8s avoir \u00e9t\u00e9 percut\u00e9 par un criminel de 19 ans en roue arri\u00e8re. Les rod\u00e9os urbains sont un fl\u00e9au qu&rsquo;il faut enfin s\u00e9v\u00e8rement sanctionner. De tout c\u0153ur avec cette petite fille qui lutte pour sa vie\u00a0\u00bb, a \u00e9crit sur X le maire de Nice.<\/p>\n\n\n\n<p class=\"\"><strong>Ce que l&rsquo;on sait du drame &#8211;<\/strong>&nbsp;Kamilya, sept ans, a \u00e9t\u00e9 plac\u00e9e dans un coma artificiel, dans un h\u00f4pital de Nice (Alpes-Maritimes). Dans l\u2019apr\u00e8s-midi du vendredi 30 ao\u00fbt, son p\u00e8re a annonc\u00e9 sur les r\u00e9seaux sociaux qu\u2019elle ne survivra pas \u00e0 ses blessures. Jeudi, peu avant 19 heures, Kamilya a \u00e9t\u00e9 violemment percut\u00e9e par un motard, alors qu\u2019elle traversait la route sur un passage pi\u00e9ton, \u00e0 Vallauris (Alpes-Maritimes).<\/p>\n\n\n\n<p class=\"\">Le conducteur \u00e9tait en train de doubler une file de voitures, en \u00e9quilibre sur sa roue arri\u00e8re. \u00ab\u00a0J\u2019ai vu la petite dans un \u00e9tat horrible, les parents apr\u00e8s qui sont arriv\u00e9s, \u00e7a nous a fendu le c\u0153ur\u00a0\u00bb, raconte une t\u00e9moin.<\/p>\n","protected":false},"excerpt":{"rendered":"<p>: Message dramatique du p\u00e8re de Kamilya, 7 ans renvers\u00e9 hier par un jeune homme en moto alors qu&rsquo;elle traversait sur un passage pi\u00e9ton.\u00a0\u00ab\u00a0Elle ne reviendra plus parmi nous\u00a0\u00bb, a indiqu\u00e9 le p\u00e8re de la fillette sur Facebook. \u00ab\u00a0Le sang n\u2019arrive plus au cerveau depuis un bon moment. La vie n\u2019est pas juste\u00a0\u00bb, a-t-il d\u00e9plor\u00e9.\u00ab\u00a0Une [&hellip;]<\/p>\n","protected":false},"author":2,"featured_media":29983,"comment_status":"open","ping_status":"open","sticky":false,"template":"","format":"standard","meta":{"_jetpack_memberships_contains_paid_content":false,"footnotes":"","jetpack_publicize_message":"","jetpack_publicize_feature_enabled":true,"jetpack_social_post_already_shared":true,"jetpack_social_options":{"image_generator_settings":{"template":"highway","enabled":true,"token":"eyJpbWciOiJodHRwczpcL1wvd3d3LmljZWFnZXR2LmNvbVwvcmFkaW9zaXRlXC93cC1jb250ZW50XC91cGxvYWRzXC8yMDI0XC8wOFwvUm9kZW8tYS1WYWxsYXVyaXMuanBnIiwidHh0IjoiUm9kXHUwMGU5byBcdTAwZTAgVmFsbGF1cmlzICYjODIxMTsgTGUgdGVycmlibGUgbWVzc2FnZSBkdSBwXHUwMGU4cmUgZGUgS2FtaWx5YSwgNyBhbnMsIHJlbnZlcnNcdTAwZTllIGhpZXIgbWF0aW4gOiAmIzgyMjA7RWxsZSBuZSByZXZpZW5kcmEgcGFzIHBhcm1pIG5vdXMuIExlIHNhbmcgblx1MjAxOWFycml2ZSBwbHVzIGF1IGNlcnZlYXUuIExhIHZpZSBuXHUyMDE5ZXN0IHBhcyBqdXN0ZS4iLCJ0ZW1wbGF0ZSI6ImhpZ2h3YXkiLCJibG9nX2lkIjoxMTEwMTY0NjF9.mxECN81Pclg9OQhDPHVsgcbweDT3bNMRLvhKsnurGMYMQ"},"version":2},"_wpas_customize_per_network":false},"categories":[405],"tags":[],"class_list":["post-29982","post","type-post","status-publish","format-standard","has-post-thumbnail","hentry","category-actu-france-monde"],"jetpack_publicize_connections":[],"jetpack_featured_media_url":"https:\/\/i0.wp.com\/www.iceagetv.com\/radiosite\/wp-content\/uploads\/2024\/08\/Rodeo-a-Vallauris.jpg?fit=899%2C388&ssl=1","jetpack_sharing_enabled":true,"_links":{"self":[{"href":"https:\/\/www.iceagetv.com\/radiosite\/wp-json\/wp\/v2\/posts\/29982","targetHints":{"allow":["GET"]}}],"collection":[{"href":"https:\/\/www.iceagetv.com\/radiosite\/wp-json\/wp\/v2\/posts"}],"about":[{"href":"https:\/\/www.iceagetv.com\/radiosite\/wp-json\/wp\/v2\/types\/post"}],"author":[{"embeddable":true,"href":"https:\/\/www.iceagetv.com\/radiosite\/wp-json\/wp\/v2\/users\/2"}],"replies":[{"embeddable":true,"href":"https:\/\/www.iceagetv.com\/radiosite\/wp-json\/wp\/v2\/comments?post=29982"}],"version-history":[{"count":1,"href":"https:\/\/www.iceagetv.com\/radiosite\/wp-json\/wp\/v2\/posts\/29982\/revisions"}],"predecessor-version":[{"id":29984,"href":"https:\/\/www.iceagetv.com\/radiosite\/wp-json\/wp\/v2\/posts\/29982\/revisions\/29984"}],"wp:featuredmedia":[{"embeddable":true,"href":"https:\/\/www.iceagetv.com\/radiosite\/wp-json\/wp\/v2\/media\/29983"}],"wp:attachment":[{"href":"https:\/\/www.iceagetv.com\/radiosite\/wp-json\/wp\/v2\/media?parent=29982"}],"wp:term":[{"taxonomy":"category","embeddable":true,"href":"https:\/\/www.iceagetv.com\/radiosite\/wp-json\/wp\/v2\/categories?post=29982"},{"taxonomy":"post_tag","embeddable":true,"href":"https:\/\/www.iceagetv.com\/radiosite\/wp-json\/wp\/v2\/tags?post=29982"}],"curies":[{"name":"wp","href":"https:\/\/api.w.org\/{rel}","templated":true}]}}