{"id":29989,"date":"2024-08-31T15:02:55","date_gmt":"2024-08-31T15:02:55","guid":{"rendered":"https:\/\/www.iceagetv.com\/radiosite\/?p=29989"},"modified":"2024-08-31T15:02:59","modified_gmt":"2024-08-31T15:02:59","slug":"alerte-meteo-sept-departements-de-la-facade-atlantique-sont-placees-en-vigilance-orange-aux-orages-avant-le-debut-de-soiree-une-extension-aux-departements-voisins-est-possible","status":"publish","type":"post","link":"https:\/\/www.iceagetv.com\/radiosite\/alerte-meteo-sept-departements-de-la-facade-atlantique-sont-placees-en-vigilance-orange-aux-orages-avant-le-debut-de-soiree-une-extension-aux-departements-voisins-est-possible\/","title":{"rendered":"\u00a0Alerte M\u00e9t\u00e9o &#8211; Sept d\u00e9partements de la fa\u00e7ade atlantique sont plac\u00e9es en vigilance orange aux orages, avant le d\u00e9but de soir\u00e9e &#8211; Une extension aux d\u00e9partements voisins est possible"},"content":{"rendered":"\n<p class=\"\"><strong>Sept d\u00e9partements de la fa\u00e7ade atlantique sont plac\u00e9es en vigilance orange aux orages, avant le d\u00e9but de soir\u00e9e<\/strong>. La Charente-Maritime, la Vend\u00e9e, la Loire-Atlantique et le Morbihan s&rsquo;ajoutent aux Pyr\u00e9n\u00e9es-Atlantiques, aux Landes et \u00e0 la Gironde, dans cette situation depuis la mi-journ\u00e9e. \u00ab\u00a0Des orages se d\u00e9veloppent actuellement sur la Castille-Leon (Espagne) : ils vont gagner le Pays basque en fin d&rsquo;apr\u00e8s-midi\/soir\u00e9e puis la fa\u00e7ade atlantique. (&#8230;) L&rsquo;\u00e9v\u00e9nement n&rsquo;a pas encore d\u00e9but\u00e9 sur le pays\u00a0\u00bb, \u00e9crivent les pr\u00e9visionnistes de M\u00e9t\u00e9o-France dans leur bulletin. Une extension aux d\u00e9partements voisins est possible, note M\u00e9t\u00e9o-France, qui invite les habitants \u00e0 \u00ab\u00a0se tenir inform\u00e9 de l&rsquo;\u00e9volution de la vigilance\u00a0\u00bb.<\/p>\n","protected":false},"excerpt":{"rendered":"<p>Sept d\u00e9partements de la fa\u00e7ade atlantique sont plac\u00e9es en vigilance orange aux orages, avant le d\u00e9but de soir\u00e9e. La Charente-Maritime, la Vend\u00e9e, la Loire-Atlantique et le Morbihan s&rsquo;ajoutent aux Pyr\u00e9n\u00e9es-Atlantiques, aux Landes et \u00e0 la Gironde, dans cette situation depuis la mi-journ\u00e9e. \u00ab\u00a0Des orages se d\u00e9veloppent actuellement sur la Castille-Leon (Espagne) : ils vont gagner [&hellip;]<\/p>\n","protected":false},"author":2,"featured_media":29990,"comment_status":"open","ping_status":"open","sticky":false,"template":"","format":"standard","meta":{"_jetpack_memberships_contains_paid_content":false,"footnotes":"","jetpack_publicize_message":"","jetpack_publicize_feature_enabled":true,"jetpack_social_post_already_shared":true,"jetpack_social_options":{"image_generator_settings":{"template":"highway","enabled":true,"token":"eyJpbWciOiJodHRwczpcL1wvd3d3LmljZWFnZXR2LmNvbVwvcmFkaW9zaXRlXC93cC1jb250ZW50XC91cGxvYWRzXC8yMDI0XC8wOFwvR1dVTlY5WlhVQUFpVkc2LTEwMjR4NTM2LmpwZyIsInR4dCI6Ilx1MDBhMEFsZXJ0ZSBNXHUwMGU5dFx1MDBlOW8gJiM4MjExOyBTZXB0IGRcdTAwZTlwYXJ0ZW1lbnRzIGRlIGxhIGZhXHUwMGU3YWRlIGF0bGFudGlxdWUgc29udCBwbGFjXHUwMGU5ZXMgZW4gdmlnaWxhbmNlIG9yYW5nZSBhdXggb3JhZ2VzLCBhdmFudCBsZSBkXHUwMGU5YnV0IGRlIHNvaXJcdTAwZTllICYjODIxMTsgVW5lIGV4dGVuc2lvbiBhdXggZFx1MDBlOXBhcnRlbWVudHMgdm9pc2lucyBlc3QgcG9zc2libGUiLCJ0ZW1wbGF0ZSI6ImhpZ2h3YXkiLCJibG9nX2lkIjoxMTEwMTY0NjF9.yvq27OWcBe5WZeEo_CVDzRdkjyNii5xdoqs2rxEBFqgMQ"},"version":2},"_wpas_customize_per_network":false},"categories":[14],"tags":[],"class_list":["post-29989","post","type-post","status-publish","format-standard","has-post-thumbnail","hentry","category-actu-meteo"],"jetpack_publicize_connections":[],"jetpack_featured_media_url":"https:\/\/i0.wp.com\/www.iceagetv.com\/radiosite\/wp-content\/uploads\/2024\/08\/GWUNV9ZXUAAiVG6.jpg?fit=1200%2C628&ssl=1","jetpack_sharing_enabled":true,"_links":{"self":[{"href":"https:\/\/www.iceagetv.com\/radiosite\/wp-json\/wp\/v2\/posts\/29989","targetHints":{"allow":["GET"]}}],"collection":[{"href":"https:\/\/www.iceagetv.com\/radiosite\/wp-json\/wp\/v2\/posts"}],"about":[{"href":"https:\/\/www.iceagetv.com\/radiosite\/wp-json\/wp\/v2\/types\/post"}],"author":[{"embeddable":true,"href":"https:\/\/www.iceagetv.com\/radiosite\/wp-json\/wp\/v2\/users\/2"}],"replies":[{"embeddable":true,"href":"https:\/\/www.iceagetv.com\/radiosite\/wp-json\/wp\/v2\/comments?post=29989"}],"version-history":[{"count":1,"href":"https:\/\/www.iceagetv.com\/radiosite\/wp-json\/wp\/v2\/posts\/29989\/revisions"}],"predecessor-version":[{"id":29991,"href":"https:\/\/www.iceagetv.com\/radiosite\/wp-json\/wp\/v2\/posts\/29989\/revisions\/29991"}],"wp:featuredmedia":[{"embeddable":true,"href":"https:\/\/www.iceagetv.com\/radiosite\/wp-json\/wp\/v2\/media\/29990"}],"wp:attachment":[{"href":"https:\/\/www.iceagetv.com\/radiosite\/wp-json\/wp\/v2\/media?parent=29989"}],"wp:term":[{"taxonomy":"category","embeddable":true,"href":"https:\/\/www.iceagetv.com\/radiosite\/wp-json\/wp\/v2\/categories?post=29989"},{"taxonomy":"post_tag","embeddable":true,"href":"https:\/\/www.iceagetv.com\/radiosite\/wp-json\/wp\/v2\/tags?post=29989"}],"curies":[{"name":"wp","href":"https:\/\/api.w.org\/{rel}","templated":true}]}}