{"id":29999,"date":"2024-09-01T09:10:52","date_gmt":"2024-09-01T09:10:52","guid":{"rendered":"https:\/\/www.iceagetv.com\/radiosite\/?p=29999"},"modified":"2024-09-01T09:10:56","modified_gmt":"2024-09-01T09:10:56","slug":"chantier-de-la69-quatre-interpellations-apres-des-heurts-entre-des-opposants-et-les-gendarmes-des-la-reprise-des-travaux","status":"publish","type":"post","link":"https:\/\/www.iceagetv.com\/radiosite\/chantier-de-la69-quatre-interpellations-apres-des-heurts-entre-des-opposants-et-les-gendarmes-des-la-reprise-des-travaux\/","title":{"rendered":"Chantier de l&rsquo;A69 : quatre interpellations apr\u00e8s des heurts entre des opposants et les gendarmes d\u00e8s la reprise des travaux"},"content":{"rendered":"\n<p class=\"\">Les opposants \u00e0 la construction de l&rsquo;autoroute A69, entre Castres et Toulouse, ne d\u00e9sarment pas : des affrontements avec les forces de l&rsquo;ordre ont eu lieu dans la nuit de samedi \u00e0 dimanche. Quatre personnes ont \u00e9t\u00e9 interpell\u00e9es.<\/p>\n\n\n\n<p class=\"\">Des tensions ont \u00e9clat\u00e9 dans la nuit de samedi \u00e0 dimanche 1er septembre entre les opposants au chantier de l&rsquo;A69 et les gendarmes, sur le&nbsp;<a href=\"https:\/\/france3-regions.francetvinfo.fr\/occitanie\/tarn\/albi\/autoroute-a69-poursuite-de-l-evacuation-des-zones-a-deboiser-apres-la-chute-accidentelle-d-un-militant-et-d-un-appel-a-la-mobilisation-3024629.html\" target=\"_blank\" rel=\"noreferrer noopener\">chantier situ\u00e9 sur la commune de Sa\u00efx<\/a>. D\u00e8s le d\u00e9but de la reprise du d\u00e9boisement, \u00e0 minuit, les gendarmes ont \u00e9t\u00e9 la cible&nbsp;<em>\u00ab\u00a0avant m\u00eame le d\u00e9marrage des coupes\u00a0\u00bb<\/em>&nbsp;d&rsquo;arbres de tirs de mortiers et de jets de projectiles, lanc\u00e9s&nbsp;<em>\u00ab\u00a0par catapulte\u00a0\u00bb,&nbsp;<\/em>affirme la pr\u00e9fecture du Tarn. Des opposants \u00e0 l&rsquo;autoroute entre Toulouse et Castres ont \u00e9galement essay\u00e9 de s&rsquo;introduire sur le site des travaux. Quatre personnes ont \u00e9t\u00e9 interpell\u00e9es.<\/p>\n\n\n\n<p class=\"\">Toujours selon la pr\u00e9fecture, les \u00e9quipes sp\u00e9cialis\u00e9es de la gendarmerie nationale ont permis de faire descendre plusieurs militants perch\u00e9s dans les arbres. Mais dimanche matin, quelques arbres restent encore occup\u00e9s sur le site de La Calari\u00e9 sur la commune de Sa\u00efx.&nbsp;Le trafic des trains entre Toulouse et Castres a \u00e9t\u00e9 l\u00e9g\u00e8rement perturb\u00e9 dans la matin\u00e9e&nbsp;<em>\u00ab\u00a0en raison de la pr\u00e9sence d&rsquo;opposants sur la voie ferr\u00e9es\u00a0\u00bb.<\/em><\/p>\n\n\n\n<p class=\"\">La pr\u00e9fecture et Atosca, la soci\u00e9t\u00e9 de concession de l&rsquo;autoroute,&nbsp;<em>\u00ab\u00a0ont entrepris d&rsquo;abattre de nombreux arbres\u00a0\u00bb<\/em>&nbsp;autour des Zad Crem&rsquo;Arbre et Cal&rsquo;Arbre \u00e0 Sa\u00efx, dont un&nbsp;<em>\u00ab\u00a0platane bicentenaire class\u00e9 remarquable\u00a0\u00bb<\/em>, des ch\u00eanes et des peupliers, ont rapport\u00e9 les opposants \u00e0 Radio France. Une centaine de personnes est venue s&rsquo;opposer aux coupes, selon les activistes qui affirment que&nbsp;<em>\u00ab\u00a0les militaires ont laiss\u00e9 un \u00e9cureuil [nom des militants perch\u00e9s dans les arbres] sans vivres et sans s\u00e9curit\u00e9\u00a0\u00bb<\/em>, sur la Zad de la Cal&rsquo;Arbre.&nbsp;<\/p>\n\n\n\n<h2 class=\"wp-block-heading\">La r\u00e9sistance va se poursuivre, affirment les opposants au chantier<\/h2>\n\n\n\n<p class=\"\"><em>\u00ab\u00a0Le niveau de violence d\u00e9ploy\u00e9 par l&rsquo;\u00c9tat et les industriels r\u00e9v\u00e8le leur panique face \u00e0 notre engagement qui les met chaque jour \u00e0 l&rsquo;\u00e9preuve\u00a0\u00bb<\/em>, commentent les opposants au chantier. Ils appellent \u00e0 venir soutenir les \u00e9cureuils de la Cal&rsquo;Arbre.&nbsp;<em>\u00ab\u00a0La poursuite des occupations et de la r\u00e9sistance est inexorable&nbsp;: Atosca n&rsquo;a pas fini d&rsquo;avoir chaud\u00a0\u00bb<\/em>, pr\u00e9viennent-ils. Les opposants d\u00e9noncent aussi l&rsquo;incendie pendant la nuit de la voiture d&rsquo;une habitante sur la Zad du Verger, \u00e0 Verfeil en Haute-Garonne, \u00e9galement situ\u00e9 sur le trac\u00e9 du chantier.&nbsp;<\/p>\n\n\n\n<p class=\"\">Vendredi, les forces de l&rsquo;ordre ont commenc\u00e9 \u00e0 \u00e9vacuer la Zad de la Cal&rsquo;Arbre \u00e0 Sa\u00efx au lieu-dit La Calari\u00e9,&nbsp;<em>\u00ab\u00a0occup\u00e9 ill\u00e9galement par des opposants au chantier de l&rsquo;autoroute A69.\u00a0\u00bb<\/em>&nbsp;Au total, les forces de l&rsquo;ordre ont proc\u00e9d\u00e9 \u00e0 17 interpellations depuis vendredi, selon la pr\u00e9fecture.&nbsp;<\/p>\n\n\n\n<p class=\"\">La construction de l&rsquo;autoroute A69 est critiqu\u00e9e par des collectifs et mouvements de d\u00e9fense de l&rsquo;environnement, qui d\u00e9noncent un projet n\u00e9faste pour le climat et la destruction de zones humides, de terres agricoles, d&rsquo;arbres, d&rsquo;\u00e9cosyst\u00e8mes et de nappes phr\u00e9atiques.<\/p>\n","protected":false},"excerpt":{"rendered":"<p>Les opposants \u00e0 la construction de l&rsquo;autoroute A69, entre Castres et Toulouse, ne d\u00e9sarment pas : des affrontements avec les forces de l&rsquo;ordre ont eu lieu dans la nuit de samedi \u00e0 dimanche. Quatre personnes ont \u00e9t\u00e9 interpell\u00e9es. Des tensions ont \u00e9clat\u00e9 dans la nuit de samedi \u00e0 dimanche 1er septembre entre les opposants au [&hellip;]<\/p>\n","protected":false},"author":2,"featured_media":30002,"comment_status":"open","ping_status":"open","sticky":false,"template":"","format":"standard","meta":{"_jetpack_memberships_contains_paid_content":false,"footnotes":"","jetpack_publicize_message":"","jetpack_publicize_feature_enabled":true,"jetpack_social_post_already_shared":true,"jetpack_social_options":{"image_generator_settings":{"template":"highway","enabled":true,"token":"eyJpbWciOiJodHRwczpcL1wvd3d3LmljZWFnZXR2LmNvbVwvcmFkaW9zaXRlXC93cC1jb250ZW50XC91cGxvYWRzXC8yMDI0XC8wOVwvWDVkSzBDcmwuanBnIiwidHh0IjoiQ2hhbnRpZXIgZGUgbCYjODIxNztBNjkgOiBxdWF0cmUgaW50ZXJwZWxsYXRpb25zIGFwclx1MDBlOHMgZGVzIGhldXJ0cyBlbnRyZSBkZXMgb3Bwb3NhbnRzIGV0IGxlcyBnZW5kYXJtZXMgZFx1MDBlOHMgbGEgcmVwcmlzZSBkZXMgdHJhdmF1eCIsInRlbXBsYXRlIjoiaGlnaHdheSIsImJsb2dfaWQiOjExMTAxNjQ2MX0.mDvFgiya2cWU0-SAAvsAnCZs6N9Ic5JhW8B2cz1FwqoMQ"},"version":2},"_wpas_customize_per_network":false},"categories":[405],"tags":[],"class_list":["post-29999","post","type-post","status-publish","format-standard","has-post-thumbnail","hentry","category-actu-france-monde"],"jetpack_publicize_connections":[],"jetpack_featured_media_url":"https:\/\/i0.wp.com\/www.iceagetv.com\/radiosite\/wp-content\/uploads\/2024\/09\/X5dK0Crl.jpg?fit=900%2C471&ssl=1","jetpack_sharing_enabled":true,"_links":{"self":[{"href":"https:\/\/www.iceagetv.com\/radiosite\/wp-json\/wp\/v2\/posts\/29999","targetHints":{"allow":["GET"]}}],"collection":[{"href":"https:\/\/www.iceagetv.com\/radiosite\/wp-json\/wp\/v2\/posts"}],"about":[{"href":"https:\/\/www.iceagetv.com\/radiosite\/wp-json\/wp\/v2\/types\/post"}],"author":[{"embeddable":true,"href":"https:\/\/www.iceagetv.com\/radiosite\/wp-json\/wp\/v2\/users\/2"}],"replies":[{"embeddable":true,"href":"https:\/\/www.iceagetv.com\/radiosite\/wp-json\/wp\/v2\/comments?post=29999"}],"version-history":[{"count":1,"href":"https:\/\/www.iceagetv.com\/radiosite\/wp-json\/wp\/v2\/posts\/29999\/revisions"}],"predecessor-version":[{"id":30003,"href":"https:\/\/www.iceagetv.com\/radiosite\/wp-json\/wp\/v2\/posts\/29999\/revisions\/30003"}],"wp:featuredmedia":[{"embeddable":true,"href":"https:\/\/www.iceagetv.com\/radiosite\/wp-json\/wp\/v2\/media\/30002"}],"wp:attachment":[{"href":"https:\/\/www.iceagetv.com\/radiosite\/wp-json\/wp\/v2\/media?parent=29999"}],"wp:term":[{"taxonomy":"category","embeddable":true,"href":"https:\/\/www.iceagetv.com\/radiosite\/wp-json\/wp\/v2\/categories?post=29999"},{"taxonomy":"post_tag","embeddable":true,"href":"https:\/\/www.iceagetv.com\/radiosite\/wp-json\/wp\/v2\/tags?post=29999"}],"curies":[{"name":"wp","href":"https:\/\/api.w.org\/{rel}","templated":true}]}}