{"id":30039,"date":"2024-09-03T06:31:57","date_gmt":"2024-09-03T06:31:57","guid":{"rendered":"https:\/\/www.iceagetv.com\/radiosite\/?p=30039"},"modified":"2024-09-03T06:32:02","modified_gmt":"2024-09-03T06:32:02","slug":"xv-de-france-oscar-jegou-et-hugo-auradou-qui-sont-inculpes-depuis-le-12-juillet-de-viol-en-reunion-avec-violence-devraient-savoir-aujourdhui-si-ils-peuvent-rentrer-en-france","status":"publish","type":"post","link":"https:\/\/www.iceagetv.com\/radiosite\/xv-de-france-oscar-jegou-et-hugo-auradou-qui-sont-inculpes-depuis-le-12-juillet-de-viol-en-reunion-avec-violence-devraient-savoir-aujourdhui-si-ils-peuvent-rentrer-en-france\/","title":{"rendered":"XV de France : Oscar Jegou et Hugo Auradou, qui sont inculp\u00e9s depuis le 12 juillet de viol en r\u00e9union avec violence, devraient savoir aujourd&rsquo;hui si ils peuvent rentrer en France"},"content":{"rendered":"\n<p class=\"\">Les avocats d&rsquo;Hugo Auradou et Oscar Jegou avaient demand\u00e9 vendredi \u00e0 la justice de lever l&rsquo;interdiction de quitter le pays pour les deux joueurs, libres mais dans l&rsquo;attente de l&rsquo;examen d&rsquo;une demande de non-lieu. Une d\u00e9cision du parquet \u00absur la demande de sortie du pays devrait \u00eatre rendue lundi ou mardi\u00bb, avait d\u00e9clar\u00e9 Martin Ahumada, porte-parole de la justice provinciale de Mendoza.<\/p>\n\n\n\n<p class=\"\">Mais un nouveau rebondissement a eu lieu ce lundi. Les avocats de la plaignante, Natacha Romano et Mauricio Gardello, ont en effet demand\u00e9 la r\u00e9cusation des procureurs en charge de l&rsquo;affaire, selon les informations du m\u00e9dia argentin Diario Uno et de L&rsquo;\u00c9quipe. Ils accusent le minist\u00e8re public de prendre fait et cause pour les deux internationaux fran\u00e7ais.<\/p>\n\n\n\n<p class=\"\">Mardi dernier, ces derniers, qui avaient r\u00e9cup\u00e9r\u00e9 leur passeport, avaient quitt\u00e9 Mendoza pour la capitale Buenos Aires \u00e0 1.000 km, et un lieu de r\u00e9sidence inconnu.<\/p>\n\n\n\n<p class=\"\">Dans leur argumentaire de r\u00e9cusation, auquel l&rsquo;AFP a eu acc\u00e8s, les avocats de la plaignante \u00e9num\u00e8rent une liste de griefs contre les deux procureurs, Dario Nora et Daniela Chaler, qui selon eux \u00abjugent au lieu d&rsquo;enqu\u00eater\u00bb.<\/p>\n\n\n\n<p class=\"\">Paraissant anticiper une autorisation imminente de quitter le pays pour les deux joueurs, les avocats d\u00e9plorent qu\u2019\u00abils vont \u00eatre r\u00e9compens\u00e9s par une autorisation \u00e0 retourner dans leur pays (&#8230;) retrouvant le cours de leur vie normale, tandis que la plaignante souffre de pr\u00e9judices irr\u00e9parables \u00e0 la suite des faits d\u00e9nonc\u00e9s\u00bb.<\/p>\n\n\n\n<p class=\"\">Leur argumentaire \u00e9voque notamment la tentative de suicide de la plaignante, il y a dix jours, et le fait qu&rsquo;elle reste \u00e0 ce jour hospitalis\u00e9e. Autoriser les joueurs \u00e0 quitter l&rsquo;Argentine \u00e0 ce stade repr\u00e9senterait \u00abun scandale institutionnel jamais vu\u00bb, d\u00e9noncent les avocats, d&rsquo;autant que de derniers actes de proc\u00e9dure, notamment des expertises psychologiques, restent encore \u00e0 valider.<\/p>\n","protected":false},"excerpt":{"rendered":"<p>Les avocats d&rsquo;Hugo Auradou et Oscar Jegou avaient demand\u00e9 vendredi \u00e0 la justice de lever l&rsquo;interdiction de quitter le pays pour les deux joueurs, libres mais dans l&rsquo;attente de l&rsquo;examen d&rsquo;une demande de non-lieu. Une d\u00e9cision du parquet \u00absur la demande de sortie du pays devrait \u00eatre rendue lundi ou mardi\u00bb, avait d\u00e9clar\u00e9 Martin Ahumada, [&hellip;]<\/p>\n","protected":false},"author":2,"featured_media":30040,"comment_status":"open","ping_status":"open","sticky":false,"template":"","format":"standard","meta":{"_jetpack_memberships_contains_paid_content":false,"footnotes":"","jetpack_publicize_message":"","jetpack_publicize_feature_enabled":true,"jetpack_social_post_already_shared":true,"jetpack_social_options":{"image_generator_settings":{"template":"highway","enabled":true,"token":"eyJpbWciOiJodHRwczpcL1wvd3d3LmljZWFnZXR2LmNvbVwvcmFkaW9zaXRlXC93cC1jb250ZW50XC91cGxvYWRzXC8yMDI0XC8wOVwvWFYtZGUtRnJhbmNlLmpwZyIsInR4dCI6IlhWIGRlIEZyYW5jZSA6IE9zY2FyIEplZ291IGV0IEh1Z28gQXVyYWRvdSwgcXVpIHNvbnQgaW5jdWxwXHUwMGU5cyBkZXB1aXMgbGUgMTIganVpbGxldCBkZSB2aW9sIGVuIHJcdTAwZTl1bmlvbiBhdmVjIHZpb2xlbmNlLCBkZXZyYWllbnQgc2F2b2lyIGF1am91cmQmIzgyMTc7aHVpIHNpIGlscyBwZXV2ZW50IHJlbnRyZXIgZW4gRnJhbmNlIiwidGVtcGxhdGUiOiJoaWdod2F5IiwiYmxvZ19pZCI6MTExMDE2NDYxfQ.-cq5lKad1CIgYrGb6QVlQzRr6extKbZmDUkU5heJyR4MQ"},"version":2},"_wpas_customize_per_network":false},"categories":[405],"tags":[],"class_list":["post-30039","post","type-post","status-publish","format-standard","has-post-thumbnail","hentry","category-actu-france-monde"],"jetpack_publicize_connections":[],"jetpack_featured_media_url":"https:\/\/i0.wp.com\/www.iceagetv.com\/radiosite\/wp-content\/uploads\/2024\/09\/XV-de-France.jpg?fit=899%2C388&ssl=1","jetpack_sharing_enabled":true,"_links":{"self":[{"href":"https:\/\/www.iceagetv.com\/radiosite\/wp-json\/wp\/v2\/posts\/30039","targetHints":{"allow":["GET"]}}],"collection":[{"href":"https:\/\/www.iceagetv.com\/radiosite\/wp-json\/wp\/v2\/posts"}],"about":[{"href":"https:\/\/www.iceagetv.com\/radiosite\/wp-json\/wp\/v2\/types\/post"}],"author":[{"embeddable":true,"href":"https:\/\/www.iceagetv.com\/radiosite\/wp-json\/wp\/v2\/users\/2"}],"replies":[{"embeddable":true,"href":"https:\/\/www.iceagetv.com\/radiosite\/wp-json\/wp\/v2\/comments?post=30039"}],"version-history":[{"count":1,"href":"https:\/\/www.iceagetv.com\/radiosite\/wp-json\/wp\/v2\/posts\/30039\/revisions"}],"predecessor-version":[{"id":30041,"href":"https:\/\/www.iceagetv.com\/radiosite\/wp-json\/wp\/v2\/posts\/30039\/revisions\/30041"}],"wp:featuredmedia":[{"embeddable":true,"href":"https:\/\/www.iceagetv.com\/radiosite\/wp-json\/wp\/v2\/media\/30040"}],"wp:attachment":[{"href":"https:\/\/www.iceagetv.com\/radiosite\/wp-json\/wp\/v2\/media?parent=30039"}],"wp:term":[{"taxonomy":"category","embeddable":true,"href":"https:\/\/www.iceagetv.com\/radiosite\/wp-json\/wp\/v2\/categories?post=30039"},{"taxonomy":"post_tag","embeddable":true,"href":"https:\/\/www.iceagetv.com\/radiosite\/wp-json\/wp\/v2\/tags?post=30039"}],"curies":[{"name":"wp","href":"https:\/\/api.w.org\/{rel}","templated":true}]}}