{"id":30043,"date":"2024-09-03T08:18:03","date_gmt":"2024-09-03T08:18:03","guid":{"rendered":"https:\/\/www.iceagetv.com\/radiosite\/?p=30043"},"modified":"2024-09-03T08:18:07","modified_gmt":"2024-09-03T08:18:07","slug":"30043-2","status":"publish","type":"post","link":"https:\/\/www.iceagetv.com\/radiosite\/30043-2\/","title":{"rendered":""},"content":{"rendered":"\n<h1 class=\"wp-block-heading\">Pas-de-Calais: Un suspect a \u00e9t\u00e9 plac\u00e9 en garde \u00e0 vue apr\u00e8s l&rsquo;incendie de l&rsquo;\u00e9glise de l&rsquo;Immacul\u00e9e-Conception de Saint-Omer &#8211; Il est \u00ab\u00a0connu pour des faits similaires de destruction par incendie\u00a0\u00bb, indique le procureur<\/h1>\n\n\n\n<p class=\"\">Un homme a \u00e9t\u00e9 plac\u00e9 en garde \u00e0 vue dans la soir\u00e9e de lundi 3 septembre dans le cadre de l&rsquo;enqu\u00eate sur l&rsquo;incendie qui a fortement endommag\u00e9 une \u00e9glise de Saint-Omer (Pas-de-Calais) dans la nuit de dimanche \u00e0 lundi, a appris l&rsquo;AFP aupr\u00e8s du parquet.<\/p>\n\n\n\n<p class=\"\">Cet homme n\u00e9 en 1985 a des \u00ab\u00a0ant\u00e9c\u00e9dents nombreux\u00a0\u00bb : il est \u00ab\u00a0connu pour des faits similaires de destruction par incendie\u00a0\u00bb, a indiqu\u00e9 \u00e0 l&rsquo;AFP le procureur de Saint-Omer, Mehdi Benbouzid.<\/p>\n\n\n\n<p class=\"\">L&rsquo;\u00e9glise de l&rsquo;Immacul\u00e9e-Conception de Saint-Omer (Pas-de-Calais) a \u00e9t\u00e9 touch\u00e9e par un violent incendie \u00e0 l&rsquo;origine encore inconnue dans la nuit de dimanche \u00e0 lundi 2 septembre et son clocher s&rsquo;est effondr\u00e9, a annonc\u00e9 lundi la pr\u00e9fecture du Pas-de-Calais.<\/p>\n\n\n\n<p class=\"\">Aux environs de 4H30, un \u00ab\u00a0important incendie\u00a0\u00bb s&rsquo;est d\u00e9clench\u00e9 au sein de l&rsquo;\u00e9difice religieux, indique la pr\u00e9fecture dans un communiqu\u00e9. Gr\u00e2ce \u00e0 l&rsquo;action de 90 sapeurs-pompiers, le feu est circonscrit lundi matin, mais le clocher de l&rsquo;\u00e9glise s&rsquo;est effondr\u00e9, a pr\u00e9cis\u00e9 la pr\u00e9fecture \u00e0 l&rsquo;AFP.<\/p>\n\n\n\n<p class=\"\">Personne n&rsquo;a \u00e9t\u00e9 bless\u00e9 mais \u00ab\u00a0une cinquantaine de riverains habitant \u00e0 proximit\u00e9 de l&rsquo;\u00e9difice a \u00e9t\u00e9 \u00e9vacu\u00e9e pr\u00e9ventivement\u00a0\u00bb. L&rsquo;origine de l&rsquo;incendie n&rsquo;est pas connue. Une enqu\u00eate doit \u00eatre ouverte sous l&rsquo;autorit\u00e9 du procureur de Saint-Omer, ajoute la pr\u00e9fecture.<\/p>\n","protected":false},"excerpt":{"rendered":"<p>Pas-de-Calais: Un suspect a \u00e9t\u00e9 plac\u00e9 en garde \u00e0 vue apr\u00e8s l&rsquo;incendie de l&rsquo;\u00e9glise de l&rsquo;Immacul\u00e9e-Conception de Saint-Omer &#8211; Il est \u00ab\u00a0connu pour des faits similaires de destruction par incendie\u00a0\u00bb, indique le procureur Un homme a \u00e9t\u00e9 plac\u00e9 en garde \u00e0 vue dans la soir\u00e9e de lundi 3 septembre dans le cadre de l&rsquo;enqu\u00eate sur [&hellip;]<\/p>\n","protected":false},"author":2,"featured_media":0,"comment_status":"open","ping_status":"open","sticky":false,"template":"","format":"standard","meta":{"_jetpack_memberships_contains_paid_content":false,"footnotes":"","jetpack_publicize_message":"","jetpack_publicize_feature_enabled":true,"jetpack_social_post_already_shared":true,"jetpack_social_options":{"image_generator_settings":{"template":"highway","enabled":true},"version":2},"_wpas_customize_per_network":false},"categories":[405],"tags":[],"class_list":["post-30043","post","type-post","status-publish","format-standard","hentry","category-actu-france-monde"],"jetpack_publicize_connections":[],"jetpack_featured_media_url":"","jetpack_sharing_enabled":true,"_links":{"self":[{"href":"https:\/\/www.iceagetv.com\/radiosite\/wp-json\/wp\/v2\/posts\/30043","targetHints":{"allow":["GET"]}}],"collection":[{"href":"https:\/\/www.iceagetv.com\/radiosite\/wp-json\/wp\/v2\/posts"}],"about":[{"href":"https:\/\/www.iceagetv.com\/radiosite\/wp-json\/wp\/v2\/types\/post"}],"author":[{"embeddable":true,"href":"https:\/\/www.iceagetv.com\/radiosite\/wp-json\/wp\/v2\/users\/2"}],"replies":[{"embeddable":true,"href":"https:\/\/www.iceagetv.com\/radiosite\/wp-json\/wp\/v2\/comments?post=30043"}],"version-history":[{"count":1,"href":"https:\/\/www.iceagetv.com\/radiosite\/wp-json\/wp\/v2\/posts\/30043\/revisions"}],"predecessor-version":[{"id":30044,"href":"https:\/\/www.iceagetv.com\/radiosite\/wp-json\/wp\/v2\/posts\/30043\/revisions\/30044"}],"wp:attachment":[{"href":"https:\/\/www.iceagetv.com\/radiosite\/wp-json\/wp\/v2\/media?parent=30043"}],"wp:term":[{"taxonomy":"category","embeddable":true,"href":"https:\/\/www.iceagetv.com\/radiosite\/wp-json\/wp\/v2\/categories?post=30043"},{"taxonomy":"post_tag","embeddable":true,"href":"https:\/\/www.iceagetv.com\/radiosite\/wp-json\/wp\/v2\/tags?post=30043"}],"curies":[{"name":"wp","href":"https:\/\/api.w.org\/{rel}","templated":true}]}}