{"id":30051,"date":"2024-09-04T06:53:11","date_gmt":"2024-09-04T06:53:11","guid":{"rendered":"https:\/\/www.iceagetv.com\/radiosite\/?p=30051"},"modified":"2024-09-04T06:53:15","modified_gmt":"2024-09-04T06:53:15","slug":"la-veuve-de-ladjudant-comyn-tue-par-un-chauffard-est-desormais-harcelee-sur-les-reseaux-sociaux-apres-ses-propos-lors-de-lhommage-a-son-mari","status":"publish","type":"post","link":"https:\/\/www.iceagetv.com\/radiosite\/la-veuve-de-ladjudant-comyn-tue-par-un-chauffard-est-desormais-harcelee-sur-les-reseaux-sociaux-apres-ses-propos-lors-de-lhommage-a-son-mari\/","title":{"rendered":"La veuve de l&rsquo;adjudant Comyn, tu\u00e9 par un chauffard est d\u00e9sormais harcel\u00e9e sur les r\u00e9seaux sociaux apr\u00e8s ses propos lors de l&rsquo;hommage \u00e0 son mari"},"content":{"rendered":"\n<p class=\"\">La veuve de l&rsquo;adjudant Comyn, tu\u00e9 par un chauffard est d\u00e9sormais harcel\u00e9e sur les r\u00e9seaux sociaux apr\u00e8s ses propos lors de l&rsquo;hommage \u00e0 son mari.&nbsp;&nbsp;Selon nos confr\u00e8res de RTL qui r\u00e9v\u00e8lent l&rsquo;information, une enqu\u00eate a \u00e9t\u00e9 ouverte. \u00ab\u00a0La proc\u00e9dure en cours concerne diff\u00e9rents messages abjects sur les r\u00e9seaux sociaux qui visent la veuve mais aussi les forces de l&rsquo;ordre et leurs proches\u00a0\u00bb, a indiqu\u00e9 cette source sans plus de pr\u00e9cisions.<\/p>\n\n\n\n<p class=\"\">La veuve du gendarme avait eu un discours remarqu\u00e9 lors de l&rsquo;hommage \u00e0 son mari puisqu&rsquo;elle n&rsquo;avait pas h\u00e9sit\u00e9 \u00e0 mettre en cause le r\u00f4le de l&rsquo;Etat et surtout la responsabilit\u00e9 de la justice :<\/p>\n\n\n\n<p class=\"\">\u00ab\u00a0Je l&rsquo;affirme haut et fort, la France a tu\u00e9 mon mari. (&#8230;) La France a tu\u00e9 mon mari par son insuffisance, son laxisme et son exc\u00e8s de tol\u00e9rance. Attention, je ne parle pas d&rsquo;\u00e9trangers, mais de r\u00e9cidivistes\u00a0\u00bb, avait-elle pr\u00e9cis\u00e9, le suspect arr\u00eat\u00e9 \u00e9tant de nationalit\u00e9 cap verdienne.<\/p>\n\n\n\n<p class=\"\">G\u00e9rald Darmanin a fait part du \u00ab choc \u00bb et de l\u2019\u00ab immense col\u00e8re \u00bb qui ont suivi la mort du gendarme, saluant la m\u00e9moire d\u2019un \u00ab h\u00e9ros du quotidien \u00bb, d\u2019un \u00ab anonyme plein de vertus \u00bb. \u00ab Si la mort fait partie de la vie du gendarme, du policier, si elle fait partie de l\u2019uniforme, les conditions de celle-ci ne sont pas toutes acceptables. La mort d\u2019Eric Comyn n\u2019est pas acceptable \u00bb, a-t-il poursuivi.<\/p>\n\n\n\n<p class=\"\">\u00abCe n\u2019est pas un refus d\u2019obtemp\u00e9rer, c\u2019est un crime. Ce n\u2019est pas un fait divers, c\u2019est un fait de soci\u00e9t\u00e9 \u00bb, a martel\u00e9 le ministre, dans un discours adress\u00e9 directement \u00e0 la veuve de l\u2019adjudant, qui avait \u00e9mis le souhait qu\u2019il pr\u00e9side cet hommage<\/p>\n","protected":false},"excerpt":{"rendered":"<p>La veuve de l&rsquo;adjudant Comyn, tu\u00e9 par un chauffard est d\u00e9sormais harcel\u00e9e sur les r\u00e9seaux sociaux apr\u00e8s ses propos lors de l&rsquo;hommage \u00e0 son mari.&nbsp;&nbsp;Selon nos confr\u00e8res de RTL qui r\u00e9v\u00e8lent l&rsquo;information, une enqu\u00eate a \u00e9t\u00e9 ouverte. \u00ab\u00a0La proc\u00e9dure en cours concerne diff\u00e9rents messages abjects sur les r\u00e9seaux sociaux qui visent la veuve mais aussi [&hellip;]<\/p>\n","protected":false},"author":2,"featured_media":30052,"comment_status":"open","ping_status":"open","sticky":false,"template":"","format":"standard","meta":{"_jetpack_memberships_contains_paid_content":false,"footnotes":"","jetpack_publicize_message":"","jetpack_publicize_feature_enabled":true,"jetpack_social_post_already_shared":true,"jetpack_social_options":{"image_generator_settings":{"template":"highway","enabled":true,"token":"eyJpbWciOiJodHRwczpcL1wvd3d3LmljZWFnZXR2LmNvbVwvcmFkaW9zaXRlXC93cC1jb250ZW50XC91cGxvYWRzXC8yMDI0XC8wOVwvUHBNZk1PZW0uanBnIiwidHh0IjoiTGEgdmV1dmUgZGUgbCYjODIxNzthZGp1ZGFudCBDb215biwgdHVcdTAwZTkgcGFyIHVuIGNoYXVmZmFyZCBlc3QgZFx1MDBlOXNvcm1haXMgaGFyY2VsXHUwMGU5ZSBzdXIgbGVzIHJcdTAwZTlzZWF1eCBzb2NpYXV4IGFwclx1MDBlOHMgc2VzIHByb3BvcyBsb3JzIGRlIGwmIzgyMTc7aG9tbWFnZSBcdTAwZTAgc29uIG1hcmkiLCJ0ZW1wbGF0ZSI6ImhpZ2h3YXkiLCJibG9nX2lkIjoxMTEwMTY0NjF9.ET3-4E62R26CIqUmrh9LzvrmxVE7XlYS4-t0aZ1_Kl8MQ"},"version":2},"_wpas_customize_per_network":false},"categories":[405],"tags":[],"class_list":["post-30051","post","type-post","status-publish","format-standard","has-post-thumbnail","hentry","category-actu-france-monde"],"jetpack_publicize_connections":[],"jetpack_featured_media_url":"https:\/\/i0.wp.com\/www.iceagetv.com\/radiosite\/wp-content\/uploads\/2024\/09\/PpMfMOem.jpg?fit=899%2C388&ssl=1","jetpack_sharing_enabled":true,"_links":{"self":[{"href":"https:\/\/www.iceagetv.com\/radiosite\/wp-json\/wp\/v2\/posts\/30051","targetHints":{"allow":["GET"]}}],"collection":[{"href":"https:\/\/www.iceagetv.com\/radiosite\/wp-json\/wp\/v2\/posts"}],"about":[{"href":"https:\/\/www.iceagetv.com\/radiosite\/wp-json\/wp\/v2\/types\/post"}],"author":[{"embeddable":true,"href":"https:\/\/www.iceagetv.com\/radiosite\/wp-json\/wp\/v2\/users\/2"}],"replies":[{"embeddable":true,"href":"https:\/\/www.iceagetv.com\/radiosite\/wp-json\/wp\/v2\/comments?post=30051"}],"version-history":[{"count":1,"href":"https:\/\/www.iceagetv.com\/radiosite\/wp-json\/wp\/v2\/posts\/30051\/revisions"}],"predecessor-version":[{"id":30053,"href":"https:\/\/www.iceagetv.com\/radiosite\/wp-json\/wp\/v2\/posts\/30051\/revisions\/30053"}],"wp:featuredmedia":[{"embeddable":true,"href":"https:\/\/www.iceagetv.com\/radiosite\/wp-json\/wp\/v2\/media\/30052"}],"wp:attachment":[{"href":"https:\/\/www.iceagetv.com\/radiosite\/wp-json\/wp\/v2\/media?parent=30051"}],"wp:term":[{"taxonomy":"category","embeddable":true,"href":"https:\/\/www.iceagetv.com\/radiosite\/wp-json\/wp\/v2\/categories?post=30051"},{"taxonomy":"post_tag","embeddable":true,"href":"https:\/\/www.iceagetv.com\/radiosite\/wp-json\/wp\/v2\/tags?post=30051"}],"curies":[{"name":"wp","href":"https:\/\/api.w.org\/{rel}","templated":true}]}}