{"id":30061,"date":"2024-09-05T13:48:44","date_gmt":"2024-09-05T13:48:44","guid":{"rendered":"https:\/\/www.iceagetv.com\/radiosite\/?p=30061"},"modified":"2024-09-05T13:48:48","modified_gmt":"2024-09-05T13:48:48","slug":"michel-barnier-premier-ministre-de-combien-de-temps-dispose-t-il-pour-former-un-nouveau-gouvernement","status":"publish","type":"post","link":"https:\/\/www.iceagetv.com\/radiosite\/michel-barnier-premier-ministre-de-combien-de-temps-dispose-t-il-pour-former-un-nouveau-gouvernement\/","title":{"rendered":"Michel Barnier Premier ministre\u00a0: De combien de temps dispose-t-il pour former un nouveau gouvernement\u00a0?"},"content":{"rendered":"\n<p class=\"\">Les affaires reprennent. Apr\u00e8s pr\u00e8s de deux mois avec un Premier ministre d\u00e9missionnaire, brid\u00e9 dans ses fonctions,&nbsp;<a href=\"https:\/\/www.20minutes.fr\/politique\/emmanuel-macron\/\">Emmanuel Macron<\/a>&nbsp;a enfin nomm\u00e9 un Premier ministre. Michel Barnier va devoir d\u00e9sormais choisir ses \u00e9quipes. En principe, cette \u00e9tape devrait \u00eatre moins longue que la nomination. Toutefois, la&nbsp;<a href=\"https:\/\/www.20minutes.fr\/dossier\/constitution\">Constitution<\/a>&nbsp;ne pr\u00e9voit pas de d\u00e9lai.<\/p>\n\n\n\n<p class=\"\">Si l\u2019article&nbsp;8 explique que le&nbsp;<a href=\"https:\/\/www.20minutes.fr\/dossier\/president\">pr\u00e9sident<\/a>&nbsp;de la R\u00e9publique est tenu de nommer le Premier ministre et que, sur ses recommandations, il nomme ensuite les ministres, aucun calendrier n\u2019est pr\u00e9vu par la loi. L\u2019usage veut toutefois que ce soit rapide, m\u00eame si Emmanuel Macron est un adepte des nominations par vagues qui peuvent parfois s\u2019\u00e9tendre sur plusieurs semaines.<\/p>\n\n\n\n<h2 class=\"wp-block-heading\">Quelques jours pour une \u00e9bauche<\/h2>\n\n\n\n<p class=\"\">Si, en&nbsp;2017, le gouvernement avait \u00e9t\u00e9 annonc\u00e9 seulement deux jours apr\u00e8s la nomination d\u2019<a href=\"https:\/\/www.20minutes.fr\/politique\/edouard-philippe\/\">Edouard Philippe<\/a>, les autres remaniements ont toutefois \u00e9t\u00e9 plus long. En&nbsp;2020, quand&nbsp;<a href=\"https:\/\/www.20minutes.fr\/politique\/jean-castex\/\">Jean Castex<\/a>&nbsp;est arriv\u00e9 \u00e0&nbsp;<a href=\"https:\/\/www.20minutes.fr\/dossier\/matignon\">Matignon<\/a>, l\u2019attente avait dur\u00e9 trois jours mais le Premier ministre n\u2019avait alors nomm\u00e9 qu\u2019une partie de son gouvernement. Ce n\u2019est que 20 jours plus tard que la composition compl\u00e8te de cette nouvelle \u00e9quipe avait \u00e9t\u00e9 annonc\u00e9e.<\/p>\n","protected":false},"excerpt":{"rendered":"<p>Les affaires reprennent. Apr\u00e8s pr\u00e8s de deux mois avec un Premier ministre d\u00e9missionnaire, brid\u00e9 dans ses fonctions,&nbsp;Emmanuel Macron&nbsp;a enfin nomm\u00e9 un Premier ministre. Michel Barnier va devoir d\u00e9sormais choisir ses \u00e9quipes. En principe, cette \u00e9tape devrait \u00eatre moins longue que la nomination. Toutefois, la&nbsp;Constitution&nbsp;ne pr\u00e9voit pas de d\u00e9lai. Si l\u2019article&nbsp;8 explique que le&nbsp;pr\u00e9sident&nbsp;de la R\u00e9publique [&hellip;]<\/p>\n","protected":false},"author":2,"featured_media":0,"comment_status":"open","ping_status":"open","sticky":false,"template":"","format":"standard","meta":{"_jetpack_memberships_contains_paid_content":false,"footnotes":"","jetpack_publicize_message":"","jetpack_publicize_feature_enabled":true,"jetpack_social_post_already_shared":true,"jetpack_social_options":{"image_generator_settings":{"template":"highway","enabled":true,"token":"eyJ0eHQiOiJNaWNoZWwgQmFybmllciBQcmVtaWVyIG1pbmlzdHJlXHUwMGEwOiBEZSBjb21iaWVuIGRlIHRlbXBzIGRpc3Bvc2UtdC1pbCBwb3VyIGZvcm1lciB1biBub3V2ZWF1IGdvdXZlcm5lbWVudFx1MDBhMD8iLCJ0ZW1wbGF0ZSI6ImhpZ2h3YXkiLCJibG9nX2lkIjoxMTEwMTY0NjF9.BCzeBbFPInU4KGOfdJO0G7PgnCSVQwLt6NHteSLszdAMQ"},"version":2},"_wpas_customize_per_network":false},"categories":[405],"tags":[],"class_list":["post-30061","post","type-post","status-publish","format-standard","hentry","category-actu-france-monde"],"jetpack_publicize_connections":[],"jetpack_featured_media_url":"","jetpack_sharing_enabled":true,"_links":{"self":[{"href":"https:\/\/www.iceagetv.com\/radiosite\/wp-json\/wp\/v2\/posts\/30061","targetHints":{"allow":["GET"]}}],"collection":[{"href":"https:\/\/www.iceagetv.com\/radiosite\/wp-json\/wp\/v2\/posts"}],"about":[{"href":"https:\/\/www.iceagetv.com\/radiosite\/wp-json\/wp\/v2\/types\/post"}],"author":[{"embeddable":true,"href":"https:\/\/www.iceagetv.com\/radiosite\/wp-json\/wp\/v2\/users\/2"}],"replies":[{"embeddable":true,"href":"https:\/\/www.iceagetv.com\/radiosite\/wp-json\/wp\/v2\/comments?post=30061"}],"version-history":[{"count":1,"href":"https:\/\/www.iceagetv.com\/radiosite\/wp-json\/wp\/v2\/posts\/30061\/revisions"}],"predecessor-version":[{"id":30062,"href":"https:\/\/www.iceagetv.com\/radiosite\/wp-json\/wp\/v2\/posts\/30061\/revisions\/30062"}],"wp:attachment":[{"href":"https:\/\/www.iceagetv.com\/radiosite\/wp-json\/wp\/v2\/media?parent=30061"}],"wp:term":[{"taxonomy":"category","embeddable":true,"href":"https:\/\/www.iceagetv.com\/radiosite\/wp-json\/wp\/v2\/categories?post=30061"},{"taxonomy":"post_tag","embeddable":true,"href":"https:\/\/www.iceagetv.com\/radiosite\/wp-json\/wp\/v2\/tags?post=30061"}],"curies":[{"name":"wp","href":"https:\/\/api.w.org\/{rel}","templated":true}]}}