{"id":30099,"date":"2024-09-13T14:15:07","date_gmt":"2024-09-13T14:15:07","guid":{"rendered":"https:\/\/www.iceagetv.com\/radiosite\/?p=30099"},"modified":"2024-09-30T13:54:13","modified_gmt":"2024-09-30T11:54:13","slug":"le-rectorat-de-reims-annonce-la-suspension-dun-professeur-accuse-davoir-secoue-un-eleve-au-sein-dun-etablissement-prive-un-enquete-administrative-ouverte","status":"publish","type":"post","link":"https:\/\/www.iceagetv.com\/radiosite\/le-rectorat-de-reims-annonce-la-suspension-dun-professeur-accuse-davoir-secoue-un-eleve-au-sein-dun-etablissement-prive-un-enquete-administrative-ouverte\/","title":{"rendered":"Le rectorat de Reims annonce la suspension d\u2019un professeur accus\u00e9 d\u2019avoir \u00absecou\u00e9\u00bb un \u00e9l\u00e8ve au sein d\u2019un \u00e9tablissement priv\u00e9 &#8211; Un enqu\u00eate administrative ouverte"},"content":{"rendered":"\n<p class=\"\">Le rectorat de Reims a annonc\u00e9 dans un communiqu\u00e9 la suspension d\u2019un professeur accus\u00e9 d\u2019avoir \u00absecou\u00e9\u00bb un \u00e9l\u00e8ve au sein d\u2019un \u00e9tablissement priv\u00e9.<\/p>\n\n\n\n<p class=\"\">Les faits remonteraient \u00e0 mardi, lorsqu&rsquo;\u00abun \u00e9l\u00e8ve scolaris\u00e9 au coll\u00e8ge Universit\u00e9 de Reims aurait \u00e9t\u00e9 secou\u00e9 par un enseignant\u00bb, a rapport\u00e9 le rectorat de l&rsquo;acad\u00e9mie de Reims.<\/p>\n\n\n\n<p class=\"\">D\u00e8s la connaissance des faits, \u00abune enqu\u00eate administrative a \u00e9t\u00e9 imm\u00e9diatement ouverte afin de faire la lumi\u00e8re sur cet incident et de d\u00e9terminer les mesures \u00e0 prendre\u00bb, a-t-il ajout\u00e9. \u00c0 la demande du recteur de l&rsquo;acad\u00e9mie, \u00abl&rsquo;enseignant concern\u00e9 a \u00e9t\u00e9 suspendu, dans l&rsquo;attente des conclusions de l&rsquo;enqu\u00eate, qui pourrait aboutir \u00e0 des sanctions selon les faits\u00bb.<\/p>\n\n\n\n<p class=\"\">Le recteur de l&rsquo;acad\u00e9mie de Reims a condamn\u00e9 \u00abfermement cet acte\u00bb et a r\u00e9affirm\u00e9 \u00abson engagement \u00e0 soutenir tant les personnels que les \u00e9l\u00e8ves de cet \u00e9tablissement\u00bb. Afin de garantir \u00e0 chaque \u00e9l\u00e8ve \u00abun cadre serein pour la poursuite de l&rsquo;ann\u00e9e scolaire\u00bb, un \u00abdispositif d&rsquo;accompagnement personnalis\u00e9\u00bb a \u00e9t\u00e9 mis en place, a pr\u00e9cis\u00e9 le rectorat.<\/p>\n\n\n\n<p class=\"\"><\/p>\n","protected":false},"excerpt":{"rendered":"<p>Le rectorat de Reims a annonc\u00e9 dans un communiqu\u00e9 la suspension d\u2019un professeur accus\u00e9 d\u2019avoir \u00absecou\u00e9\u00bb un \u00e9l\u00e8ve au sein d\u2019un \u00e9tablissement priv\u00e9. Les faits remonteraient \u00e0 mardi, lorsqu&rsquo;\u00abun \u00e9l\u00e8ve scolaris\u00e9 au coll\u00e8ge Universit\u00e9 de Reims aurait \u00e9t\u00e9 secou\u00e9 par un enseignant\u00bb, a rapport\u00e9 le rectorat de l&rsquo;acad\u00e9mie de Reims. D\u00e8s la connaissance des faits, [&hellip;]<\/p>\n","protected":false},"author":2,"featured_media":30191,"comment_status":"open","ping_status":"open","sticky":false,"template":"","format":"standard","meta":{"_jetpack_memberships_contains_paid_content":false,"footnotes":"","jetpack_publicize_message":"","jetpack_publicize_feature_enabled":true,"jetpack_social_post_already_shared":true,"jetpack_social_options":{"image_generator_settings":{"template":"highway","enabled":true,"token":"eyJpbWciOiJodHRwczpcL1wvd3d3LmljZWFnZXR2LmNvbVwvcmFkaW9zaXRlXC93cC1jb250ZW50XC91cGxvYWRzXC8yMDI0XC8wOVwvaW1hZ2UtMS5wbmciLCJ0eHQiOiJMZSByZWN0b3JhdCBkZSBSZWltcyBhbm5vbmNlIGxhIHN1c3BlbnNpb24gZFx1MjAxOXVuIHByb2Zlc3NldXIgYWNjdXNcdTAwZTkgZFx1MjAxOWF2b2lyIFx1MDBhYnNlY291XHUwMGU5XHUwMGJiIHVuIFx1MDBlOWxcdTAwZTh2ZSBhdSBzZWluIGRcdTIwMTl1biBcdTAwZTl0YWJsaXNzZW1lbnQgcHJpdlx1MDBlOSAmIzgyMTE7IFVuIGVucXVcdTAwZWF0ZSBhZG1pbmlzdHJhdGl2ZSBvdXZlcnRlIiwidGVtcGxhdGUiOiJoaWdod2F5IiwiYmxvZ19pZCI6MTExMDE2NDYxfQ.Sr90XyfqgZ6WyjKxrJFvdlMQR_32uSqcUwniEjQpyacMQ"},"version":2},"_wpas_customize_per_network":false},"categories":[405],"tags":[],"class_list":["post-30099","post","type-post","status-publish","format-standard","has-post-thumbnail","hentry","category-actu-france-monde"],"jetpack_publicize_connections":[],"jetpack_featured_media_url":"https:\/\/i0.wp.com\/www.iceagetv.com\/radiosite\/wp-content\/uploads\/2024\/09\/image-1.png?fit=1024%2C768&ssl=1","jetpack_sharing_enabled":true,"_links":{"self":[{"href":"https:\/\/www.iceagetv.com\/radiosite\/wp-json\/wp\/v2\/posts\/30099","targetHints":{"allow":["GET"]}}],"collection":[{"href":"https:\/\/www.iceagetv.com\/radiosite\/wp-json\/wp\/v2\/posts"}],"about":[{"href":"https:\/\/www.iceagetv.com\/radiosite\/wp-json\/wp\/v2\/types\/post"}],"author":[{"embeddable":true,"href":"https:\/\/www.iceagetv.com\/radiosite\/wp-json\/wp\/v2\/users\/2"}],"replies":[{"embeddable":true,"href":"https:\/\/www.iceagetv.com\/radiosite\/wp-json\/wp\/v2\/comments?post=30099"}],"version-history":[{"count":1,"href":"https:\/\/www.iceagetv.com\/radiosite\/wp-json\/wp\/v2\/posts\/30099\/revisions"}],"predecessor-version":[{"id":30100,"href":"https:\/\/www.iceagetv.com\/radiosite\/wp-json\/wp\/v2\/posts\/30099\/revisions\/30100"}],"wp:featuredmedia":[{"embeddable":true,"href":"https:\/\/www.iceagetv.com\/radiosite\/wp-json\/wp\/v2\/media\/30191"}],"wp:attachment":[{"href":"https:\/\/www.iceagetv.com\/radiosite\/wp-json\/wp\/v2\/media?parent=30099"}],"wp:term":[{"taxonomy":"category","embeddable":true,"href":"https:\/\/www.iceagetv.com\/radiosite\/wp-json\/wp\/v2\/categories?post=30099"},{"taxonomy":"post_tag","embeddable":true,"href":"https:\/\/www.iceagetv.com\/radiosite\/wp-json\/wp\/v2\/tags?post=30099"}],"curies":[{"name":"wp","href":"https:\/\/api.w.org\/{rel}","templated":true}]}}