{"id":30216,"date":"2024-10-01T12:09:15","date_gmt":"2024-10-01T10:09:15","guid":{"rendered":"https:\/\/www.iceagetv.com\/radiosite\/?p=30216"},"modified":"2024-10-01T12:09:21","modified_gmt":"2024-10-01T10:09:21","slug":"les-oceans-se-rechauffent-trop-vite-montee-des-eaux-peche-difficile-quelles-consequences-pour-nous","status":"publish","type":"post","link":"https:\/\/www.iceagetv.com\/radiosite\/les-oceans-se-rechauffent-trop-vite-montee-des-eaux-peche-difficile-quelles-consequences-pour-nous\/","title":{"rendered":"Les oc\u00e9ans se r\u00e9chauffent trop vite : mont\u00e9e des eaux, p\u00eache difficile, quelles cons\u00e9quences pour nous\u00a0?"},"content":{"rendered":"\n<p class=\"\">Le rythme de r\u00e9chauffement des oc\u00e9ans&nbsp;<strong>a presque doubl\u00e9 depuis 2005<\/strong>&nbsp;et plus d\u2019un cinqui\u00e8me de la surface oc\u00e9anique mondiale a connu une&nbsp;<strong>vague de chaleur s\u00e9v\u00e8re en 2023<\/strong>, selon un rapport de l\u2019observatoire europ\u00e9en Copernicus&nbsp;<a href=\"https:\/\/defence-industry-space.ec.europa.eu\/2023-european-state-climate-report-confirms-alarming-trend-climate-change-impacts-our-continent-2024-04-22_en\">publi\u00e9 lundi 30 septembre 2024<\/a>.<\/p>\n\n\n\n<p class=\"\">\u00ab\u00a0Le r\u00e9chauffement de l\u2019oc\u00e9an peut \u00eatre consid\u00e9r\u00e9 comme notre sentinelle du r\u00e9chauffement climatique. Il n\u2019a cess\u00e9 d\u2019augmenter depuis les ann\u00e9es 60. Et depuis 2005 environ,<strong>\u00a0le rythme du r\u00e9chauffement<\/strong>\u00a0des oc\u00e9ans a doubl\u00e9\u00a0\u00bb, a soulign\u00e9 au cours d\u2019une visioconf\u00e9rence l\u2019oc\u00e9anographe Karina Von Schuckmann, en pr\u00e9sentant le 8\u1d49 rapport sur l\u2019\u00e9tat des oc\u00e9ans de Copernicus.<\/p>\n\n\n\n<h2 class=\"wp-block-heading\">En renfort du rapport du Giec<\/h2>\n\n\n\n<p class=\"\">Les oc\u00e9ans se r\u00e9chauffent de 1,05 watt par m2 depuis 2005, contre 0,58 watt par m2 dans les d\u00e9cennies pr\u00e9c\u00e9dentes, d\u2019apr\u00e8s le rapport.<\/p>\n\n\n\n<p class=\"\">Ces travaux viennent&nbsp;<strong>consolider les rapports du Giec<\/strong>. En 2019, ces experts du climat mandat\u00e9s par l\u2019ONU estimaient \u00ab&nbsp;probable&nbsp;\u00bb que le rythme de r\u00e9chauffement des oc\u00e9ans ait \u00ab&nbsp;plus que doubl\u00e9 depuis 1993&nbsp;\u00bb.<\/p>\n\n\n\n<p class=\"\">Ce r\u00e9chauffement s\u2019explique par le fait que les oc\u00e9ans ont absorb\u00e9 depuis 1970 \u00ab\u00a0plus de 90% de l\u2019exc\u00e8s de chaleur du syst\u00e8me climatique\u00a0\u00bb, provoqu\u00e9 par les \u00e9missions massives de gaz \u00e0 effet de serre par l\u2019humanit\u00e9, selon le Giec.<\/p>\n\n\n\n<p class=\"\">Les oc\u00e9ans, qui recouvrent 70% de la surface du globe, sont un r\u00e9gulateur majeur du climat terrestre. Des eaux plus chaudes entra\u00eenent des ouragans et des temp\u00eates plus violentes, avec leur cort\u00e8ge de destructions et d\u2019inondations.<\/p>\n\n\n\n<p class=\"\">Ce r\u00e9chauffement s\u2019accompagne \u00e9galement d\u2019une multiplication des canicules marines. Ainsi, 22% des oc\u00e9ans du globe ont connu au moins une vague de chaleur s\u00e9v\u00e8re ou extr\u00eame en 2023.<\/p>\n\n\n\n<h2 class=\"wp-block-heading\">Quelles cons\u00e9quences ?<\/h2>\n\n\n\n<p class=\"\">Plus \u00e9tendues, les vagues de chaleur marines ont aussi tendance \u00e0 devenir plus longues, avec une dur\u00e9e maximale annuelle moyenne qui a doubl\u00e9 depuis 2008, passant de&nbsp;<strong>20 \u00e0 40 jours<\/strong>.<\/p>\n\n\n\n<p class=\"\">Dans le nord-est de la mer de Barents, \u00ab&nbsp;le fond (de la mer) semble \u00eatre entr\u00e9 dans un \u00e9tat de vague de chaleur marine permanente&nbsp;\u00bb, selon une \u00e9tude cit\u00e9e par Mme Von Schuckmann.<br>Et en ao\u00fbt 2022, une temp\u00e9rature record de 29,2\u00b0C a \u00e9t\u00e9 relev\u00e9e dans les eaux c\u00f4ti\u00e8res des \u00eeles Bal\u00e9ares, \u00ab&nbsp;la plus forte temp\u00e9rature r\u00e9gionale des eaux de surface en quarante ans&nbsp;\u00bb, pointe aussi le rapport.<\/p>\n\n\n\n<p class=\"\">La m\u00eame ann\u00e9e, une vague de chaleur marine dans la mer M\u00e9diterran\u00e9e a p\u00e9n\u00e9tr\u00e9 environ 1 500 m\u00e8tres sous la surface, illustrant comment la chaleur peut se propager sur toute la colonne d\u2019eau.<\/p>\n\n\n\n<p class=\"\">Les \u00e9pisodes de canicule marine peuvent entra\u00eener&nbsp;<strong>des migrations et des \u00e9pisodes de mortalit\u00e9 massive d\u2019esp\u00e8ces<\/strong>, d\u00e9grader les \u00e9cosyst\u00e8mes, mais aussi r\u00e9duire la capacit\u00e9 des couches oc\u00e9aniques \u00e0 se m\u00e9langer entre le fond et la surface, entravant ainsi la distribution des nutriments.<\/p>\n\n\n\n<p class=\"\">Elles peuvent \u00e9galement \u00ab&nbsp;avoir des implications sur la productivit\u00e9 des poissons&nbsp;\u00bb, impactant la p\u00eache, a soulign\u00e9 Mme Von Schuckmann.<\/p>\n","protected":false},"excerpt":{"rendered":"<p>Le rythme de r\u00e9chauffement des oc\u00e9ans&nbsp;a presque doubl\u00e9 depuis 2005&nbsp;et plus d\u2019un cinqui\u00e8me de la surface oc\u00e9anique mondiale a connu une&nbsp;vague de chaleur s\u00e9v\u00e8re en 2023, selon un rapport de l\u2019observatoire europ\u00e9en Copernicus&nbsp;publi\u00e9 lundi 30 septembre 2024. \u00ab\u00a0Le r\u00e9chauffement de l\u2019oc\u00e9an peut \u00eatre consid\u00e9r\u00e9 comme notre sentinelle du r\u00e9chauffement climatique. Il n\u2019a cess\u00e9 d\u2019augmenter depuis [&hellip;]<\/p>\n","protected":false},"author":2,"featured_media":30218,"comment_status":"open","ping_status":"open","sticky":false,"template":"","format":"standard","meta":{"_jetpack_memberships_contains_paid_content":false,"footnotes":"","jetpack_publicize_message":"","jetpack_publicize_feature_enabled":true,"jetpack_social_post_already_shared":true,"jetpack_social_options":{"image_generator_settings":{"template":"highway","enabled":true,"token":"eyJpbWciOiJodHRwczpcL1wvd3d3LmljZWFnZXR2LmNvbVwvcmFkaW9zaXRlXC93cC1jb250ZW50XC91cGxvYWRzXC8yMDI0XC8xMFwvTGVzLW9jZWFucy1zZS1yZWNoYXVmZmVudC10cm9wLXZpdGUuanBnIiwidHh0IjoiTGVzIG9jXHUwMGU5YW5zIHNlIHJcdTAwZTljaGF1ZmZlbnQgdHJvcCB2aXRlIDogbW9udFx1MDBlOWUgZGVzIGVhdXgsIHBcdTAwZWFjaGUgZGlmZmljaWxlLCBxdWVsbGVzIGNvbnNcdTAwZTlxdWVuY2VzIHBvdXIgbm91c1x1MDBhMD8iLCJ0ZW1wbGF0ZSI6ImhpZ2h3YXkiLCJibG9nX2lkIjoxMTEwMTY0NjF9.GRZv4WGdpdFZG7C19NV0PZhsvPVezc6uV3XT4k2P3roMQ"},"version":2},"_wpas_customize_per_network":false},"categories":[405],"tags":[],"class_list":["post-30216","post","type-post","status-publish","format-standard","has-post-thumbnail","hentry","category-actu-france-monde"],"jetpack_publicize_connections":[],"jetpack_featured_media_url":"https:\/\/i0.wp.com\/www.iceagetv.com\/radiosite\/wp-content\/uploads\/2024\/10\/Les-oceans-se-rechauffent-trop-vite.jpg?fit=960%2C640&ssl=1","jetpack_sharing_enabled":true,"_links":{"self":[{"href":"https:\/\/www.iceagetv.com\/radiosite\/wp-json\/wp\/v2\/posts\/30216","targetHints":{"allow":["GET"]}}],"collection":[{"href":"https:\/\/www.iceagetv.com\/radiosite\/wp-json\/wp\/v2\/posts"}],"about":[{"href":"https:\/\/www.iceagetv.com\/radiosite\/wp-json\/wp\/v2\/types\/post"}],"author":[{"embeddable":true,"href":"https:\/\/www.iceagetv.com\/radiosite\/wp-json\/wp\/v2\/users\/2"}],"replies":[{"embeddable":true,"href":"https:\/\/www.iceagetv.com\/radiosite\/wp-json\/wp\/v2\/comments?post=30216"}],"version-history":[{"count":1,"href":"https:\/\/www.iceagetv.com\/radiosite\/wp-json\/wp\/v2\/posts\/30216\/revisions"}],"predecessor-version":[{"id":30219,"href":"https:\/\/www.iceagetv.com\/radiosite\/wp-json\/wp\/v2\/posts\/30216\/revisions\/30219"}],"wp:featuredmedia":[{"embeddable":true,"href":"https:\/\/www.iceagetv.com\/radiosite\/wp-json\/wp\/v2\/media\/30218"}],"wp:attachment":[{"href":"https:\/\/www.iceagetv.com\/radiosite\/wp-json\/wp\/v2\/media?parent=30216"}],"wp:term":[{"taxonomy":"category","embeddable":true,"href":"https:\/\/www.iceagetv.com\/radiosite\/wp-json\/wp\/v2\/categories?post=30216"},{"taxonomy":"post_tag","embeddable":true,"href":"https:\/\/www.iceagetv.com\/radiosite\/wp-json\/wp\/v2\/tags?post=30216"}],"curies":[{"name":"wp","href":"https:\/\/api.w.org\/{rel}","templated":true}]}}