{"id":30236,"date":"2024-10-02T09:23:09","date_gmt":"2024-10-02T07:23:09","guid":{"rendered":"https:\/\/www.iceagetv.com\/radiosite\/?p=30236"},"modified":"2024-10-02T09:23:13","modified_gmt":"2024-10-02T07:23:13","slug":"liran-en-paiera-le-prix-a-quelle-riposte-sattendre-de-la-part-disrael-apres-les-tirs-de-missiles-de-teheran","status":"publish","type":"post","link":"https:\/\/www.iceagetv.com\/radiosite\/liran-en-paiera-le-prix-a-quelle-riposte-sattendre-de-la-part-disrael-apres-les-tirs-de-missiles-de-teheran\/","title":{"rendered":"\u00ab\u00a0L&rsquo;Iran en paiera le prix\u00a0\u00bb: \u00e0 quelle riposte s&rsquo;attendre de la part d&rsquo;Isra\u00ebl apr\u00e8s les tirs de missiles de T\u00e9h\u00e9ran?"},"content":{"rendered":"\n<p class=\"\">Apr\u00e8s des tirs de missiles iraniens contre Isra\u00ebl ce mardi 1er octobre, le Premier ministre Benjamin Netanyahu a promis de riposter. Des discussions sont \u00ab\u00a0en cours\u00a0\u00bb avec les \u00c9tats-Unis, mais la R\u00e9publique islamique promet d&rsquo;attaquer tout pays qui soutiendra une r\u00e9ponse isra\u00e9lienne.<\/p>\n\n\n\n<p class=\"\">Depuis mi-septembre,&nbsp;<a href=\"https:\/\/www.bfmtv.com\/international\/moyen-orient\/direct-liban-israel-mene-des-raids-terrestres-localises-dans-le-sud-du-pays-malgre-les-appels-a-la-desescalade_LN-202410010039.html\">Isra\u00ebl bombarde sans rel\u00e2che le Liban et plusieurs pays du Moyen-Orient<\/a>, disant cibler des groupes terroristes. Ce mardi 1er octobre, l&rsquo;Iran a lanc\u00e9 une attaque de missiles contre l&rsquo;\u00c9tat h\u00e9breu en r\u00e9ponse aux assassinats des chefs du Hamas \u00e0 T\u00e9h\u00e9ran en juillet et du Hezbollah dans le sud du Beyrouth ce vendredi.<\/p>\n\n\n\n<p class=\"\"><a href=\"https:\/\/www.bfmtv.com\/politique\/elysee\/macron-appelle-israel-a-cesser-l-escalade-au-liban-et-le-hezbollah-a-cesser-les-tirs-vers-israel_AV-202409250939.html\">Malgr\u00e9 les appels \u00e0 la d\u00e9sescalade de l&rsquo;ensemble de la communaut\u00e9 internationale<\/a>, la fermet\u00e9 du gouvernement de Benjamin Netanyahu depuis des mois et ces tirs iraniens ce mardi semblent avoir plong\u00e9 le Moyen-Orient dans une nouvelle phase du conflit.<\/p>\n\n\n\n<h2 class=\"wp-block-heading\" id=\"bb2sb\">L&rsquo;\u00c9tat d&rsquo;Isra\u00ebl va r\u00e9agir\u00a0\u00bb<\/h2>\n\n\n\n<p class=\"\">\u00ab\u00a0Celui qui nous attaque, nous l&rsquo;attaquons\u00a0\u00bb, a d&rsquo;ailleurs promis le Premier ministre isra\u00e9lien dans une allocution ce mardi 1er octobre, disant que l&rsquo;Iran a \u00ab\u00a0commis une grave erreur et en payera le prix\u00a0\u00bb.<\/p>\n\n\n\n<p class=\"\">Mais \u00e0 quoi peut ressembler une riposte de l&rsquo;arm\u00e9e isra\u00e9lienne contre l&rsquo;Iran? Dans la soir\u00e9e, le pr\u00e9sident am\u00e9ricain Joe Biden a indiqu\u00e9 que des discussions sont \u00ab\u00a0en cours\u00a0\u00bb avec l&rsquo;\u00c9tat h\u00e9breu pour pr\u00e9parer une r\u00e9ponse.<\/p>\n\n\n\n<p class=\"\">\u00ab\u00a0L&rsquo;\u00c9tat d&rsquo;Isra\u00ebl va r\u00e9agir\u00a0\u00bb,\u00a0<a href=\"https:\/\/www.bfmtv.com\/international\/moyen-orient\/iran\/missiles-iraniens-tires-sur-israel-l-etat-d-israel-va-reagir-affirme-le-porte-parole-de-tsahal-olivier-rafowicz_VN-202410010992.html\">promet sur BFMTV le porte-parole de l&rsquo;arm\u00e9e isra\u00e9lienne Olivier Rafowicz<\/a>. \u00ab\u00a0La r\u00e9ponse c&rsquo;est le gouvernement isra\u00e9lien, \u00e0 l&rsquo;heure o\u00f9 il le souhaite et de la mani\u00e8re dont il le souhaite\u00a0\u00bb, dit-il.<\/p>\n\n\n\n<p class=\"\">\u00ab\u00a0Cette attaque aura des cons\u00e9quences. Nous avons des plans et nous agirons \u00e0 l&rsquo;endroit et au moment que nous aurons d\u00e9cid\u00e9s\u00a0\u00bb, a martel\u00e9 le contre-amiral Daniel Hagari.<\/p>\n\n\n\n<h2 class=\"wp-block-heading\" id=\"d8129\">Sites nucl\u00e9aires, ports&#8230; Vers des cibles strat\u00e9giques?<\/h2>\n\n\n\n<p class=\"\">\u00ab\u00a0Il est inimaginable qu&rsquo;Isra\u00ebl ne r\u00e9plique pas plus fortement\u00a0\u00bb, confirme pour sa part, toujours \u00e0 notre antenne, Frederic Encel, professeur de g\u00e9opolitique \u00e0 Sciences Po et \u00e0 Paris School of Business, qui \u00e9voque des \u00ab\u00a0sites nucl\u00e9aires\u00a0\u00bb qui pourraient \u00eatre vis\u00e9s avec \u00ab\u00a0l&rsquo;accord am\u00e9ricain.\u00a0\u00bb<\/p>\n\n\n\n<p class=\"\">\u00ab\u00a0Il y a les zones portuaires iraniennes qui constituent le poumon de ce r\u00e9gime qui est d\u00e9j\u00e0 largement asphyxi\u00e9 \u00e9conomiquement par les sanctions internationales en place depuis 2007. Si l&rsquo;Iran est frapp\u00e9 sur ses zones portuaires, il ne pourra plus ou beaucoup moins exporter vers la Chine, une de ses derni\u00e8res bou\u00e9es d\u2019oxyg\u00e8ne\u00a0\u00bb, explique-t-il.<\/p>\n\n\n\n<p class=\"\">\u00ab\u00a0Ils vont faire mal l\u00e0 o\u00f9 \u00e7a fait mal\u00a0\u00bb, insiste pour sa part le consultant d\u00e9fense de BFMTV, le g\u00e9n\u00e9ral J\u00e9r\u00f4me Pellistrandi. Ce dernier ajoute que, \u00e0 la diff\u00e9rence de l&rsquo;\u00c9tat h\u00e9breu, l&rsquo;Iran ne dispose pas de \u00ab\u00a0D\u00f4me de fer\u00a0\u00bb pour prot\u00e9ger son territoire \u00ab\u00a0beaucoup plus grand qu&rsquo;Isra\u00ebl.\u00a0\u00bb La riposte pourrait alors \u00eatre d\u00e9vastatrice pour T\u00e9h\u00e9ran, \u00ab\u00a0c&rsquo;est dans la logique de cette escalade.\u00a0\u00bb<\/p>\n\n\n\n<p class=\"\">\u00ab\u00a0Les cibles sont r\u00e9pertori\u00e9es gr\u00e2ce \u00e0 l\u2019appui des Am\u00e9ricains. Mais monter un raid a\u00e9rien veut dire du ravitaillement en vol et survoler des espaces a\u00e9riens des pays entre. Il y a la Jordanie, c&rsquo;est n\u00e9gociable, l&rsquo;Irak, l\u2019Arabie saoudite qui \u00e0 mon avis fermera les yeux\u00a0\u00bb, ajoute-t-il.<\/p>\n\n\n\n<p class=\"\">En ce qui concerne la temporalit\u00e9 de cette riposte, le g\u00e9n\u00e9ral de l&rsquo;arm\u00e9e de l&rsquo;air Patrick Dutartre l&rsquo;assure, \u00ab\u00a0vous ne montez pas un raid a\u00e9rien en deux minutes m\u00eame s\u2019il est pr\u00eat.\u00a0\u00bb \u00ab\u00a0La contre riposte prend un certain temps, m\u00eame si \u00e7a peut aller vite\u00a0\u00bb, nuance-t-il.<\/p>\n\n\n\n<p class=\"\">L&rsquo;arm\u00e9e isra\u00e9lienne a en outre annonc\u00e9 dans la nuit de mardi \u00e0 mercredi qu&rsquo;elle \u00ab\u00a0va continuer de frapper\u00a0\u00bb au Moyen-Orient \u00ab\u00a0avec force\u00a0\u00bb, \u00ab\u00a0cette nuit\u00a0\u00bb.<\/p>\n\n\n\n<h2 class=\"wp-block-heading\" id=\"10jr8\">Une riposte coordonn\u00e9e par les Am\u00e9ricains?<\/h2>\n\n\n\n<p class=\"\">Ce mardi 1er octobre, les \u00c9tats-Unis ont indiqu\u00e9, par la voix du porte-parole du D\u00e9partement d&rsquo;\u00c9tat, qu&rsquo;ils coordonneront avec Isra\u00ebl la r\u00e9ponse contre la R\u00e9publique islamique. \u00ab\u00a0Nous voulons avoir des conversations avec nos homologues isra\u00e9liens dans les jours \u00e0 venir\u00a0\u00bb, a d\u00e9clar\u00e9 Matthew Miller&nbsp;<a href=\"https:\/\/edition.cnn.com\/world\/live-news\/israel-lebanon-war-hezbollah-10-1-24-intl-hnk\/index.html\" target=\"_blank\" rel=\"noreferrer noopener\">au micro de CNN<\/a>.<\/p>\n\n\n\n<p class=\"\">\u00ab\u00a0Nous avions clairement indiqu\u00e9 qu&rsquo;il devait y avoir des cons\u00e9quences. Je ne vais pas m&rsquo;\u00e9tendre dessus aujourd&rsquo;hui, mais ce sont des choses sur lesquelles nous nous coordonnerons avec nos homologues isra\u00e9liens\u00a0\u00bb, a-t-il martel\u00e9.<\/p>\n\n\n\n<p class=\"\">Mais Isra\u00ebl acceptera-t-il d&rsquo;ob\u00e9ir aux Am\u00e9ricains, alors que Benjamin Netanyahu refuse de signer un accord pour un cessez-le-feu \u00e0 Gaza comme le r\u00e9clame Joe Biden depuis des mois? Ce lundi,&nbsp;<a href=\"https:\/\/www.bfmtv.com\/international\/amerique-nord\/etats-unis\/liban-joe-biden-contre-une-operation-terrestre-israelienne-appelle-a-un-cessez-le-feu_AD-202409300828.html\">le pr\u00e9sident am\u00e9ricain se pronon\u00e7ait contre des op\u00e9rations au sol au Liban<\/a>. Comme un affront, les chars de l&rsquo;arm\u00e9e isra\u00e9lienne sont entr\u00e9s quelques heures plus tard dans le sud du pays.<\/p>\n\n\n\n<p class=\"\">\u00ab\u00a0Isra\u00ebl r\u00e9pondra \u00e0 l&rsquo;attaque iranienne avec s\u00e9v\u00e9rit\u00e9 et prot\u00e9gera ses citoyens\u00a0\u00bb, ont indiqu\u00e9 les ambassadeurs de l&rsquo;\u00c9tat h\u00e9breu \u00e0 plusieurs chefs d&rsquo;Etats ces derni\u00e8res heures, rapportent nos confr\u00e8res de&nbsp;<a href=\"https:\/\/x.com\/BarakRavid\/status\/1841207592825106541\" target=\"_blank\" rel=\"noreferrer noopener\">Axios<\/a>.<\/p>\n\n\n\n<p class=\"\">Au risque de plonger le Moyen-Orient dans une crise sans pr\u00e9c\u00e9dent. \u00ab\u00a0En cas d&rsquo;intervention directe de la part des pays soutenant le r\u00e9gime dans l&rsquo;agression et l&rsquo;attaque contre l&rsquo;Iran, leurs centres et int\u00e9r\u00eats dans la r\u00e9gion seront \u00e9galement confront\u00e9s \u00e0 une puissante attaque\u00a0\u00bb de l&rsquo;Iran, a annonc\u00e9 l&rsquo;\u00e9tat-major des forces arm\u00e9es iraniennes, dans un communiqu\u00e9 cit\u00e9 par l&rsquo;agence locale Fars.<\/p>\n","protected":false},"excerpt":{"rendered":"<p>Apr\u00e8s des tirs de missiles iraniens contre Isra\u00ebl ce mardi 1er octobre, le Premier ministre Benjamin Netanyahu a promis de riposter. Des discussions sont \u00ab\u00a0en cours\u00a0\u00bb avec les \u00c9tats-Unis, mais la R\u00e9publique islamique promet d&rsquo;attaquer tout pays qui soutiendra une r\u00e9ponse isra\u00e9lienne. Depuis mi-septembre,&nbsp;Isra\u00ebl bombarde sans rel\u00e2che le Liban et plusieurs pays du Moyen-Orient, disant [&hellip;]<\/p>\n","protected":false},"author":2,"featured_media":30237,"comment_status":"open","ping_status":"open","sticky":false,"template":"","format":"standard","meta":{"_jetpack_memberships_contains_paid_content":false,"footnotes":"","jetpack_publicize_message":"","jetpack_publicize_feature_enabled":true,"jetpack_social_post_already_shared":true,"jetpack_social_options":{"image_generator_settings":{"template":"highway","enabled":true,"token":"eyJpbWciOiJodHRwczpcL1wvd3d3LmljZWFnZXR2LmNvbVwvcmFkaW9zaXRlXC93cC1jb250ZW50XC91cGxvYWRzXC8yMDI0XC8xMFwvTElyYW4tZW4tcGFpZXJhLWxlLXByaXgucG5nIiwidHh0IjoiJiM4MjIwO0wmIzgyMTc7SXJhbiBlbiBwYWllcmEgbGUgcHJpeCYjODIyMTs6IFx1MDBlMCBxdWVsbGUgcmlwb3N0ZSBzJiM4MjE3O2F0dGVuZHJlIGRlIGxhIHBhcnQgZCYjODIxNztJc3JhXHUwMGVibCBhcHJcdTAwZThzIGxlcyB0aXJzIGRlIG1pc3NpbGVzIGRlIFRcdTAwZTloXHUwMGU5cmFuPyIsInRlbXBsYXRlIjoiaGlnaHdheSIsImJsb2dfaWQiOjExMTAxNjQ2MX0.sbc_nMBmUdmQL8ozj71fCPxoJj8hX8u4AwOEl-p78VEMQ"},"version":2},"_wpas_customize_per_network":false},"categories":[405],"tags":[],"class_list":["post-30236","post","type-post","status-publish","format-standard","has-post-thumbnail","hentry","category-actu-france-monde"],"jetpack_publicize_connections":[],"jetpack_featured_media_url":"https:\/\/i0.wp.com\/www.iceagetv.com\/radiosite\/wp-content\/uploads\/2024\/10\/LIran-en-paiera-le-prix.png?fit=983%2C300&ssl=1","jetpack_sharing_enabled":true,"_links":{"self":[{"href":"https:\/\/www.iceagetv.com\/radiosite\/wp-json\/wp\/v2\/posts\/30236","targetHints":{"allow":["GET"]}}],"collection":[{"href":"https:\/\/www.iceagetv.com\/radiosite\/wp-json\/wp\/v2\/posts"}],"about":[{"href":"https:\/\/www.iceagetv.com\/radiosite\/wp-json\/wp\/v2\/types\/post"}],"author":[{"embeddable":true,"href":"https:\/\/www.iceagetv.com\/radiosite\/wp-json\/wp\/v2\/users\/2"}],"replies":[{"embeddable":true,"href":"https:\/\/www.iceagetv.com\/radiosite\/wp-json\/wp\/v2\/comments?post=30236"}],"version-history":[{"count":1,"href":"https:\/\/www.iceagetv.com\/radiosite\/wp-json\/wp\/v2\/posts\/30236\/revisions"}],"predecessor-version":[{"id":30238,"href":"https:\/\/www.iceagetv.com\/radiosite\/wp-json\/wp\/v2\/posts\/30236\/revisions\/30238"}],"wp:featuredmedia":[{"embeddable":true,"href":"https:\/\/www.iceagetv.com\/radiosite\/wp-json\/wp\/v2\/media\/30237"}],"wp:attachment":[{"href":"https:\/\/www.iceagetv.com\/radiosite\/wp-json\/wp\/v2\/media?parent=30236"}],"wp:term":[{"taxonomy":"category","embeddable":true,"href":"https:\/\/www.iceagetv.com\/radiosite\/wp-json\/wp\/v2\/categories?post=30236"},{"taxonomy":"post_tag","embeddable":true,"href":"https:\/\/www.iceagetv.com\/radiosite\/wp-json\/wp\/v2\/tags?post=30236"}],"curies":[{"name":"wp","href":"https:\/\/api.w.org\/{rel}","templated":true}]}}