{"id":30257,"date":"2024-10-03T09:22:22","date_gmt":"2024-10-03T07:22:22","guid":{"rendered":"https:\/\/www.iceagetv.com\/radiosite\/?p=30257"},"modified":"2024-10-03T09:22:25","modified_gmt":"2024-10-03T07:22:25","slug":"le-ministre-de-linterieur-bruno-retailleau-souhaite-prolonger-jusqua-210-jours-la-duree-de-la-retention-administrative-des-migrants-en-situation-irreguliere-pour-les-crimes-les-plus-graves-no","status":"publish","type":"post","link":"https:\/\/www.iceagetv.com\/radiosite\/le-ministre-de-linterieur-bruno-retailleau-souhaite-prolonger-jusqua-210-jours-la-duree-de-la-retention-administrative-des-migrants-en-situation-irreguliere-pour-les-crimes-les-plus-graves-no\/","title":{"rendered":"Le ministre de l&rsquo;Int\u00e9rieur Bruno Retailleau souhaite prolonger jusqu&rsquo;\u00e0 210 jours la dur\u00e9e de la r\u00e9tention administrative des migrants en situation irr\u00e9guli\u00e8re : \u00ab\u00a0Pour les crimes les plus graves, notre main ne doit pas trembler\u00a0\u00bb"},"content":{"rendered":"\n<p class=\"\">Le ministre de l&rsquo;Int\u00e9rieur Bruno Retailleau souhaite prolonger jusqu&rsquo;\u00e0 210 jours la dur\u00e9e de la r\u00e9tention administrative des migrants en situation irr\u00e9guli\u00e8re, dans une interview publi\u00e9e par le Figaro magazine. \u00ab\u00a0Pour les actes terroristes la loi fran\u00e7aise pr\u00e9voit d\u00e9j\u00e0 un d\u00e9lai pouvant aller jusqu&rsquo;\u00e0 210 jours\u00a0\u00bb, a-t-il rappel\u00e9.<\/p>\n\n\n\n<p class=\"\">\u00ab\u00a0Pour les crimes les plus graves, notre main ne doit pas trembler, il faut aller jusqu&rsquo;\u00e0 180 jours, voire 210 jours\u00a0\u00bb, a d\u00e9clar\u00e9 Bruno Retailleau \u00e0 l&rsquo;hebdomadaire. Conditionner la \u00ab\u00a0politique de visas \u00e0 la d\u00e9livrance des laissez-passer\u00a0\u00bb D&rsquo;abord fix\u00e9e \u00e0 10 jours en 1993, la dur\u00e9e en centre de r\u00e9tention administrative (CRA) a \u00e9t\u00e9 port\u00e9e de \u00ab\u00a0mani\u00e8re exceptionnelle\u00a0\u00bb \u00e0 90 jours avec la loi Collomb de 2018 et 210 jours, soit sept mois environ, en mati\u00e8re terroriste.<\/p>\n\n\n\n<p class=\"\">\u00ab\u00a0Cela n\u00e9cessite le vote d&rsquo;une loi mais chacun prendra ses responsabilit\u00e9s devant le peuple\u00a0\u00bb, a ajout\u00e9 le ministre tenant d&rsquo;une ligne dure sur l&rsquo;immigration. Il a en outre indiqu\u00e9 qu&rsquo;il allait demander \u00ab\u00a0aux pr\u00e9fets qu&rsquo;ils fassent syst\u00e9matiquement appel de la lib\u00e9ration d&rsquo;un CRA, m\u00eame si cet appel n&rsquo;est pas suspensif\u00a0\u00bb.<\/p>\n\n\n\n<p class=\"\">Un \u00e9tranger peut en effet faire appel de son placement par le pr\u00e9fet aupr\u00e8s d&rsquo;un juge des libert\u00e9s et de la d\u00e9tention dans les 48 heures.<\/p>\n\n\n\n<p class=\"\">Le nouveau locataire de la place Beauvau veut en outre conditionner la \u00ab\u00a0politique de visas \u00e0 la d\u00e9livrance des laissez-passer\u00a0\u00bb consulaire, document indispensable pour renvoyer un \u00e9tranger dans son pays d&rsquo;origine, indiquant qu&rsquo;il allait \u00ab\u00a0dialoguer\u00a0\u00bb avec le ministre des Affaires \u00e9trang\u00e8res.<\/p>\n\n\n\n<p class=\"\">Cette piste a \u00e9t\u00e9 \u00e9voqu\u00e9e la veille par le Premier ministre lors de son discours de politique g\u00e9n\u00e9rale. Estimant \u00eatre \u00ab\u00a0trop g\u00e9n\u00e9reux, sans \u00eatre pay\u00e9 de retour\u00a0\u00bb, le ministre a dit qu&rsquo;en 2023, la France a d\u00e9livr\u00e9 au Maroc 238.750 visas mais n&rsquo;a obtenu \u00ab\u00a0que 725 laissez-passer\u00a0\u00bb.<\/p>\n\n\n\n<p class=\"\">L&rsquo;Alg\u00e9rie a elle obtenu 205.853 visas, et \u00ab\u00a0n&rsquo;a repris que 2.191 de ses ressortissants\u00a0\u00bb, selon le ministre.<\/p>\n","protected":false},"excerpt":{"rendered":"<p>Le ministre de l&rsquo;Int\u00e9rieur Bruno Retailleau souhaite prolonger jusqu&rsquo;\u00e0 210 jours la dur\u00e9e de la r\u00e9tention administrative des migrants en situation irr\u00e9guli\u00e8re, dans une interview publi\u00e9e par le Figaro magazine. \u00ab\u00a0Pour les actes terroristes la loi fran\u00e7aise pr\u00e9voit d\u00e9j\u00e0 un d\u00e9lai pouvant aller jusqu&rsquo;\u00e0 210 jours\u00a0\u00bb, a-t-il rappel\u00e9. \u00ab\u00a0Pour les crimes les plus graves, notre [&hellip;]<\/p>\n","protected":false},"author":2,"featured_media":30258,"comment_status":"open","ping_status":"open","sticky":false,"template":"","format":"standard","meta":{"_jetpack_memberships_contains_paid_content":false,"footnotes":"","jetpack_publicize_message":"","jetpack_publicize_feature_enabled":true,"jetpack_social_post_already_shared":true,"jetpack_social_options":{"image_generator_settings":{"template":"highway","enabled":true,"token":"eyJpbWciOiJodHRwczpcL1wvd3d3LmljZWFnZXR2LmNvbVwvcmFkaW9zaXRlXC93cC1jb250ZW50XC91cGxvYWRzXC8yMDI0XC8xMFwvRWhBVlJGSTcuanBnIiwidHh0IjoiTGUgbWluaXN0cmUgZGUgbCYjODIxNztJbnRcdTAwZTlyaWV1ciBCcnVubyBSZXRhaWxsZWF1IHNvdWhhaXRlIHByb2xvbmdlciBqdXNxdSYjODIxNztcdTAwZTAgMjEwIGpvdXJzIGxhIGR1clx1MDBlOWUgZGUgbGEgclx1MDBlOXRlbnRpb24gYWRtaW5pc3RyYXRpdmUgZGVzIG1pZ3JhbnRzIGVuIHNpdHVhdGlvbiBpcnJcdTAwZTlndWxpXHUwMGU4cmUgOiAmIzgyMjA7UG91ciBsZXMgY3JpbWVzIGxlcyBwbHVzIGdyYXZlcywgbm90cmUgbWFpbiBuZSBkb2l0IHBhcyB0cmVtYmxlciYjODIyMTsiLCJ0ZW1wbGF0ZSI6ImhpZ2h3YXkiLCJibG9nX2lkIjoxMTEwMTY0NjF9.ozFqIwnefABZhGr019Sm-A8GKAsQULQcu4skYtwYsW0MQ"},"version":2},"_wpas_customize_per_network":false},"categories":[405],"tags":[],"class_list":["post-30257","post","type-post","status-publish","format-standard","has-post-thumbnail","hentry","category-actu-france-monde"],"jetpack_publicize_connections":[],"jetpack_featured_media_url":"https:\/\/i0.wp.com\/www.iceagetv.com\/radiosite\/wp-content\/uploads\/2024\/10\/EhAVRFI7.jpg?fit=899%2C388&ssl=1","jetpack_sharing_enabled":true,"_links":{"self":[{"href":"https:\/\/www.iceagetv.com\/radiosite\/wp-json\/wp\/v2\/posts\/30257","targetHints":{"allow":["GET"]}}],"collection":[{"href":"https:\/\/www.iceagetv.com\/radiosite\/wp-json\/wp\/v2\/posts"}],"about":[{"href":"https:\/\/www.iceagetv.com\/radiosite\/wp-json\/wp\/v2\/types\/post"}],"author":[{"embeddable":true,"href":"https:\/\/www.iceagetv.com\/radiosite\/wp-json\/wp\/v2\/users\/2"}],"replies":[{"embeddable":true,"href":"https:\/\/www.iceagetv.com\/radiosite\/wp-json\/wp\/v2\/comments?post=30257"}],"version-history":[{"count":1,"href":"https:\/\/www.iceagetv.com\/radiosite\/wp-json\/wp\/v2\/posts\/30257\/revisions"}],"predecessor-version":[{"id":30259,"href":"https:\/\/www.iceagetv.com\/radiosite\/wp-json\/wp\/v2\/posts\/30257\/revisions\/30259"}],"wp:featuredmedia":[{"embeddable":true,"href":"https:\/\/www.iceagetv.com\/radiosite\/wp-json\/wp\/v2\/media\/30258"}],"wp:attachment":[{"href":"https:\/\/www.iceagetv.com\/radiosite\/wp-json\/wp\/v2\/media?parent=30257"}],"wp:term":[{"taxonomy":"category","embeddable":true,"href":"https:\/\/www.iceagetv.com\/radiosite\/wp-json\/wp\/v2\/categories?post=30257"},{"taxonomy":"post_tag","embeddable":true,"href":"https:\/\/www.iceagetv.com\/radiosite\/wp-json\/wp\/v2\/tags?post=30257"}],"curies":[{"name":"wp","href":"https:\/\/api.w.org\/{rel}","templated":true}]}}