{"id":30260,"date":"2024-10-03T13:50:50","date_gmt":"2024-10-03T11:50:50","guid":{"rendered":"https:\/\/www.iceagetv.com\/radiosite\/?p=30260"},"modified":"2024-10-03T13:50:57","modified_gmt":"2024-10-03T11:50:57","slug":"yvelines-un-adolescent-de-16-ans-recherche-par-la-police-apres-avoir-poignarde-ce-matin-sa-mere-et-son-frere-de-2-ans-a-la-celle-saint-cloud-le-jeune-homme-souffre-de-bipolarite-et-de-schizophrenie","status":"publish","type":"post","link":"https:\/\/www.iceagetv.com\/radiosite\/yvelines-un-adolescent-de-16-ans-recherche-par-la-police-apres-avoir-poignarde-ce-matin-sa-mere-et-son-frere-de-2-ans-a-la-celle-saint-cloud-le-jeune-homme-souffre-de-bipolarite-et-de-schizophrenie\/","title":{"rendered":"Yvelines: Un adolescent de 16 ans recherch\u00e9 par la police apr\u00e8s avoir poignard\u00e9 ce matin sa m\u00e8re et son fr\u00e8re de 2 ans \u00e0 La Celle-Saint-Cloud &#8211; Le jeune homme souffre de bipolarit\u00e9 et de schizophr\u00e9nie"},"content":{"rendered":"\n<p class=\"\">Ce matin, une femme \u00e2g\u00e9e de 45 ans et un enfant de 2 ans ont \u00e9t\u00e9 bless\u00e9s \u00e0 coups de couteau \u00e0 La Celle-Saint-Cloud (Yvelines) dans l&rsquo;appartement familial.<\/p>\n\n\n\n<p class=\"\">Selon&nbsp;<a href=\"https:\/\/www.leparisien.fr\/yvelines-78\/yvelines-un-adolescent-de-16-ans-en-fuite-apres-avoir-poignarde-sa-mere-et-son-frere-de-2-ans-03-10-2024-34KPU5C4IRDDVEPUFK4G5GZXD4.php\" target=\"_blank\" rel=\"noreferrer noopener\">Le Parisien<\/a>, l&rsquo;agresseur actuellement en fuite est recherch\u00e9 par la police. Nos conf\u00e8res pr\u00e9cisent qu&rsquo;il s&rsquo;agit du fils, \u00e2g\u00e9 de 16 ans, suivi en psychiatrie pour bipolarit\u00e9 et schizophr\u00e9nie.<\/p>\n\n\n\n<p class=\"\">Le Parisien indique que lors d&rsquo;une crise l&rsquo;adolescent a agress\u00e9 sa m\u00e8re et son petit fr\u00e8re. Quelques minutes plus tard, la m\u00e8re de famille, la joue gauche en sang, s&rsquo;est r\u00e9fugi\u00e9e chez une voisine de l&rsquo;immeuble, alors qu&rsquo;une femme a d\u00e9couvert le jeune enfant dans la cage d&rsquo;escalier, allong\u00e9 sur le ventre.<\/p>\n\n\n\n<p class=\"\">La m\u00e8re et son jeune fils ont \u00e9t\u00e9 transport\u00e9s \u00e0 l&rsquo;h\u00f4pital. \u00ab\u00a0Le b\u00e9b\u00e9 souffre de deux plaies superficielles occasionn\u00e9es par les coups de couteau, l\u2019une au niveau du flanc, l\u2019autre \u00e0 l\u2019omoplate\u00a0\u00bb, pr\u00e9cisent nos confr\u00e8res.<\/p>\n","protected":false},"excerpt":{"rendered":"<p>Ce matin, une femme \u00e2g\u00e9e de 45 ans et un enfant de 2 ans ont \u00e9t\u00e9 bless\u00e9s \u00e0 coups de couteau \u00e0 La Celle-Saint-Cloud (Yvelines) dans l&rsquo;appartement familial. Selon&nbsp;Le Parisien, l&rsquo;agresseur actuellement en fuite est recherch\u00e9 par la police. Nos conf\u00e8res pr\u00e9cisent qu&rsquo;il s&rsquo;agit du fils, \u00e2g\u00e9 de 16 ans, suivi en psychiatrie pour bipolarit\u00e9 [&hellip;]<\/p>\n","protected":false},"author":2,"featured_media":30261,"comment_status":"open","ping_status":"open","sticky":false,"template":"","format":"standard","meta":{"_jetpack_memberships_contains_paid_content":false,"footnotes":"","jetpack_publicize_message":"","jetpack_publicize_feature_enabled":true,"jetpack_social_post_already_shared":true,"jetpack_social_options":{"image_generator_settings":{"template":"highway","enabled":true,"token":"eyJpbWciOiJodHRwczpcL1wvd3d3LmljZWFnZXR2LmNvbVwvcmFkaW9zaXRlXC93cC1jb250ZW50XC91cGxvYWRzXC8yMDI0XC8xMFwvWXZlbGluZXMuanBnIiwidHh0IjoiWXZlbGluZXM6IFVuIGFkb2xlc2NlbnQgZGUgMTYgYW5zIHJlY2hlcmNoXHUwMGU5IHBhciBsYSBwb2xpY2UgYXByXHUwMGU4cyBhdm9pciBwb2lnbmFyZFx1MDBlOSBjZSBtYXRpbiBzYSBtXHUwMGU4cmUgZXQgc29uIGZyXHUwMGU4cmUgZGUgMiBhbnMgXHUwMGUwIExhIENlbGxlLVNhaW50LUNsb3VkICYjODIxMTsgTGUgamV1bmUgaG9tbWUgc291ZmZyZSBkZSBiaXBvbGFyaXRcdTAwZTkgZXQgZGUgc2NoaXpvcGhyXHUwMGU5bmllIiwidGVtcGxhdGUiOiJoaWdod2F5IiwiYmxvZ19pZCI6MTExMDE2NDYxfQ.wx1mWFcCED1fmRctgiaFLnbUKFwm8TNYc85PKfWUTEEMQ"},"version":2},"_wpas_customize_per_network":false},"categories":[405],"tags":[],"class_list":["post-30260","post","type-post","status-publish","format-standard","has-post-thumbnail","hentry","category-actu-france-monde"],"jetpack_publicize_connections":[],"jetpack_featured_media_url":"https:\/\/i0.wp.com\/www.iceagetv.com\/radiosite\/wp-content\/uploads\/2024\/10\/Yvelines.jpg?fit=681%2C287&ssl=1","jetpack_sharing_enabled":true,"_links":{"self":[{"href":"https:\/\/www.iceagetv.com\/radiosite\/wp-json\/wp\/v2\/posts\/30260","targetHints":{"allow":["GET"]}}],"collection":[{"href":"https:\/\/www.iceagetv.com\/radiosite\/wp-json\/wp\/v2\/posts"}],"about":[{"href":"https:\/\/www.iceagetv.com\/radiosite\/wp-json\/wp\/v2\/types\/post"}],"author":[{"embeddable":true,"href":"https:\/\/www.iceagetv.com\/radiosite\/wp-json\/wp\/v2\/users\/2"}],"replies":[{"embeddable":true,"href":"https:\/\/www.iceagetv.com\/radiosite\/wp-json\/wp\/v2\/comments?post=30260"}],"version-history":[{"count":1,"href":"https:\/\/www.iceagetv.com\/radiosite\/wp-json\/wp\/v2\/posts\/30260\/revisions"}],"predecessor-version":[{"id":30262,"href":"https:\/\/www.iceagetv.com\/radiosite\/wp-json\/wp\/v2\/posts\/30260\/revisions\/30262"}],"wp:featuredmedia":[{"embeddable":true,"href":"https:\/\/www.iceagetv.com\/radiosite\/wp-json\/wp\/v2\/media\/30261"}],"wp:attachment":[{"href":"https:\/\/www.iceagetv.com\/radiosite\/wp-json\/wp\/v2\/media?parent=30260"}],"wp:term":[{"taxonomy":"category","embeddable":true,"href":"https:\/\/www.iceagetv.com\/radiosite\/wp-json\/wp\/v2\/categories?post=30260"},{"taxonomy":"post_tag","embeddable":true,"href":"https:\/\/www.iceagetv.com\/radiosite\/wp-json\/wp\/v2\/tags?post=30260"}],"curies":[{"name":"wp","href":"https:\/\/api.w.org\/{rel}","templated":true}]}}