{"id":30286,"date":"2024-10-05T17:15:49","date_gmt":"2024-10-05T15:15:49","guid":{"rendered":"https:\/\/www.iceagetv.com\/radiosite\/?p=30286"},"modified":"2024-10-05T17:15:52","modified_gmt":"2024-10-05T15:15:52","slug":"le-nouveau-patron-de-sciences-po-porte-plainte-apres-les-manifs-anti-israel-dans-letablissement-et-cible-hicham-touili-idrissi-collaborateur-de-la-deputee-europeenne-lfi-rima-hassan","status":"publish","type":"post","link":"https:\/\/www.iceagetv.com\/radiosite\/le-nouveau-patron-de-sciences-po-porte-plainte-apres-les-manifs-anti-israel-dans-letablissement-et-cible-hicham-touili-idrissi-collaborateur-de-la-deputee-europeenne-lfi-rima-hassan\/","title":{"rendered":"Le nouveau patron de Sciences Po porte plainte apr\u00e8s les manifs anti-Isra\u00ebl dans l&rsquo;\u00e9tablissement et cible Hicham Touili-Idrissi, collaborateur de la d\u00e9put\u00e9e europ\u00e9enne LFI, Rima Hassan"},"content":{"rendered":"\n<p class=\"\">Enfin une r\u00e9action de la part de la direction de Sciences Po ! Fra\u00eechement nomm\u00e9 \u00e0 la t\u00eate de Sciences Po, Luis Vassy a pris une premi\u00e8re d\u00e9cision forte pour saisir le procureur de la R\u00e9publique, contre les manifs pro palestiniennes qui se d\u00e9roulent dans l&rsquo;Universit\u00e9.<\/p>\n\n\n\n<p class=\"\">Selon les informations d&rsquo;Europe 1 et du JDD sont vis\u00e9s des activistes qui ont appel\u00e9 \u00e0 l\u2019intifada, notamment Hicham Touili-Idrissi, collaborateur de la d\u00e9put\u00e9e europ\u00e9enne Rima Hassan, ancien \u00e9l\u00e8ve de Sciences Po et membre actif du comit\u00e9 Palestine de l\u2019\u00e9tablissement.&nbsp;<\/p>\n\n\n\n<p class=\"\">Lors d\u2019une intervention t\u00e9l\u00e9vis\u00e9e le 29 avril dernier sur le service public, il avait refus\u00e9 de condamner le Hamas, pr\u00e9f\u00e9rant alerter sur \u00ab un risque immense de g\u00e9nocide \u00bb en Palestine.<\/p>\n\n\n\n<p class=\"\">Arborant fi\u00e8rement un keffieh, symbole du nationalisme palestinien, il s&rsquo;\u00e9tait attir\u00e9 les critiques de nombreux observateurs.&nbsp;<\/p>\n\n\n\n<p class=\"\">C&rsquo;est lui qui serait \u00e0 l&rsquo;origine des mouvements qui secouent l&rsquo;Universit\u00e9 et qui parfois d\u00e9rapent en antis\u00e9mitisme et haine claire et affich\u00e9e d&rsquo;Isra\u00ebl.&nbsp;<\/p>\n\n\n\n<p class=\"\">Le JDD rappelle par exemple, que pas plus tard que le 3 octobre dernier, alors que l\u2019\u00e9cole c\u00e9l\u00e9brait l\u2019Africa Day, des \u00e9tudiants ont transform\u00e9 le hall en v\u00e9ritable ar\u00e8ne propalestinienne. \u00ab Isra\u00ebl assassin, Sciences Po complice \u00bb, scandait-on, drapeaux palestiniens \u00e0 la main, et \u00ab Netanyahou, casse-toi, la Palestine n&rsquo;est pas \u00e0 toi \u00bb ou encore \u00ab Pour nos fr\u00e8res de Palestine et tous ceux qu\u2019on assassine, on est l\u00e0 \u00bb.<\/p>\n","protected":false},"excerpt":{"rendered":"<p>Enfin une r\u00e9action de la part de la direction de Sciences Po ! Fra\u00eechement nomm\u00e9 \u00e0 la t\u00eate de Sciences Po, Luis Vassy a pris une premi\u00e8re d\u00e9cision forte pour saisir le procureur de la R\u00e9publique, contre les manifs pro palestiniennes qui se d\u00e9roulent dans l&rsquo;Universit\u00e9. Selon les informations d&rsquo;Europe 1 et du JDD sont [&hellip;]<\/p>\n","protected":false},"author":2,"featured_media":30287,"comment_status":"open","ping_status":"open","sticky":false,"template":"","format":"standard","meta":{"_jetpack_memberships_contains_paid_content":false,"footnotes":"","jetpack_publicize_message":"","jetpack_publicize_feature_enabled":true,"jetpack_social_post_already_shared":true,"jetpack_social_options":{"image_generator_settings":{"template":"highway","enabled":true,"token":"eyJpbWciOiJodHRwczpcL1wvd3d3LmljZWFnZXR2LmNvbVwvcmFkaW9zaXRlXC93cC1jb250ZW50XC91cGxvYWRzXC8yMDI0XC8xMFwvTGUtbm91dmVhdS1wYXRyb24tZGUtU2NpZW5jZXMtUG8uanBnIiwidHh0IjoiTGUgbm91dmVhdSBwYXRyb24gZGUgU2NpZW5jZXMgUG8gcG9ydGUgcGxhaW50ZSBhcHJcdTAwZThzIGxlcyBtYW5pZnMgYW50aS1Jc3JhXHUwMGVibCBkYW5zIGwmIzgyMTc7XHUwMGU5dGFibGlzc2VtZW50IGV0IGNpYmxlIEhpY2hhbSBUb3VpbGktSWRyaXNzaSwgY29sbGFib3JhdGV1ciBkZSBsYSBkXHUwMGU5cHV0XHUwMGU5ZSBldXJvcFx1MDBlOWVubmUgTEZJLCBSaW1hIEhhc3NhbiIsInRlbXBsYXRlIjoiaGlnaHdheSIsImJsb2dfaWQiOjExMTAxNjQ2MX0.zxlF_oniN4qrpfutO9qY2LuRfjbotCU6DOSSPYpInIQMQ"},"version":2},"_wpas_customize_per_network":false},"categories":[405],"tags":[],"class_list":["post-30286","post","type-post","status-publish","format-standard","has-post-thumbnail","hentry","category-actu-france-monde"],"jetpack_publicize_connections":[],"jetpack_featured_media_url":"https:\/\/i0.wp.com\/www.iceagetv.com\/radiosite\/wp-content\/uploads\/2024\/10\/Le-nouveau-patron-de-Sciences-Po.jpg?fit=679%2C293&ssl=1","jetpack_sharing_enabled":true,"_links":{"self":[{"href":"https:\/\/www.iceagetv.com\/radiosite\/wp-json\/wp\/v2\/posts\/30286","targetHints":{"allow":["GET"]}}],"collection":[{"href":"https:\/\/www.iceagetv.com\/radiosite\/wp-json\/wp\/v2\/posts"}],"about":[{"href":"https:\/\/www.iceagetv.com\/radiosite\/wp-json\/wp\/v2\/types\/post"}],"author":[{"embeddable":true,"href":"https:\/\/www.iceagetv.com\/radiosite\/wp-json\/wp\/v2\/users\/2"}],"replies":[{"embeddable":true,"href":"https:\/\/www.iceagetv.com\/radiosite\/wp-json\/wp\/v2\/comments?post=30286"}],"version-history":[{"count":1,"href":"https:\/\/www.iceagetv.com\/radiosite\/wp-json\/wp\/v2\/posts\/30286\/revisions"}],"predecessor-version":[{"id":30288,"href":"https:\/\/www.iceagetv.com\/radiosite\/wp-json\/wp\/v2\/posts\/30286\/revisions\/30288"}],"wp:featuredmedia":[{"embeddable":true,"href":"https:\/\/www.iceagetv.com\/radiosite\/wp-json\/wp\/v2\/media\/30287"}],"wp:attachment":[{"href":"https:\/\/www.iceagetv.com\/radiosite\/wp-json\/wp\/v2\/media?parent=30286"}],"wp:term":[{"taxonomy":"category","embeddable":true,"href":"https:\/\/www.iceagetv.com\/radiosite\/wp-json\/wp\/v2\/categories?post=30286"},{"taxonomy":"post_tag","embeddable":true,"href":"https:\/\/www.iceagetv.com\/radiosite\/wp-json\/wp\/v2\/tags?post=30286"}],"curies":[{"name":"wp","href":"https:\/\/api.w.org\/{rel}","templated":true}]}}