{"id":30290,"date":"2024-10-06T07:28:51","date_gmt":"2024-10-06T05:28:51","guid":{"rendered":"https:\/\/www.iceagetv.com\/radiosite\/?p=30290"},"modified":"2024-10-06T07:28:55","modified_gmt":"2024-10-06T05:28:55","slug":"la-colere-des-juifs-de-france-et-de-benyamin-netanyahou-apres-lappel-demmanuel-macron-a-cesser-les-livraisons-darmes-a-israel-cest-une-nouvelle-trahison-apres-son-absence-a-la-marche-contr","status":"publish","type":"post","link":"https:\/\/www.iceagetv.com\/radiosite\/la-colere-des-juifs-de-france-et-de-benyamin-netanyahou-apres-lappel-demmanuel-macron-a-cesser-les-livraisons-darmes-a-israel-cest-une-nouvelle-trahison-apres-son-absence-a-la-marche-contr\/","title":{"rendered":"La col\u00e8re des juifs de France et de Benyamin Netanyahou apr\u00e8s l&rsquo;appel d&rsquo;Emmanuel Macron \u00e0 cesser les livraisons d&rsquo;armes \u00e0 Isra\u00ebl : \u00ab\u00a0C&rsquo;est une nouvelle trahison apr\u00e8s son absence \u00e0 la marche contre l&rsquo;antis\u00e9mitisme\u00a0\u00bb"},"content":{"rendered":"\n<p class=\"\"><strong>Les juifs de France sont furieux apr\u00e8s la d\u00e9claration d&rsquo;Emmanuel Macron hier sur France Inter. Beaucoup \u00e9voquent ce matin une \u00ab\u00a0nouvelle trahison du Pr\u00e9sident de la R\u00e9publique apr\u00e8s son absence d\u00e9j\u00e0 d\u00e9cri\u00e9e \u00e0 la marche contre l&rsquo;antis\u00e9mitisme que certains qualifie de faute politique voire de faute historique\u00a0\u00bb.&nbsp;<\/strong><\/p>\n\n\n\n<p class=\"\">A l&rsquo;occasion du 19e Sommet de la francophonie \u00e0 Villers-Cotter\u00eats, le chef de l&rsquo;\u00c9tat a en effet \u00e9t\u00e9 interrog\u00e9 sur son rapport \u00e0 la langue fran\u00e7aise, mais \u00e9galement sur l&rsquo;actualit\u00e9 internationale. Il a ainsi appel\u00e9, en ce week-end de comm\u00e9morations des attaques terroristes du 7 Octobre en Isra\u00ebl, \u00e0 l&rsquo;arr\u00eat de livraisons d&rsquo;armes \u00ab pour mener les combats sur Gaza \u00bb, \u00e9voquant une \u00ab priorit\u00e9 \u00bb \u00e0 ce sujet.Aujourd&rsquo;hui, les principaux pourvoyeurs d&rsquo;armes \u00e0 Isra\u00ebl sont les \u00c9tats-Unis (69 % des exportations entre 2019 et 2023). L&rsquo;Italie poursuit, elle aussi, ses exportations, ainsi que l&rsquo;Allemagne, qui a m\u00eame augment\u00e9 ses livraisons depuis le 7 Octobre.Le Premier ministre isra\u00e9lien Benyamin Netanyahou a  vivement r\u00e9agi dans la soir\u00e9e \u00e0 la demande d&rsquo;Emmanuel Macron de cesser les livraisons d&rsquo;armes \u00e0 Isra\u00ebl. S&rsquo;adressant directement \u00e0 Macron et aux dirigeants occidentaux appelant \u00e0 un embargo sur les armes, il a lanc\u00e9 :\u00a0\u00bbHonte \u00e0 eux !\u00a0\u00bb. Il a ensuite d\u00e9nonc\u00e9 ce qu&rsquo;il per\u00e7oit comme un deux poids deux mesures, soulignant que l&rsquo;Iran continue de soutenir le Hezbollah, les Houthis et le Hamas.Netanyahou a conclu en affirmant qu&rsquo;Isra\u00ebl \u00ab\u00a0gagnera avec ou sans leur soutien\u00a0\u00bb, ajoutant que \u00ab\u00a0la honte perdurera bien apr\u00e8s que la guerre sera gagn\u00e9e\u00a0\u00bb.Concernant l&rsquo;Iran, Netanyahou a \u00e9t\u00e9 cat\u00e9gorique : \u00ab\u00a0Isra\u00ebl a le devoir et le droit de se d\u00e9fendre et de riposter \u00e0 ces attaques &#8211; et c&rsquo;est ce que nous ferons.\u00a0\u00bb Cette d\u00e9claration fait suite \u00e0 la r\u00e9cente attaque iranienne sans pr\u00e9c\u00e9dent contre Isra\u00ebl, impliquant des centaines de missiles balistiques.Le Premier ministre a \u00e9galement \u00e9voqu\u00e9 la situation \u00e0 Gaza, rappelant l&rsquo;engagement d&rsquo;Isra\u00ebl \u00e0 ramener les 101 otages toujours d\u00e9tenus. Netanyahou a conclu son discours en appelant \u00e0 l&rsquo;unit\u00e9 nationale : \u00ab\u00a0Ensemble, nous tiendrons bon, ensemble nous combattrons, et avec l&rsquo;aide de Dieu &#8211; ensemble nous vaincrons.\u00a0\u00bb<\/p>\n","protected":false},"excerpt":{"rendered":"<p>Les juifs de France sont furieux apr\u00e8s la d\u00e9claration d&rsquo;Emmanuel Macron hier sur France Inter. Beaucoup \u00e9voquent ce matin une \u00ab\u00a0nouvelle trahison du Pr\u00e9sident de la R\u00e9publique apr\u00e8s son absence d\u00e9j\u00e0 d\u00e9cri\u00e9e \u00e0 la marche contre l&rsquo;antis\u00e9mitisme que certains qualifie de faute politique voire de faute historique\u00a0\u00bb.&nbsp; A l&rsquo;occasion du 19e Sommet de la francophonie [&hellip;]<\/p>\n","protected":false},"author":2,"featured_media":30291,"comment_status":"open","ping_status":"open","sticky":false,"template":"","format":"standard","meta":{"_jetpack_memberships_contains_paid_content":false,"footnotes":"","jetpack_publicize_message":"","jetpack_publicize_feature_enabled":true,"jetpack_social_post_already_shared":true,"jetpack_social_options":{"image_generator_settings":{"template":"highway","enabled":true,"token":"eyJpbWciOiJodHRwczpcL1wvd3d3LmljZWFnZXR2LmNvbVwvcmFkaW9zaXRlXC93cC1jb250ZW50XC91cGxvYWRzXC8yMDI0XC8xMFwvanVpZnNfZnJhbmNlX18wLmpwZyIsInR4dCI6IkxhIGNvbFx1MDBlOHJlIGRlcyBqdWlmcyBkZSBGcmFuY2UgZXQgZGUgQmVueWFtaW4gTmV0YW55YWhvdSBhcHJcdTAwZThzIGwmIzgyMTc7YXBwZWwgZCYjODIxNztFbW1hbnVlbCBNYWNyb24gXHUwMGUwIGNlc3NlciBsZXMgbGl2cmFpc29ucyBkJiM4MjE3O2FybWVzIFx1MDBlMCBJc3JhXHUwMGVibCA6ICYjODIyMDtDJiM4MjE3O2VzdCB1bmUgbm91dmVsbGUgdHJhaGlzb24gYXByXHUwMGU4cyBzb24gYWJzZW5jZSBcdTAwZTAgbGEgbWFyY2hlIGNvbnRyZSBsJiM4MjE3O2FudGlzXHUwMGU5bWl0aXNtZSYjODIyMTsiLCJ0ZW1wbGF0ZSI6ImhpZ2h3YXkiLCJibG9nX2lkIjoxMTEwMTY0NjF9.CO33joGlUNjfxa9Zkn54JV3m41IP4UrUywa7RgSH_3wMQ"},"version":2},"_wpas_customize_per_network":false},"categories":[405],"tags":[],"class_list":["post-30290","post","type-post","status-publish","format-standard","has-post-thumbnail","hentry","category-actu-france-monde"],"jetpack_publicize_connections":[],"jetpack_featured_media_url":"https:\/\/i0.wp.com\/www.iceagetv.com\/radiosite\/wp-content\/uploads\/2024\/10\/juifs_france__0.jpg?fit=920%2C397&ssl=1","jetpack_sharing_enabled":true,"_links":{"self":[{"href":"https:\/\/www.iceagetv.com\/radiosite\/wp-json\/wp\/v2\/posts\/30290","targetHints":{"allow":["GET"]}}],"collection":[{"href":"https:\/\/www.iceagetv.com\/radiosite\/wp-json\/wp\/v2\/posts"}],"about":[{"href":"https:\/\/www.iceagetv.com\/radiosite\/wp-json\/wp\/v2\/types\/post"}],"author":[{"embeddable":true,"href":"https:\/\/www.iceagetv.com\/radiosite\/wp-json\/wp\/v2\/users\/2"}],"replies":[{"embeddable":true,"href":"https:\/\/www.iceagetv.com\/radiosite\/wp-json\/wp\/v2\/comments?post=30290"}],"version-history":[{"count":1,"href":"https:\/\/www.iceagetv.com\/radiosite\/wp-json\/wp\/v2\/posts\/30290\/revisions"}],"predecessor-version":[{"id":30292,"href":"https:\/\/www.iceagetv.com\/radiosite\/wp-json\/wp\/v2\/posts\/30290\/revisions\/30292"}],"wp:featuredmedia":[{"embeddable":true,"href":"https:\/\/www.iceagetv.com\/radiosite\/wp-json\/wp\/v2\/media\/30291"}],"wp:attachment":[{"href":"https:\/\/www.iceagetv.com\/radiosite\/wp-json\/wp\/v2\/media?parent=30290"}],"wp:term":[{"taxonomy":"category","embeddable":true,"href":"https:\/\/www.iceagetv.com\/radiosite\/wp-json\/wp\/v2\/categories?post=30290"},{"taxonomy":"post_tag","embeddable":true,"href":"https:\/\/www.iceagetv.com\/radiosite\/wp-json\/wp\/v2\/tags?post=30290"}],"curies":[{"name":"wp","href":"https:\/\/api.w.org\/{rel}","templated":true}]}}