{"id":30298,"date":"2024-10-06T14:33:03","date_gmt":"2024-10-06T12:33:03","guid":{"rendered":"https:\/\/www.iceagetv.com\/radiosite\/?p=30298"},"modified":"2024-10-06T14:33:06","modified_gmt":"2024-10-06T12:33:06","slug":"30-degres-a-minuit-face-aux-fortes-chaleurs-dubai-adopte-les-plages-de-nuit","status":"publish","type":"post","link":"https:\/\/www.iceagetv.com\/radiosite\/30-degres-a-minuit-face-aux-fortes-chaleurs-dubai-adopte-les-plages-de-nuit\/","title":{"rendered":"30 degr\u00e9s \u00e0 minuit\u00a0: face aux fortes chaleurs, Duba\u00ef adopte les plages de nuit"},"content":{"rendered":"\n<p class=\"\">Des baigneurs, des ch\u00e2teaux de sable, des cano\u00ebs-kayaks au large\u2026 Difficile de croire qu\u2019il est 23&nbsp;heures pass\u00e9es sur cette plage publique de&nbsp;<a href=\"https:\/\/www.leparisien.fr\/economie\/dubai-veut-abriter-le-plus-grand-aeroport-au-monde-28-04-2024-47TRJ2EX5NCEJD3HRJBMTZMU6E.php\" target=\"_blank\" rel=\"noreferrer noopener\">Duba\u00ef<\/a>, aux \u00c9mirats arabes unis, o\u00f9 l\u2019\u00e9t\u00e9 dure pr\u00e8s de six mois. Les amateurs de bains nocturnes viennent chercher la fra\u00eecheur&nbsp;: pass\u00e9 minuit, le thermom\u00e8tre tombe \u00e0 30 degr\u00e9s apr\u00e8s avoir tutoy\u00e9 les 40 dans la journ\u00e9e.<\/p>\n\n\n\n<p class=\"\">\u00ab\u00a0Les temp\u00e9ratures baissent un peu le soir\u00a0\u00bb, c\u2019est \u00ab\u00a0g\u00e9nial\u00a0\u00bb, dit Mohammed, un expatri\u00e9 pakistanais de 32 ans, venu profiter de la mer avec ses deux enfants sans devoir endurer le soleil br\u00fblant entre mai et octobre dans l\u2019\u00e9mirat du Golfe.<\/p>\n\n\n\n<p class=\"\">Situ\u00e9e dans l\u2019une des r\u00e9gions les plus chaudes au monde, cette ville cosmopolite de 3,6&nbsp;millions d\u2019habitants a am\u00e9nag\u00e9 l\u2019ann\u00e9e derni\u00e8re plus de 800&nbsp;m de \u00ab&nbsp;plages de nuit&nbsp;\u00bb, dot\u00e9es de ma\u00eetres nageurs 24&nbsp;heures sur 24&nbsp;heures, de filets anti-requins, et de projecteurs g\u00e9ants. \u00ab&nbsp;Lorsqu\u2019on marche ou on nage, on voit nos pieds, nos mains, tout&nbsp;\u00bb, se r\u00e9jouit le p\u00e8re de famille.<\/p>\n\n\n\n<h2 class=\"wp-block-heading\">Lunettes sp\u00e9ciales pour les ma\u00eetres nageurs<\/h2>\n\n\n\n<p class=\"\">Selon le responsable du projet \u00e0 la municipalit\u00e9, Hamad Shaker, tout a \u00e9t\u00e9 fait pour rassurer les nageurs&nbsp;: les filets tiennent \u00e0 l\u2019\u00e9cart les animaux marins, les ma\u00eetres nageurs disposent de binoculaires \u00e0 vision nocturne, et un syst\u00e8me de cam\u00e9ras dot\u00e9 d\u2019intelligence artificielle, permettant de lancer l\u2019alerte en cas de noyade, est m\u00eame en train d\u2019\u00eatre test\u00e9.<\/p>\n\n\n\n<p class=\"\">\u00ab&nbsp;Je pense que nous sommes l\u2019une des seules villes au monde \u00e0 avoir autant d\u2019infrastructures sur des plages publiques la nuit, et certainement les seuls au Moyen-Orient et en Afrique du Nord&nbsp;\u00bb, se f\u00e9licite-t-il. Ces plages, dit-il, ont accueilli \u00ab&nbsp;plus d\u2019un million de personnes&nbsp;\u00bb depuis l\u2019ann\u00e9e derni\u00e8re.<\/p>\n\n\n\n<h2 class=\"wp-block-heading\">Une eau ti\u00e8de<\/h2>\n\n\n\n<p class=\"\">Au moment o\u00f9 le Moyen-Orient est secou\u00e9 par une escalade militaire, entre Isra\u00ebl d\u2019une part, l\u2019Iran et ses alli\u00e9s \u2014 Hamas palestinien et\u00a0<a href=\"https:\/\/www.leparisien.fr\/international\/israel\/hezbollah-origines-ennemi-disrael-forces-popularite-au-liban-huit-questions-sur-lorganisation-chiite-01-10-2024-ZYYMVDSTIBCY5NIAUJFWZ4BK3Y.php\" target=\"_blank\" rel=\"noreferrer noopener\">Hezbollah<\/a>\u00a0libanais \u2014 de l\u2019autre, \u00e0 Duba\u00ef, o\u00f9 les \u00e9trangers repr\u00e9sentent plus de 90\u00a0% de la population, les plages de nuit attirent des foules le week-end.Sur celle d\u2019Umm suqeim, Mary Bayarka, une coach b\u00e9larusse de 38 ans, vient profiter d\u2019un peu de fra\u00eecheur \u00ab\u00a0apr\u00e8s une longue et chaude journ\u00e9e\u00a0\u00bb, m\u00eame si la temp\u00e9rature de l\u2019eau n\u2019est pas encore assez fra\u00eeche \u00e0 son go\u00fbt. \u00ab\u00a0C\u2019est un peu comme un bain\u00a0\u00bb, dit-elle en souriant.<\/p>\n\n\n\n<p class=\"\">Un peu plus loin, Laya Manko, une vendeuse philippine de 36 ans, s\u2019amuse \u00e0 s\u2019ensevelir dans le sable. Cette plage, o\u00f9 il lui arrive de passer la nuit avec ses amis, est une bouff\u00e9e d\u2019oxyg\u00e8ne pour les centaines de milliers de travailleurs migrants qui font tourner l\u2019\u00e9conomie de l\u2019\u00e9mirat. \u00ab&nbsp;On travaille dur \u00e0 Duba\u00ef alors on a besoin de se relaxer&nbsp;\u00bb, dit-elle. Avec cette nouvelle attraction, les autorit\u00e9s cherchent aussi \u00e0 s\u00e9duire les touristes, cantonn\u00e9s durant la saison chaude aux espaces climatis\u00e9s.<\/p>\n\n\n\n<h2 class=\"wp-block-heading\">\u00ab&nbsp;S\u2019adapter&nbsp;\u00bb aux changements climatiques<\/h2>\n\n\n\n<p class=\"\">Il y a cinquante ans, Duba\u00ef \u00e9tait largement d\u00e9sert\u00e9e au plus fort de l\u2019\u00e9t\u00e9, sous des temp\u00e9ratures d\u00e9passant les 40 degr\u00e9s. Mais avec sa plus haute tour du monde, ses immenses centres commerciaux et parcs d\u2019attractions en int\u00e9rieur, elle s\u2019est impos\u00e9e comme \u00ab\u00a0une destination urbaine tout au long de l\u2019ann\u00e9e\u00a0\u00bb, accueillant plus de 17\u00a0millions de visiteurs l\u2019ann\u00e9e derni\u00e8re, souligne Manuela Gutberlet, chercheuse \u00e0 l\u2019acad\u00e9mie du tourisme de l\u2019Universit\u00e9 de Breda, aux Pays-Bas.<\/p>\n\n\n\n<p class=\"\">Le r\u00e9chauffement climatique pourrait toutefois limiter ses ambitions, souligne l\u2019experte, \u00e9voquant notamment<a href=\"https:\/\/www.leparisien.fr\/societe\/on-est-a-bout-les-vacances-ratees-dune-mere-et-sa-fille-clouees-au-sol-par-les-tensions-au-proche-orient-et-les-inondations-a-dubai-17-04-2024-BOOPIPON5BHKXAQQ2XOSE7ADAI.php\" target=\"_blank\" rel=\"noreferrer noopener\">&nbsp;les pluies torrentielles<\/a>&nbsp;qui ont paralys\u00e9 la ville pendant plusieurs jours en avril. La multiplication de ces ph\u00e9nom\u00e8nes et la hausse pr\u00e9vue des temp\u00e9ratures au-del\u00e0 des 40 voire 50 degr\u00e9s pourraient d\u00e9courager les touristes, poursuit-elle, d\u2019o\u00f9 la n\u00e9cessit\u00e9 de \u00ab&nbsp;s\u2019adapter rapidement \u00e0 ces nouveaux risques&nbsp;\u00bb.<\/p>\n\n\n\n<p class=\"\">En attendant, sur la plage, Laziz Ahmed savoure ses premi\u00e8res vacances \u00e0 Duba\u00ef. \u00ab&nbsp;On est bien&nbsp;\u00bb, dit ce Fran\u00e7ais de 77 ans, venu rendre visite \u00e0 des proches. \u00ab&nbsp;En journ\u00e9e, je ne sors pas beaucoup&nbsp;\u00bb, mais le soir \u00ab&nbsp;je me rattrape&nbsp;\u00bb.<\/p>\n\n\n\n<h2 class=\"wp-block-heading\"><a href=\"https:\/\/www.leparisien.fr\/environnement\/climat\/\">Climat&nbsp;<\/a><\/h2>\n","protected":false},"excerpt":{"rendered":"<p>Des baigneurs, des ch\u00e2teaux de sable, des cano\u00ebs-kayaks au large\u2026 Difficile de croire qu\u2019il est 23&nbsp;heures pass\u00e9es sur cette plage publique de&nbsp;Duba\u00ef, aux \u00c9mirats arabes unis, o\u00f9 l\u2019\u00e9t\u00e9 dure pr\u00e8s de six mois. Les amateurs de bains nocturnes viennent chercher la fra\u00eecheur&nbsp;: pass\u00e9 minuit, le thermom\u00e8tre tombe \u00e0 30 degr\u00e9s apr\u00e8s avoir tutoy\u00e9 les 40 [&hellip;]<\/p>\n","protected":false},"author":2,"featured_media":30299,"comment_status":"open","ping_status":"open","sticky":false,"template":"","format":"standard","meta":{"_jetpack_memberships_contains_paid_content":false,"footnotes":"","jetpack_publicize_message":"","jetpack_publicize_feature_enabled":true,"jetpack_social_post_already_shared":false,"jetpack_social_options":{"image_generator_settings":{"template":"highway","enabled":true,"token":"eyJpbWciOiJodHRwczpcL1wvd3d3LmljZWFnZXR2LmNvbVwvcmFkaW9zaXRlXC93cC1jb250ZW50XC91cGxvYWRzXC8yMDI0XC8xMFwvSURFRkNCRVY2VkFDWEFBN09MSzZFNDZNNTQuanBnIiwidHh0IjoiMzAgZGVnclx1MDBlOXMgXHUwMGUwIG1pbnVpdFx1MDBhMDogZmFjZSBhdXggZm9ydGVzIGNoYWxldXJzLCBEdWJhXHUwMGVmIGFkb3B0ZSBsZXMgcGxhZ2VzIGRlIG51aXQiLCJ0ZW1wbGF0ZSI6ImhpZ2h3YXkiLCJibG9nX2lkIjoxMTEwMTY0NjF9.HVZTe142L0tXkgqOIyZz4BwxvW7g9sleJtHejhjaWfYMQ"},"version":2},"_wpas_customize_per_network":false},"categories":[405],"tags":[],"class_list":["post-30298","post","type-post","status-publish","format-standard","has-post-thumbnail","hentry","category-actu-france-monde"],"jetpack_publicize_connections":[],"jetpack_featured_media_url":"https:\/\/i0.wp.com\/www.iceagetv.com\/radiosite\/wp-content\/uploads\/2024\/10\/IDEFCBEV6VACXAA7OLK6E46M54.jpg?fit=932%2C582&ssl=1","jetpack_sharing_enabled":true,"_links":{"self":[{"href":"https:\/\/www.iceagetv.com\/radiosite\/wp-json\/wp\/v2\/posts\/30298","targetHints":{"allow":["GET"]}}],"collection":[{"href":"https:\/\/www.iceagetv.com\/radiosite\/wp-json\/wp\/v2\/posts"}],"about":[{"href":"https:\/\/www.iceagetv.com\/radiosite\/wp-json\/wp\/v2\/types\/post"}],"author":[{"embeddable":true,"href":"https:\/\/www.iceagetv.com\/radiosite\/wp-json\/wp\/v2\/users\/2"}],"replies":[{"embeddable":true,"href":"https:\/\/www.iceagetv.com\/radiosite\/wp-json\/wp\/v2\/comments?post=30298"}],"version-history":[{"count":1,"href":"https:\/\/www.iceagetv.com\/radiosite\/wp-json\/wp\/v2\/posts\/30298\/revisions"}],"predecessor-version":[{"id":30300,"href":"https:\/\/www.iceagetv.com\/radiosite\/wp-json\/wp\/v2\/posts\/30298\/revisions\/30300"}],"wp:featuredmedia":[{"embeddable":true,"href":"https:\/\/www.iceagetv.com\/radiosite\/wp-json\/wp\/v2\/media\/30299"}],"wp:attachment":[{"href":"https:\/\/www.iceagetv.com\/radiosite\/wp-json\/wp\/v2\/media?parent=30298"}],"wp:term":[{"taxonomy":"category","embeddable":true,"href":"https:\/\/www.iceagetv.com\/radiosite\/wp-json\/wp\/v2\/categories?post=30298"},{"taxonomy":"post_tag","embeddable":true,"href":"https:\/\/www.iceagetv.com\/radiosite\/wp-json\/wp\/v2\/tags?post=30298"}],"curies":[{"name":"wp","href":"https:\/\/api.w.org\/{rel}","templated":true}]}}