{"id":30306,"date":"2024-10-07T05:30:55","date_gmt":"2024-10-07T03:30:55","guid":{"rendered":"https:\/\/www.iceagetv.com\/radiosite\/?p=30306"},"modified":"2024-10-07T05:30:59","modified_gmt":"2024-10-07T03:30:59","slug":"7-octobre-un-an-apres-qui-sont-les-deux-otages-francais-encore-captifs-du-hamas","status":"publish","type":"post","link":"https:\/\/www.iceagetv.com\/radiosite\/7-octobre-un-an-apres-qui-sont-les-deux-otages-francais-encore-captifs-du-hamas\/","title":{"rendered":"7-Octobre, un an apr\u00e8s : qui sont les deux otages fran\u00e7ais encore captifs du Hamas ?"},"content":{"rendered":"\n<p class=\"\"><strong>Un an apr\u00e8s le massacre du 7-Octobre, deux otages fran\u00e7ais sont toujours d\u00e9tenus dans la bande de Gaza : Ohad Yahalomi et Ofer Kalderon, deux p\u00e8res de famille de 49 et 53 ans. Au total, 97 otages sont encore aux mains du Hamas dans le territoire palestinien.&nbsp;<\/strong><\/p>\n\n\n\n<p class=\"\">Apr\u00e8s une ann\u00e9e de captivit\u00e9 dans\u00a0<a href=\"https:\/\/www.europe1.fr\/international\/gaza-israel-na-pas-le-droit-de-se-defendre-dans-toutes-circonstances-lance-manuel-bompard-4268983\">la bande de Gaza<\/a>, le sort des 64 otages pr\u00e9sum\u00e9s vivants, principale monnaie d&rsquo;\u00e9change du Hamas pour obtenir un cessez-le-feu et des lib\u00e9rations de prisonniers palestiniens,\u00a0est incertain, assombri par la litanie des d\u00e9c\u00e8s confirm\u00e9s et corps rapatri\u00e9s. Parmi eux, deux Fran\u00e7ais sont encore captifs du groupe terroriste<\/p>\n\n\n\n<h2 class=\"wp-block-heading\">Ofer Kalderon, 53 ans<\/h2>\n\n\n\n<p class=\"\">Comme de nombreuses victimes du 7 octobre, Ofer Kalderon vivait dans le kibboutz de Nir Oz, \u00e0 l&rsquo;ouest\u00a0<a href=\"https:\/\/www.europe1.fr\/dossiers\/israel\">d&rsquo;Isra\u00ebl<\/a>. Ce menuisier Franco-isra\u00e9lien, \u00e2g\u00e9 de 53 ans, est le p\u00e8re de quatre enfants et se trouvait dans une maison du quartier, avec son fils Erez, 12 ans, et sa fille Sahar, 16 ans,\u00a0Si les deux adolescents, Erez et Sahar, ont \u00e9t\u00e9 lib\u00e9r\u00e9s fin novembre, en m\u00eame temps qu&rsquo;Eitan Yahalomi, l&rsquo;autre jeune Fran\u00e7ais captur\u00e9 par le Hamas dans ce kibboutz, Ofer Kalderon est toujours\u00a0en captivit\u00e9. Au\u00a0<em><a href=\"https:\/\/www.leparisien.fr\/international\/israel\/ofer-ohad-orion-et-eliya-qui-sont-les-quatre-otages-francais-encore-aux-mains-du-hamas-01-12-2023-P33OAPPRXJAXRKJJDLFMJRTKJE.php\">Parisien<\/a><\/em>, les proches d&rsquo;Ofer \u00e9voquent\u00a0\u00ab\u00a0un bon p\u00e8re, aimant et proche de ses enfants\u00a0\u00bb.<\/p>\n\n\n\n<p class=\"\">Apr\u00e8s sa lib\u00e9ration, une ancienne otage isra\u00e9lienne, Yocheved Lifshitz, 85 ans, a d\u00e9clar\u00e9 avoir crois\u00e9 Ofer Kalderon lors de sa d\u00e9tention. \u00ab\u00a0C&rsquo;\u00e9taient les premiers jours, il \u00e9tait vivant\u00a0\u00bb, avait assur\u00e9 la fille de cette derni\u00e8re dans une interview \u00e0&nbsp;<a href=\"https:\/\/www.rtl.fr\/actu\/international\/enquete-rtl-il-etait-vivant-un-temoin-assure-qu-un-2e-francais-a-bien-ete-otage-du-hamas-7900323498\">RTL<\/a>. Selon son ex-femme Hadas, le Franco-isra\u00e9lien est un passionn\u00e9 de VTT dans les montagnes.<a><\/a><\/p>\n\n\n\n<h2 class=\"wp-block-heading\">Ohad Yahalomi, 49 ans<\/h2>\n\n\n\n<p class=\"\">Ohad Yahalomi a \u00e9galement \u00e9t\u00e9 kidnapp\u00e9 le 7 octobre au cours de l&rsquo;attaque du kibboutz de Nir Oz. L&rsquo;histoire de son fils Eitan, \u00e2g\u00e9 de 12 ans, avait \u00e9mu le monde entier. Le jeune gar\u00e7on&nbsp;<a href=\"https:\/\/www.europe1.fr\/emissions\/chronique-de-letranger\/ils-lui-ont-dit-quisrael-nexistait-plus-le-temoignage-choc-de-batsheva-yaalomi-mere-deitan-kidnappe-le-7-octobre-4271029\">avait \u00e9galement \u00e9t\u00e9 retenu plusieurs semaines<\/a>, avant que sa lib\u00e9ration ne soit n\u00e9goci\u00e9e fin novembre. Le p\u00e8re de 49 ans a lui \u00e9t\u00e9 bless\u00e9 par balle \u00e0 la jambe lors de son enl\u00e8vement. Bat Sheva, son \u00e9pouse, et leurs deux filles avaient \u00e9galement \u00e9t\u00e9 kidnapp\u00e9es avant d&rsquo;\u00eatre rel\u00e2ch\u00e9es. Elles \u00e9taient parvenues \u00e0 s&rsquo;enfuir apr\u00e8s que le convoi dans lequel elles \u00e9taient emmen\u00e9es par les terroristes a crois\u00e9 la route de deux chars isra\u00e9liens. \u00ab\u00a0La derni\u00e8re chose que la famille a vue, c\u2019est Ohad se faire tirer dessus devant la maison\u00a0\u00bb, avait racont\u00e9 la cousine du Franco-isra\u00e9lien de 49 ans dans&nbsp;<em><a href=\"https:\/\/www.leparisien.fr\/international\/hommage-aux-victimes-du-hamas-les-portraits-des-francais-tues-dans-les-attaques-du-7-octobre-07-02-2024-IHMAABCICBAEBEJSPF2EMQDMCM.php\">Le Parisien<\/a><\/em>&nbsp;en novembre<\/p>\n","protected":false},"excerpt":{"rendered":"<p>Un an apr\u00e8s le massacre du 7-Octobre, deux otages fran\u00e7ais sont toujours d\u00e9tenus dans la bande de Gaza : Ohad Yahalomi et Ofer Kalderon, deux p\u00e8res de famille de 49 et 53 ans. Au total, 97 otages sont encore aux mains du Hamas dans le territoire palestinien.&nbsp; Apr\u00e8s une ann\u00e9e de captivit\u00e9 dans\u00a0la bande de [&hellip;]<\/p>\n","protected":false},"author":2,"featured_media":30307,"comment_status":"open","ping_status":"open","sticky":false,"template":"","format":"standard","meta":{"_jetpack_memberships_contains_paid_content":false,"footnotes":"","jetpack_publicize_message":"","jetpack_publicize_feature_enabled":true,"jetpack_social_post_already_shared":true,"jetpack_social_options":{"image_generator_settings":{"template":"highway","enabled":true,"token":"eyJpbWciOiJodHRwczpcL1wvd3d3LmljZWFnZXR2LmNvbVwvcmFkaW9zaXRlXC93cC1jb250ZW50XC91cGxvYWRzXC8yMDI0XC8xMFwvNy1vY3RvYnJlLVF1aS1zb250LWxlcy1kZXV4LW90YWdlcy1GcmFuY2Fpcy1lbmNvcmUtY2FwdGlmcy1kdS1IYW1hcy53ZWJwIiwidHh0IjoiNy1PY3RvYnJlLCB1biBhbiBhcHJcdTAwZThzIDogcXVpIHNvbnQgbGVzIGRldXggb3RhZ2VzIGZyYW5cdTAwZTdhaXMgZW5jb3JlIGNhcHRpZnMgZHUgSGFtYXMgPyIsInRlbXBsYXRlIjoiaGlnaHdheSIsImJsb2dfaWQiOjExMTAxNjQ2MX0.b_Rmd-7fUoKRtw_rytjSKBrcbzdUNatozqL9j_voJNQMQ"},"version":2},"_wpas_customize_per_network":false},"categories":[405],"tags":[],"class_list":["post-30306","post","type-post","status-publish","format-standard","has-post-thumbnail","hentry","category-actu-france-monde"],"jetpack_publicize_connections":[],"jetpack_featured_media_url":"https:\/\/i0.wp.com\/www.iceagetv.com\/radiosite\/wp-content\/uploads\/2024\/10\/7-octobre-Qui-sont-les-deux-otages-Francais-encore-captifs-du-Hamas.webp?fit=370%2C185&ssl=1","jetpack_sharing_enabled":true,"_links":{"self":[{"href":"https:\/\/www.iceagetv.com\/radiosite\/wp-json\/wp\/v2\/posts\/30306","targetHints":{"allow":["GET"]}}],"collection":[{"href":"https:\/\/www.iceagetv.com\/radiosite\/wp-json\/wp\/v2\/posts"}],"about":[{"href":"https:\/\/www.iceagetv.com\/radiosite\/wp-json\/wp\/v2\/types\/post"}],"author":[{"embeddable":true,"href":"https:\/\/www.iceagetv.com\/radiosite\/wp-json\/wp\/v2\/users\/2"}],"replies":[{"embeddable":true,"href":"https:\/\/www.iceagetv.com\/radiosite\/wp-json\/wp\/v2\/comments?post=30306"}],"version-history":[{"count":1,"href":"https:\/\/www.iceagetv.com\/radiosite\/wp-json\/wp\/v2\/posts\/30306\/revisions"}],"predecessor-version":[{"id":30308,"href":"https:\/\/www.iceagetv.com\/radiosite\/wp-json\/wp\/v2\/posts\/30306\/revisions\/30308"}],"wp:featuredmedia":[{"embeddable":true,"href":"https:\/\/www.iceagetv.com\/radiosite\/wp-json\/wp\/v2\/media\/30307"}],"wp:attachment":[{"href":"https:\/\/www.iceagetv.com\/radiosite\/wp-json\/wp\/v2\/media?parent=30306"}],"wp:term":[{"taxonomy":"category","embeddable":true,"href":"https:\/\/www.iceagetv.com\/radiosite\/wp-json\/wp\/v2\/categories?post=30306"},{"taxonomy":"post_tag","embeddable":true,"href":"https:\/\/www.iceagetv.com\/radiosite\/wp-json\/wp\/v2\/tags?post=30306"}],"curies":[{"name":"wp","href":"https:\/\/api.w.org\/{rel}","templated":true}]}}