{"id":30355,"date":"2024-10-09T11:04:35","date_gmt":"2024-10-09T09:04:35","guid":{"rendered":"https:\/\/www.iceagetv.com\/radiosite\/?p=30355"},"modified":"2024-10-09T11:04:39","modified_gmt":"2024-10-09T09:04:39","slug":"guerre-au-proche-orient-netanyahou-menace-de-detruire-le-liban-de-la-meme-facon-que-gaza","status":"publish","type":"post","link":"https:\/\/www.iceagetv.com\/radiosite\/guerre-au-proche-orient-netanyahou-menace-de-detruire-le-liban-de-la-meme-facon-que-gaza\/","title":{"rendered":"Guerre au Proche-Orient\u00a0: Netanyahou menace de d\u00e9truire le Liban de la m\u00eame fa\u00e7on que Gaza"},"content":{"rendered":"\n<p class=\"\">Alors que le Proche-Orient est au bord d\u2019une guerre g\u00e9n\u00e9ralis\u00e9e,&nbsp;<a href=\"https:\/\/www.20minutes.fr\/dossier\/benyamin_netanyahou\" target=\"_blank\" rel=\"noreferrer noopener\">Benyamin Netanyahou<\/a>&nbsp;ne compte pas poser les armes. Le Premier ministre isra\u00e9lien a m\u00eame menac\u00e9 mardi les Libanais de subir des \u00ab&nbsp;destructions&nbsp;\u00bb comme \u00e0&nbsp;<a href=\"https:\/\/www.20minutes.fr\/monde\/gaza\/\" target=\"_blank\" rel=\"noreferrer noopener\">Gaza<\/a>&nbsp;s\u2019ils ne \u00ab&nbsp;lib\u00e9raient&nbsp;\u00bb pas leur pays du&nbsp;<a href=\"https:\/\/www.20minutes.fr\/monde\/hezbollah\/\" target=\"_blank\" rel=\"noreferrer noopener\">Hezbollah<\/a>.<\/p>\n\n\n\n<p class=\"\">Au premier anniversaire de l\u2019attaque meurtri\u00e8re du&nbsp;<a href=\"https:\/\/www.20minutes.fr\/monde\/hamas\/\" target=\"_blank\" rel=\"noreferrer noopener\">Hamas<\/a>&nbsp;contre le territoire isra\u00e9lien le 7&nbsp;octobre 2023, Benyamin Netanyahou avait d\u00e9j\u00e0 promis lundi de poursuivre le combat jusqu\u2019\u00e0 la victoire contre le Hezbollah libanais et contre le Hamas, tous deux soutenus par l\u2019<a href=\"https:\/\/www.20minutes.fr\/monde\/iran\/\" target=\"_blank\" rel=\"noreferrer noopener\">Iran<\/a>.<\/p>\n\n\n\n<h2 class=\"wp-block-heading\">Le Liban menac\u00e9 de \u00ab&nbsp;souffrances&nbsp;\u00bb<\/h2>\n\n\n\n<p class=\"\">\u00ab\u00a0Lib\u00e9rez votre pays du Hezbollah\u00a0\u00bb, a-t-il lanc\u00e9 mardi dans un message vid\u00e9o en anglais adress\u00e9 aux Libanais, mena\u00e7ant en cas contraire le\u00a0<a href=\"https:\/\/www.20minutes.fr\/monde\/liban\/\" target=\"_blank\" rel=\"noreferrer noopener\">Liban<\/a>\u00a0de conna\u00eetre \u00ab\u00a0des destructions et des souffrances comme celles que nous voyons \u00e0 Gaza\u00a0\u00bb, o\u00f9 l\u2019arm\u00e9e isra\u00e9lienne m\u00e8ne depuis un an une offensive qui a fait des dizaines de milliers de morts.<\/p>\n\n\n\n<p class=\"\">\u00ab&nbsp;Nous avons \u00e9limin\u00e9 (Hassan) Nasrallah&nbsp;\u00bb, le chef du Hezbollah tu\u00e9 le 27&nbsp;septembre dans une frappe isra\u00e9lienne dans la banlieue sud de Beyrouth \u00ab&nbsp;et le rempla\u00e7ant de Nasrallah et le rempla\u00e7ant de son rempla\u00e7ant&nbsp;\u00bb, a ajout\u00e9 le Premier ministre, sans donner de noms.<\/p>\n\n\n\n<h2 class=\"wp-block-heading\">Le Quai d\u2019Orsay remont\u00e9 contre Netanyahou<\/h2>\n\n\n\n<p class=\"\"><a href=\"https:\/\/www.20minutes.fr\/monde\/israel\/4113960-20241006-guerre-israel-hamas-coup-froid-relations-diplomatiques-entre-france-israel\" target=\"_blank\" rel=\"noreferrer noopener\">D\u00e9j\u00e0 en froid avec Tel Aviv<\/a>, Paris n\u2019a pas du tout appr\u00e9ci\u00e9 cette sortie du Premier ministre isra\u00e9lien. \u00ab&nbsp;Si cette provocation \u00e9tait suivie d\u2019effet, cela entra\u00eenerait le Liban, pays ami de la France d\u00e9j\u00e0 si fragile, dans le chaos. Et cela poserait pour Isra\u00ebl des probl\u00e8mes de s\u00e9curit\u00e9 plus importants encore que ceux qui pr\u00e9valaient avant les op\u00e9rations militaires au Liban&nbsp;\u00bb, a ainsi mis en garde le ministre des Affaires \u00e9trang\u00e8res Jean-No\u00ebl Barrot, interrog\u00e9 sur France 2.<\/p>\n\n\n\n<p class=\"\">L\u2019arm\u00e9e isra\u00e9lienne, engag\u00e9e depuis le 30&nbsp;septembre dans une offensive terrestre dans le sud du Liban, a annonc\u00e9 mardi qu\u2019une quatri\u00e8me division avait commenc\u00e9 \u00e0 y \u00eatre d\u00e9ploy\u00e9e et menait \u00ab&nbsp;des op\u00e9rations limit\u00e9es&nbsp;\u00bb contre le Hezbollah dans le sud-ouest du pays, bordant la M\u00e9diterran\u00e9e. Dans le m\u00eame temps, Isra\u00ebl a men\u00e9 des frappes a\u00e9riennes sur le sud et l\u2019est du Liban, ainsi que sur la banlieue sud de Beyrouth, les trois bastions du Hezbollah.<\/p>\n\n\n\n<h2 class=\"wp-block-heading\">Le Hezbollah et le Hamas toujours actifs<\/h2>\n\n\n\n<p class=\"\">Malgr\u00e9 les coups inflig\u00e9s au Hezbollah et au Hamas, dont le chef, Isma\u00efl Haniyeh, a \u00e9galement \u00e9t\u00e9 tu\u00e9, ces mouvements continuent de tirer des roquettes contre Isra\u00ebl, frontalier au sud avec la bande de Gaza et au nord avec le Liban. \u00ab&nbsp;Nos capacit\u00e9s sont bonnes, contrairement \u00e0 ce que dit l\u2019ennemi qui pr\u00e9tend nous avoir affaiblis&nbsp;\u00bb, a assur\u00e9 Na\u00efm Qassem, le num\u00e9ro deux du Hezbollah.<\/p>\n","protected":false},"excerpt":{"rendered":"<p>Alors que le Proche-Orient est au bord d\u2019une guerre g\u00e9n\u00e9ralis\u00e9e,&nbsp;Benyamin Netanyahou&nbsp;ne compte pas poser les armes. Le Premier ministre isra\u00e9lien a m\u00eame menac\u00e9 mardi les Libanais de subir des \u00ab&nbsp;destructions&nbsp;\u00bb comme \u00e0&nbsp;Gaza&nbsp;s\u2019ils ne \u00ab&nbsp;lib\u00e9raient&nbsp;\u00bb pas leur pays du&nbsp;Hezbollah. Au premier anniversaire de l\u2019attaque meurtri\u00e8re du&nbsp;Hamas&nbsp;contre le territoire isra\u00e9lien le 7&nbsp;octobre 2023, Benyamin Netanyahou avait d\u00e9j\u00e0 [&hellip;]<\/p>\n","protected":false},"author":2,"featured_media":30356,"comment_status":"open","ping_status":"open","sticky":false,"template":"","format":"standard","meta":{"_jetpack_memberships_contains_paid_content":false,"footnotes":"","jetpack_publicize_message":"","jetpack_publicize_feature_enabled":true,"jetpack_social_post_already_shared":true,"jetpack_social_options":{"image_generator_settings":{"template":"highway","enabled":true,"token":"eyJpbWciOiJodHRwczpcL1wvd3d3LmljZWFnZXR2LmNvbVwvcmFkaW9zaXRlXC93cC1jb250ZW50XC91cGxvYWRzXC8yMDI0XC8xMFwvTmV0YW55YWhvdS1tZW5hY2UtZGUtZGV0cnVpcmUtbGUtTGliYW4uanBnIiwidHh0IjoiR3VlcnJlIGF1IFByb2NoZS1PcmllbnRcdTAwYTA6IE5ldGFueWFob3UgbWVuYWNlIGRlIGRcdTAwZTl0cnVpcmUgbGUgTGliYW4gZGUgbGEgbVx1MDBlYW1lIGZhXHUwMGU3b24gcXVlIEdhemEiLCJ0ZW1wbGF0ZSI6ImhpZ2h3YXkiLCJibG9nX2lkIjoxMTEwMTY0NjF9.UqH9NdlLqfEotin-vRI93qGKe3DTZaAbZL6-Upu_PrQMQ"},"version":2},"_wpas_customize_per_network":false},"categories":[405],"tags":[],"class_list":["post-30355","post","type-post","status-publish","format-standard","has-post-thumbnail","hentry","category-actu-france-monde"],"jetpack_publicize_connections":[],"jetpack_featured_media_url":"https:\/\/i0.wp.com\/www.iceagetv.com\/radiosite\/wp-content\/uploads\/2024\/10\/Netanyahou-menace-de-detruire-le-Liban.jpg?fit=722%2C460&ssl=1","jetpack_sharing_enabled":true,"_links":{"self":[{"href":"https:\/\/www.iceagetv.com\/radiosite\/wp-json\/wp\/v2\/posts\/30355","targetHints":{"allow":["GET"]}}],"collection":[{"href":"https:\/\/www.iceagetv.com\/radiosite\/wp-json\/wp\/v2\/posts"}],"about":[{"href":"https:\/\/www.iceagetv.com\/radiosite\/wp-json\/wp\/v2\/types\/post"}],"author":[{"embeddable":true,"href":"https:\/\/www.iceagetv.com\/radiosite\/wp-json\/wp\/v2\/users\/2"}],"replies":[{"embeddable":true,"href":"https:\/\/www.iceagetv.com\/radiosite\/wp-json\/wp\/v2\/comments?post=30355"}],"version-history":[{"count":1,"href":"https:\/\/www.iceagetv.com\/radiosite\/wp-json\/wp\/v2\/posts\/30355\/revisions"}],"predecessor-version":[{"id":30357,"href":"https:\/\/www.iceagetv.com\/radiosite\/wp-json\/wp\/v2\/posts\/30355\/revisions\/30357"}],"wp:featuredmedia":[{"embeddable":true,"href":"https:\/\/www.iceagetv.com\/radiosite\/wp-json\/wp\/v2\/media\/30356"}],"wp:attachment":[{"href":"https:\/\/www.iceagetv.com\/radiosite\/wp-json\/wp\/v2\/media?parent=30355"}],"wp:term":[{"taxonomy":"category","embeddable":true,"href":"https:\/\/www.iceagetv.com\/radiosite\/wp-json\/wp\/v2\/categories?post=30355"},{"taxonomy":"post_tag","embeddable":true,"href":"https:\/\/www.iceagetv.com\/radiosite\/wp-json\/wp\/v2\/tags?post=30355"}],"curies":[{"name":"wp","href":"https:\/\/api.w.org\/{rel}","templated":true}]}}