{"id":30359,"date":"2024-10-09T15:23:14","date_gmt":"2024-10-09T13:23:14","guid":{"rendered":"https:\/\/www.iceagetv.com\/radiosite\/?p=30359"},"modified":"2024-10-09T15:23:18","modified_gmt":"2024-10-09T13:23:18","slug":"enseignante-giflee-par-une-eleve-voilee-dans-un-lycee-a-tourcoing-leleve-a-ete-placee-sous-controle-judiciaire-laudience-est-reportee-au-11-decembre","status":"publish","type":"post","link":"https:\/\/www.iceagetv.com\/radiosite\/enseignante-giflee-par-une-eleve-voilee-dans-un-lycee-a-tourcoing-leleve-a-ete-placee-sous-controle-judiciaire-laudience-est-reportee-au-11-decembre\/","title":{"rendered":"Enseignante gifl\u00e9e par une \u00e9l\u00e8ve voil\u00e9e dans un lyc\u00e9e \u00e0 Tourcoing: L\u2019\u00e9l\u00e8ve a \u00e9t\u00e9 plac\u00e9e sous contr\u00f4le judiciaire &#8211; L\u2019audience est report\u00e9e au 11 d\u00e9cembre"},"content":{"rendered":"\n<p class=\"\"><strong>\u00a0L\u2019\u00e9l\u00e8ve a \u00e9t\u00e9 plac\u00e9e sous contr\u00f4le judiciaire. L\u2019audience est report\u00e9e au 11 d\u00e9cembre prochain. D\u2019ici l\u2019audience, il est interdit \u00e0 l\u2019\u00e9l\u00e8ve de se rendre au lyc\u00e9e.<a href=\"https:\/\/www.lefigaro.fr\/faits-divers\/beaucoup-defendent-l-eleve-qui-refusait-de-retirer-son-voile-au-lycee-de-tourcoing-l-enseignante-agressee-ne-recoit-pas-un-soutien-unanime-20241009\" target=\"_blank\" rel=\"noreferrer noopener\">Le Figaro\u00a0<\/a>indique qu&rsquo;un rassemblement est organis\u00e9 dans les prochaines minutes, \u00e0 13h, devant le lyc\u00e9e pour soutenir l&rsquo;\u00e9l\u00e8ve.\u00a0<\/strong>\u00ab\u00a0Beaucoup d\u00e9fendent l&rsquo;\u00e9l\u00e8ve. Et disent que la professeur avait d\u00e9j\u00e0 fait des remarques \u00e0 d&rsquo;autres \u00e9l\u00e8ves sur le port du voile dans l&rsquo;\u00e9tablissement\u00a0\u00bb, explique un \u00e9l\u00e8ve rencontr\u00e9 par nos confr\u00e8res.<\/p>\n\n\n\n<p class=\"\">L\u2019enseignante \u00ab&nbsp;a \u00e9t\u00e9 agress\u00e9e verbalement puis physiquement, sans contestation possible puisque la vid\u00e9o du lyc\u00e9e&nbsp;\u00bb a permis aux policiers \u00ab&nbsp;de prendre non seulement la plainte mais de qualifier les faits&nbsp;\u00bb, a affirm\u00e9 le d\u00e9put\u00e9 G\u00e9rald Darmanin, \u00e9lu de Tourcoing, lors des questions au gouvernement \u00e0 l\u2019Assembl\u00e9e nationale.<\/p>\n\n\n\n<p class=\"\">L\u2019ancien ministre de l\u2019Int\u00e9rieur avait apport\u00e9 son soutien sur X \u00e0 l\u2019enseignante qui \u00ab&nbsp;faisait simplement respecter la la\u00efcit\u00e9 &#8211; notre bien commun&nbsp;\u00bb.<\/p>\n\n\n\n<p class=\"\">La ministre de l\u2019\u00c9ducation Anne Genetet, qui s\u2019est entretenue avec la professeure, a annonc\u00e9 qu\u2019une \u00ab&nbsp;mesure conservatoire&nbsp;\u00bb avait \u00e9t\u00e9 prise \u00e0 l\u2019encontre de l\u2019\u00e9l\u00e8ve \u00ab&nbsp;pour lui interdire l\u2019acc\u00e8s \u00e0 l\u2019\u00e9tablissement jusqu\u2019\u00e0 r\u00e9union de son conseil de discipline&nbsp;\u00bb.<\/p>\n\n\n\n<p class=\"\">Pointant un acte qui d\u00e9fie l\u2019\u00ab&nbsp;\u00e9cole la\u00efque&nbsp;\u00bb et \u00ab&nbsp;la R\u00e9publique&nbsp;\u00bb, elle a indiqu\u00e9 avoir demand\u00e9 \u00ab&nbsp;des sanctions disciplinaires tr\u00e8s fermes&nbsp;\u00bb.<\/p>\n\n\n\n<p class=\"\">\u00ab&nbsp;Dans tous nos \u00e9tablissements, la loi de 2004 doit s\u2019appliquer, toute la loi de 2004&nbsp;\u00bb interdisant le port de signes religieux \u00e0 l\u2019\u00e9cole, a r\u00e9agi le ministre d\u00e9l\u00e9gu\u00e9 en charge de la r\u00e9ussite scolaire Alexandre Portier. \u00ab&nbsp;L\u2019heure n\u2019est plus aux errements, aux h\u00e9sitations, mais \u00e0 une ligne claire, ferme et assum\u00e9e&nbsp;\u00bb, a-t-il ajout\u00e9.<\/p>\n\n\n\n<p class=\"\">Pour le pr\u00e9sident de la R\u00e9gion Hauts-de-France, Xavier Bertrand, \u00ab&nbsp;la la\u00efcit\u00e9 est un des piliers de l\u2019\u00e9cole de la R\u00e9publique, elle ne se n\u00e9gocie pas&nbsp;\u00bb.<\/p>\n\n\n\n<p class=\"\">Le Rassemblement national des Hauts-de-France a r\u00e9clam\u00e9 dans un communiqu\u00e9 \u00ab\u00a0des sanctions exemplaires\u00a0\u00bb.<\/p>\n\n\n\n<p class=\"\"><strong>&nbsp;Une \u00e9l\u00e8ve \u00e9tait toujours en garde \u00e0 vue mardi soup\u00e7onn\u00e9e d\u2019avoir gifl\u00e9 lundi une enseignante de son lyc\u00e9e de Tourcoing (Nord) qui lui aurait demand\u00e9 de retirer le voile qu\u2019elle venait de rev\u00eatir au moment de quitter l\u2019\u00e9tablissement, un acte qui \u00ab&nbsp;d\u00e9fie l\u2019\u00e9cole la\u00efque&nbsp;\u00bb, pour la ministre de l\u2019\u00c9ducation Anne Genetet.<\/strong><\/p>\n\n\n\n<p class=\"\">Cette enseignante en sciences et techniques m\u00e9dico-sociales du lyc\u00e9e S\u00e9vign\u00e9 aurait demand\u00e9 \u00e0 l\u2019\u00e9l\u00e8ve de retirer son voile dans la cour de l\u2019\u00e9tablissement, a indiqu\u00e9 une source polici\u00e8re, mais la lyc\u00e9enne, qui s\u2019appr\u00eatait \u00e0 sortir, aurait refus\u00e9. Selon les premi\u00e8res investigations, l\u2019enseignante a demand\u00e9 \u00e0 l\u2019\u00e9l\u00e8ve \u00ab&nbsp;de retirer son voile religieux, avant d\u2019essuyer des propos injurieux&nbsp;\u00bb, a indiqu\u00e9 le parquet de Lille \u00e0 l\u2019AFP.<\/p>\n\n\n\n<p class=\"\">L\u2019enseignante s\u2019est ensuite \u00ab&nbsp;oppos\u00e9e \u00e0 sa sortie de l\u2019\u00e9tablissement afin de recueillir son identit\u00e9&nbsp;\u00bb et l\u2019\u00e9l\u00e8ve a alors port\u00e9 \u00ab&nbsp;une gifle \u00e0 l\u2019enseignante, qui la lui rendait&nbsp;\u00bb. \u00ab&nbsp;S\u2019ensuivaient plusieurs coups, menaces et bousculades&nbsp;\u00bb, ajoute la procureure Carole \u00c9tienne.<\/p>\n\n\n\n<p class=\"\">L\u2019\u00e9l\u00e8ve, \u00e2g\u00e9e de 18 ans et inconnue des services de police, a ensuite pris la fuite, avant d\u2019\u00eatre interpell\u00e9e \u00e0 son domicile et plac\u00e9e en garde \u00e0 vue, a pr\u00e9cis\u00e9 la source polici\u00e8re.<\/p>\n\n\n\n<p class=\"\">Une enqu\u00eate a \u00e9t\u00e9 ouverte et la garde \u00e0 vue prolong\u00e9e mardi, a indiqu\u00e9 le parquet. Selon Jean-Fran\u00e7ois Car\u00e9mel, secr\u00e9taire acad\u00e9mique du SNES-FSU Lille, l\u2019enseignante a port\u00e9 plainte. Le syndicat s\u2019est dit \u00ab&nbsp;solidaire de l\u2019ensemble des personnels du lyc\u00e9e S\u00e9vign\u00e9 confront\u00e9s \u00e0 des conditions d\u2019exercice difficiles&nbsp;\u00bb.<\/p>\n","protected":false},"excerpt":{"rendered":"<p>\u00a0L\u2019\u00e9l\u00e8ve a \u00e9t\u00e9 plac\u00e9e sous contr\u00f4le judiciaire. L\u2019audience est report\u00e9e au 11 d\u00e9cembre prochain. D\u2019ici l\u2019audience, il est interdit \u00e0 l\u2019\u00e9l\u00e8ve de se rendre au lyc\u00e9e.Le Figaro\u00a0indique qu&rsquo;un rassemblement est organis\u00e9 dans les prochaines minutes, \u00e0 13h, devant le lyc\u00e9e pour soutenir l&rsquo;\u00e9l\u00e8ve.\u00a0\u00ab\u00a0Beaucoup d\u00e9fendent l&rsquo;\u00e9l\u00e8ve. Et disent que la professeur avait d\u00e9j\u00e0 fait des remarques [&hellip;]<\/p>\n","protected":false},"author":2,"featured_media":30360,"comment_status":"open","ping_status":"open","sticky":false,"template":"","format":"standard","meta":{"_jetpack_memberships_contains_paid_content":false,"footnotes":"","jetpack_publicize_message":"","jetpack_publicize_feature_enabled":true,"jetpack_social_post_already_shared":true,"jetpack_social_options":{"image_generator_settings":{"template":"highway","enabled":true,"token":"eyJpbWciOiJodHRwczpcL1wvd3d3LmljZWFnZXR2LmNvbVwvcmFkaW9zaXRlXC93cC1jb250ZW50XC91cGxvYWRzXC8yMDI0XC8xMFwvRW5zZWlnbmFudGUtZ2lmbGVlLXBhci11bmUtZWxldmUtdm9pbGVlLWRhbnMtdW4tbHljZWUtYS1Ub3VyY29pbmctTGVsZXZlLWEtZXRlLXBsYWNlZS1zb3VzLWNvbnRyb2xlLWp1ZGljaWFpcmUuanBnIiwidHh0IjoiRW5zZWlnbmFudGUgZ2lmbFx1MDBlOWUgcGFyIHVuZSBcdTAwZTlsXHUwMGU4dmUgdm9pbFx1MDBlOWUgZGFucyB1biBseWNcdTAwZTllIFx1MDBlMCBUb3VyY29pbmc6IExcdTIwMTlcdTAwZTlsXHUwMGU4dmUgYSBcdTAwZTl0XHUwMGU5IHBsYWNcdTAwZTllIHNvdXMgY29udHJcdTAwZjRsZSBqdWRpY2lhaXJlICYjODIxMTsgTFx1MjAxOWF1ZGllbmNlIGVzdCByZXBvcnRcdTAwZTllIGF1IDExIGRcdTAwZTljZW1icmUiLCJ0ZW1wbGF0ZSI6ImhpZ2h3YXkiLCJibG9nX2lkIjoxMTEwMTY0NjF9.lUoB1sNnuAq0SN_HeRewN4YNdM6ELro8hQ_haOml_7cMQ"},"version":2},"_wpas_customize_per_network":false},"categories":[405],"tags":[],"class_list":["post-30359","post","type-post","status-publish","format-standard","has-post-thumbnail","hentry","category-actu-france-monde"],"jetpack_publicize_connections":[],"jetpack_featured_media_url":"https:\/\/i0.wp.com\/www.iceagetv.com\/radiosite\/wp-content\/uploads\/2024\/10\/Enseignante-giflee-par-une-eleve-voilee-dans-un-lycee-a-Tourcoing-Leleve-a-ete-placee-sous-controle-judiciaire.jpg?fit=679%2C293&ssl=1","jetpack_sharing_enabled":true,"_links":{"self":[{"href":"https:\/\/www.iceagetv.com\/radiosite\/wp-json\/wp\/v2\/posts\/30359","targetHints":{"allow":["GET"]}}],"collection":[{"href":"https:\/\/www.iceagetv.com\/radiosite\/wp-json\/wp\/v2\/posts"}],"about":[{"href":"https:\/\/www.iceagetv.com\/radiosite\/wp-json\/wp\/v2\/types\/post"}],"author":[{"embeddable":true,"href":"https:\/\/www.iceagetv.com\/radiosite\/wp-json\/wp\/v2\/users\/2"}],"replies":[{"embeddable":true,"href":"https:\/\/www.iceagetv.com\/radiosite\/wp-json\/wp\/v2\/comments?post=30359"}],"version-history":[{"count":1,"href":"https:\/\/www.iceagetv.com\/radiosite\/wp-json\/wp\/v2\/posts\/30359\/revisions"}],"predecessor-version":[{"id":30361,"href":"https:\/\/www.iceagetv.com\/radiosite\/wp-json\/wp\/v2\/posts\/30359\/revisions\/30361"}],"wp:featuredmedia":[{"embeddable":true,"href":"https:\/\/www.iceagetv.com\/radiosite\/wp-json\/wp\/v2\/media\/30360"}],"wp:attachment":[{"href":"https:\/\/www.iceagetv.com\/radiosite\/wp-json\/wp\/v2\/media?parent=30359"}],"wp:term":[{"taxonomy":"category","embeddable":true,"href":"https:\/\/www.iceagetv.com\/radiosite\/wp-json\/wp\/v2\/categories?post=30359"},{"taxonomy":"post_tag","embeddable":true,"href":"https:\/\/www.iceagetv.com\/radiosite\/wp-json\/wp\/v2\/tags?post=30359"}],"curies":[{"name":"wp","href":"https:\/\/api.w.org\/{rel}","templated":true}]}}