{"id":30367,"date":"2024-10-10T13:00:53","date_gmt":"2024-10-10T11:00:53","guid":{"rendered":"https:\/\/www.iceagetv.com\/radiosite\/?p=30367"},"modified":"2024-10-10T13:00:56","modified_gmt":"2024-10-10T11:00:56","slug":"lyon-un-lycee-vise-ce-matin-par-des-tirs-de-mortiers-dartifice-indique-la-prefecture-une-semaine-apres-des-violences-contre-un-autre-etablissement-de-lagglomeration-un-professeur-blesse","status":"publish","type":"post","link":"https:\/\/www.iceagetv.com\/radiosite\/lyon-un-lycee-vise-ce-matin-par-des-tirs-de-mortiers-dartifice-indique-la-prefecture-une-semaine-apres-des-violences-contre-un-autre-etablissement-de-lagglomeration-un-professeur-blesse\/","title":{"rendered":"Lyon Un lyc\u00e9e vis\u00e9 ce matin par des tirs de mortiers d\u2019artifice, indique la pr\u00e9fecture, une semaine apr\u00e8s des violences contre un autre \u00e9tablissement de l&rsquo;agglom\u00e9ration &#8211; Un professeur bless\u00e9"},"content":{"rendered":"\n<p class=\"\">Un lyc\u00e9e de Lyon a \u00e9t\u00e9 vis\u00e9 jeudi matin par des tirs de mortiers, a indiqu\u00e9 la pr\u00e9fecture, une semaine apr\u00e8s des violences contre un autre \u00e9tablissement de l&rsquo;agglom\u00e9ration. Sur X, le Ministre d\u00e9l\u00e9gu\u00e9 \u00e0 la r\u00e9ussite scolaire et \u00e0 l\u2019enseignement professionnel&nbsp;Alexandre Portier indique qu\u2019un professeur a \u00e9t\u00e9 bless\u00e9.<\/p>\n\n\n\n<p class=\"\">Avant le d\u00e9but des cours \u00e0 8h, des objets pyrotechniques ont vis\u00e9 le lyc\u00e9e Auguste et Louis Lumi\u00e8re dans le 8e arrondissement de Lyon, devant lequel une dizaine de personnes s&rsquo;\u00e9taient rassembl\u00e9es. Des poubelles ont \u00e9galement \u00e9t\u00e9 incendi\u00e9es, a-t-elle pr\u00e9cis\u00e9 \u00e0&nbsp;l&rsquo;AFP. Les forces de l&rsquo;ordre ont dispers\u00e9 le groupe, sans qu&rsquo;il y ait d&rsquo;interpellation, a ajout\u00e9 la pr\u00e9fecture.<\/p>\n\n\n\n<p class=\"\">Selon le quotidien r\u00e9gional&nbsp;Le Progr\u00e8s, la circulation du tramway, \u00e0 proximit\u00e9 du lyc\u00e9e, a \u00e9t\u00e9 coup\u00e9e, mais les cours ont pu avoir lieu normalement, a pr\u00e9cis\u00e9 le lyc\u00e9e \u00e0 l&rsquo;AFP.<\/p>\n\n\n\n<p class=\"\">Il y a une semaine, plusieurs dizaines de personnes s&rsquo;en \u00e9taient prises \u00e0 la cit\u00e9 scolaire Sembat-Seguin \u00e0 V\u00e9nissieux, dans la banlieue est de Lyon, dont l&rsquo;entr\u00e9e avait \u00e9t\u00e9 endommag\u00e9e par des tirs de mortiers et des d\u00e9parts de feu. Des pierres avaient \u00e9galement \u00e9t\u00e9 jet\u00e9es sur des personnels, selon les syndicats.<\/p>\n\n\n\n<p class=\"\">Interpell\u00e9s apr\u00e8s les faits, deux jeunes de 16 et 17 ans, \u00e9l\u00e8ves du lyc\u00e9e vis\u00e9, ont \u00e9t\u00e9 mis en examen notamment pour \u00abdestruction d&rsquo;un bien par moyen dangereux\u00bb. L&rsquo;un d&rsquo;eux a \u00e9t\u00e9 plac\u00e9 en d\u00e9tention provisoire et l&rsquo;autre sous contr\u00f4le judiciaire, selon le parquet.<\/p>\n","protected":false},"excerpt":{"rendered":"<p>Un lyc\u00e9e de Lyon a \u00e9t\u00e9 vis\u00e9 jeudi matin par des tirs de mortiers, a indiqu\u00e9 la pr\u00e9fecture, une semaine apr\u00e8s des violences contre un autre \u00e9tablissement de l&rsquo;agglom\u00e9ration. Sur X, le Ministre d\u00e9l\u00e9gu\u00e9 \u00e0 la r\u00e9ussite scolaire et \u00e0 l\u2019enseignement professionnel&nbsp;Alexandre Portier indique qu\u2019un professeur a \u00e9t\u00e9 bless\u00e9. Avant le d\u00e9but des cours \u00e0 [&hellip;]<\/p>\n","protected":false},"author":2,"featured_media":30368,"comment_status":"open","ping_status":"open","sticky":false,"template":"","format":"standard","meta":{"_jetpack_memberships_contains_paid_content":false,"footnotes":"","jetpack_publicize_message":"","jetpack_publicize_feature_enabled":true,"jetpack_social_post_already_shared":true,"jetpack_social_options":{"image_generator_settings":{"template":"highway","enabled":true,"token":"eyJpbWciOiJodHRwczpcL1wvd3d3LmljZWFnZXR2LmNvbVwvcmFkaW9zaXRlXC93cC1jb250ZW50XC91cGxvYWRzXC8yMDI0XC8xMFwvTHlvbi1Vbi1seWNlZS12aXNlLWNlLW1hdGluLXBhci1kZXMtdGlycy1kZS1tb3J0aWVycy1kYXJ0aWZpY2UuanBnIiwidHh0IjoiTHlvbiBVbiBseWNcdTAwZTllIHZpc1x1MDBlOSBjZSBtYXRpbiBwYXIgZGVzIHRpcnMgZGUgbW9ydGllcnMgZFx1MjAxOWFydGlmaWNlLCBpbmRpcXVlIGxhIHByXHUwMGU5ZmVjdHVyZSwgdW5lIHNlbWFpbmUgYXByXHUwMGU4cyBkZXMgdmlvbGVuY2VzIGNvbnRyZSB1biBhdXRyZSBcdTAwZTl0YWJsaXNzZW1lbnQgZGUgbCYjODIxNzthZ2dsb21cdTAwZTlyYXRpb24gJiM4MjExOyBVbiBwcm9mZXNzZXVyIGJsZXNzXHUwMGU5IiwidGVtcGxhdGUiOiJoaWdod2F5IiwiYmxvZ19pZCI6MTExMDE2NDYxfQ.ei0LopTA76uZmpT1poHO5p0lllfVLFDA3NFExIeKAM0MQ"},"version":2},"_wpas_customize_per_network":false},"categories":[405],"tags":[],"class_list":["post-30367","post","type-post","status-publish","format-standard","has-post-thumbnail","hentry","category-actu-france-monde"],"jetpack_publicize_connections":[],"jetpack_featured_media_url":"https:\/\/i0.wp.com\/www.iceagetv.com\/radiosite\/wp-content\/uploads\/2024\/10\/Lyon-Un-lycee-vise-ce-matin-par-des-tirs-de-mortiers-dartifice.jpg?fit=679%2C293&ssl=1","jetpack_sharing_enabled":true,"_links":{"self":[{"href":"https:\/\/www.iceagetv.com\/radiosite\/wp-json\/wp\/v2\/posts\/30367","targetHints":{"allow":["GET"]}}],"collection":[{"href":"https:\/\/www.iceagetv.com\/radiosite\/wp-json\/wp\/v2\/posts"}],"about":[{"href":"https:\/\/www.iceagetv.com\/radiosite\/wp-json\/wp\/v2\/types\/post"}],"author":[{"embeddable":true,"href":"https:\/\/www.iceagetv.com\/radiosite\/wp-json\/wp\/v2\/users\/2"}],"replies":[{"embeddable":true,"href":"https:\/\/www.iceagetv.com\/radiosite\/wp-json\/wp\/v2\/comments?post=30367"}],"version-history":[{"count":1,"href":"https:\/\/www.iceagetv.com\/radiosite\/wp-json\/wp\/v2\/posts\/30367\/revisions"}],"predecessor-version":[{"id":30369,"href":"https:\/\/www.iceagetv.com\/radiosite\/wp-json\/wp\/v2\/posts\/30367\/revisions\/30369"}],"wp:featuredmedia":[{"embeddable":true,"href":"https:\/\/www.iceagetv.com\/radiosite\/wp-json\/wp\/v2\/media\/30368"}],"wp:attachment":[{"href":"https:\/\/www.iceagetv.com\/radiosite\/wp-json\/wp\/v2\/media?parent=30367"}],"wp:term":[{"taxonomy":"category","embeddable":true,"href":"https:\/\/www.iceagetv.com\/radiosite\/wp-json\/wp\/v2\/categories?post=30367"},{"taxonomy":"post_tag","embeddable":true,"href":"https:\/\/www.iceagetv.com\/radiosite\/wp-json\/wp\/v2\/tags?post=30367"}],"curies":[{"name":"wp","href":"https:\/\/api.w.org\/{rel}","templated":true}]}}