{"id":30378,"date":"2024-10-10T18:24:13","date_gmt":"2024-10-10T16:24:13","guid":{"rendered":"https:\/\/www.iceagetv.com\/radiosite\/?p=30378"},"modified":"2024-10-10T18:24:17","modified_gmt":"2024-10-10T16:24:17","slug":"martinique-un-couvre-feu-et-une-interdiction-de-manifester-vont-etre-instaures-apres-une-nouvelle-nuit-de-violences","status":"publish","type":"post","link":"https:\/\/www.iceagetv.com\/radiosite\/martinique-un-couvre-feu-et-une-interdiction-de-manifester-vont-etre-instaures-apres-une-nouvelle-nuit-de-violences\/","title":{"rendered":"Martinique : un couvre-feu et une interdiction de manifester vont \u00eatre instaur\u00e9s apr\u00e8s une nouvelle nuit de violences"},"content":{"rendered":"\n<p class=\"\">Des magasins ont \u00e9t\u00e9 incendi\u00e9s ou pill\u00e9s dans la nuit de mercredi \u00e0 jeudi et des barricades enflamm\u00e9es \u00e9rig\u00e9es dans plusieurs communes de l&rsquo;\u00eele antillaise.<\/p>\n\n\n\n<p class=\"\">Le pr\u00e9fet de Martinique va instaurer un couvre-feu \u00e0 compter de 21 heures sur tout le territoire, et interdire les manifestations sur l&rsquo;ensemble de l&rsquo;\u00eele \u00e0 partir de 18 heures, apr\u00e8s\u00a0<a href=\"https:\/\/la1ere.francetvinfo.fr\/martinique\/photos-violences-urbaines-en-martinique-le-point-sur-la-situation-au-lendemain-d-une-nuit-de-chaos-1527844.html\" target=\"_blank\" rel=\"noreferrer noopener\">une nouvelle nuit de violences(Nouvelle fen\u00eatre)<\/a>, a appris France T\u00e9l\u00e9vision de source gouvernementale, jeudi 10 octobre.<\/p>\n\n\n\n<p class=\"\">Des magasins ont \u00e9t\u00e9 incendi\u00e9s ou pill\u00e9s dans la nuit de mercredi \u00e0 jeudi et des barricades enflamm\u00e9es \u00e9rig\u00e9es dans plusieurs communes de l&rsquo;\u00eele antillaise, qui pr\u00e9sentait un visage de d\u00e9solation apr\u00e8s ces violences qui ont fait 12 bless\u00e9s chez les gendarmes.<\/p>\n\n\n\n<p class=\"\">Depuis septembre, l&rsquo;\u00eele des Antilles fran\u00e7aises est marqu\u00e9e par un mouvement contre la vie ch\u00e8re, th\u00e9matique r\u00e9currente dans les Outre-mer, qui a d\u00e9g\u00e9n\u00e9r\u00e9 avec des violences urbaines.<\/p>\n","protected":false},"excerpt":{"rendered":"<p>Des magasins ont \u00e9t\u00e9 incendi\u00e9s ou pill\u00e9s dans la nuit de mercredi \u00e0 jeudi et des barricades enflamm\u00e9es \u00e9rig\u00e9es dans plusieurs communes de l&rsquo;\u00eele antillaise. Le pr\u00e9fet de Martinique va instaurer un couvre-feu \u00e0 compter de 21 heures sur tout le territoire, et interdire les manifestations sur l&rsquo;ensemble de l&rsquo;\u00eele \u00e0 partir de 18 heures, [&hellip;]<\/p>\n","protected":false},"author":2,"featured_media":30379,"comment_status":"open","ping_status":"open","sticky":false,"template":"","format":"standard","meta":{"_jetpack_memberships_contains_paid_content":false,"footnotes":"","jetpack_publicize_message":"","jetpack_publicize_feature_enabled":true,"jetpack_social_post_already_shared":true,"jetpack_social_options":{"image_generator_settings":{"template":"highway","enabled":true,"token":"eyJpbWciOiJodHRwczpcL1wvd3d3LmljZWFnZXR2LmNvbVwvcmFkaW9zaXRlXC93cC1jb250ZW50XC91cGxvYWRzXC8yMDI0XC8xMFwvTWFydGluaXF1ZS5qcGciLCJ0eHQiOiJNYXJ0aW5pcXVlIDogdW4gY291dnJlLWZldSBldCB1bmUgaW50ZXJkaWN0aW9uIGRlIG1hbmlmZXN0ZXIgdm9udCBcdTAwZWF0cmUgaW5zdGF1clx1MDBlOXMgYXByXHUwMGU4cyB1bmUgbm91dmVsbGUgbnVpdCBkZSB2aW9sZW5jZXMiLCJ0ZW1wbGF0ZSI6ImhpZ2h3YXkiLCJibG9nX2lkIjoxMTEwMTY0NjF9.hlKyzZAG769_LIq4olqU0t1LOZj2XSU1Am16xSzabI0MQ"},"version":2},"_wpas_customize_per_network":false},"categories":[405],"tags":[],"class_list":["post-30378","post","type-post","status-publish","format-standard","has-post-thumbnail","hentry","category-actu-france-monde"],"jetpack_publicize_connections":[],"jetpack_featured_media_url":"https:\/\/i0.wp.com\/www.iceagetv.com\/radiosite\/wp-content\/uploads\/2024\/10\/Martinique.jpg?fit=899%2C433&ssl=1","jetpack_sharing_enabled":true,"_links":{"self":[{"href":"https:\/\/www.iceagetv.com\/radiosite\/wp-json\/wp\/v2\/posts\/30378","targetHints":{"allow":["GET"]}}],"collection":[{"href":"https:\/\/www.iceagetv.com\/radiosite\/wp-json\/wp\/v2\/posts"}],"about":[{"href":"https:\/\/www.iceagetv.com\/radiosite\/wp-json\/wp\/v2\/types\/post"}],"author":[{"embeddable":true,"href":"https:\/\/www.iceagetv.com\/radiosite\/wp-json\/wp\/v2\/users\/2"}],"replies":[{"embeddable":true,"href":"https:\/\/www.iceagetv.com\/radiosite\/wp-json\/wp\/v2\/comments?post=30378"}],"version-history":[{"count":1,"href":"https:\/\/www.iceagetv.com\/radiosite\/wp-json\/wp\/v2\/posts\/30378\/revisions"}],"predecessor-version":[{"id":30380,"href":"https:\/\/www.iceagetv.com\/radiosite\/wp-json\/wp\/v2\/posts\/30378\/revisions\/30380"}],"wp:featuredmedia":[{"embeddable":true,"href":"https:\/\/www.iceagetv.com\/radiosite\/wp-json\/wp\/v2\/media\/30379"}],"wp:attachment":[{"href":"https:\/\/www.iceagetv.com\/radiosite\/wp-json\/wp\/v2\/media?parent=30378"}],"wp:term":[{"taxonomy":"category","embeddable":true,"href":"https:\/\/www.iceagetv.com\/radiosite\/wp-json\/wp\/v2\/categories?post=30378"},{"taxonomy":"post_tag","embeddable":true,"href":"https:\/\/www.iceagetv.com\/radiosite\/wp-json\/wp\/v2\/tags?post=30378"}],"curies":[{"name":"wp","href":"https:\/\/api.w.org\/{rel}","templated":true}]}}