{"id":30392,"date":"2024-10-11T17:42:54","date_gmt":"2024-10-11T15:42:54","guid":{"rendered":"https:\/\/www.iceagetv.com\/radiosite\/?p=30392"},"modified":"2024-10-11T17:42:58","modified_gmt":"2024-10-11T15:42:58","slug":"budget-comment-le-gouvernement-justifie-t-il-sa-proposition-de-supprimer-4-000-postes-denseignants","status":"publish","type":"post","link":"https:\/\/www.iceagetv.com\/radiosite\/budget-comment-le-gouvernement-justifie-t-il-sa-proposition-de-supprimer-4-000-postes-denseignants\/","title":{"rendered":"Budget : comment le gouvernement justifie-t-il sa proposition de supprimer 4.000 postes d&rsquo;enseignants ?"},"content":{"rendered":"\n<p class=\"\">Le projet de loi de finances pour 2025 pr\u00e9voit plus de 4.000 suppressions de postes d&rsquo;enseignants. Le gouvernement justifie ces suppressions par la baisse du nombre d&rsquo;\u00e9l\u00e8ves mais les syndicats mettent en avant des disparit\u00e9s importantes.Les syndicats enseignants font part de leur col\u00e8re ce vendredi, au lendemain de l&rsquo;annonce de la\u00a0<strong>suppression de 4.000 postes d&rsquo;enseignants<\/strong>\u00a0dans le projet de budget pour 2025. Alors qu&rsquo;<a href=\"https:\/\/www.francebleu.fr\/infos\/education\/education-12-communes-de-seine-saint-denis-attaquent-l-etat-a-cause-du-manque-d-enseignants-dans-le-departement-4530969\" target=\"_blank\" rel=\"noreferrer noopener\">ils alertent r\u00e9guli\u00e8rement sur le manque de moyens<\/a>\u00a0et une\u00a0<a href=\"https:\/\/www.francebleu.fr\/infos\/education\/non-a-l-ecole-du-tri-enseignants-et-parents-d-eleves-mobilises-dans-plusieurs-villes-contre-le-choc-des-savoirs-8765747\" target=\"_blank\" rel=\"noreferrer noopener\">d\u00e9gradation des conditions d&rsquo;enseignement<\/a>, ces suppressions sont vues comme\u00a0<a href=\"https:\/\/www.francebleu.fr\/infos\/education\/budget-2025-4-000-postes-d-enseignants-en-moins-les-syndicats-denoncent-une-saignee-8894321\" target=\"_blank\" rel=\"noreferrer noopener\">un \u00ab\u00a0sabordage de l&rsquo;\u00e9cole publique\u00a0\u00bb<\/a>.Sur les 4.000 postes d&rsquo;enseignants supprim\u00e9s,\u00a0<strong>3.155 le seront dans le premier degr\u00e9<\/strong>, c&rsquo;est-\u00e0-dire dans les \u00e9coles maternelles et \u00e9l\u00e9mentaires publiques.\u00a0Le second degr\u00e9 public (coll\u00e8ges et lyc\u00e9es) perd 180 postes, le premier degr\u00e9 priv\u00e9 660 et enfin le second degr\u00e9 priv\u00e9 40, selon le minist\u00e8re. Le gouvernement justifie ces suppressions par la baisse du nombre d&rsquo;\u00e9l\u00e8ves.<\/p>\n\n\n\n<h2 class=\"wp-block-heading\">97.000 \u00e9l\u00e8ves en moins en 2025<\/h2>\n\n\n\n<p class=\"\">\u00c0 la rentr\u00e9e 2025, il y aura&nbsp;<strong>97.000 \u00e9l\u00e8ves en moins dans le public et le priv\u00e9<\/strong>.&nbsp;La chute d\u00e9mographique est une r\u00e9alit\u00e9 dans les classes depuis 2017, avec une baisse de 300.000 \u00e9l\u00e8ves et, selon les projections, cette tendance va continuer jusqu&rsquo;en 2027.&nbsp;Au vu de ces chiffres, \u00ab\u00a0<em>on aurait pu supprimer 1.000 postes suppl\u00e9mentaires<\/em>\u00ab\u00a0, relativise le minist\u00e8re de l&rsquo;\u00c9ducation nationale.<\/p>\n\n\n\n<p class=\"\">Des propos qui mettent en col\u00e8re Guislaine David, co Secr\u00e9taire g\u00e9n\u00e9rale du SNUipp-FSU, syndicat du 1er degr\u00e9\u00a0: \u00ab\u00a0<em>\u00c7a d\u00e9pend vraiment de la politique qu&rsquo;on veut mener. On a une baisse d\u00e9mographique en France, c&rsquo;est ind\u00e9niable mais est-ce qu&rsquo;on veut profiter de cette baisse pour r\u00e9parer l&rsquo;\u00e9cole\u00a0? Parce qu&rsquo;elle ne va pas bien en ce moment et on nous demande toujours d&rsquo;en faire plus, r\u00e9gler les probl\u00e8mes d&rsquo;inclusion, de harc\u00e8lement, r\u00e9duire les in\u00e9galit\u00e9s scolaires en France, etc. La barque des enseignants est charg\u00e9e et on ne nous donne pas forc\u00e9ment les moyens de faire correctement les choses.\u00a0\u00bb<\/em><\/p>\n\n\n\n<h2 class=\"wp-block-heading\">D&rsquo;importantes disparit\u00e9s<\/h2>\n\n\n\n<p class=\"\">Le minist\u00e8re de l&rsquo;\u00c9ducation nationale assure qu&rsquo;il y aura&nbsp;<strong>toujours autant de professeurs devant les \u00e9l\u00e8ves<\/strong>&nbsp;et que le taux d&rsquo;encadrement pourra m\u00eame \u00eatre am\u00e9lior\u00e9.&nbsp;Dans le premier degr\u00e9, qui est le plus touch\u00e9, les \u00e9l\u00e8ves sont entre 21 et 22 par classe en moyenne, \u00ab\u00a0<em>le niveau le plus bas jamais atteint depuis qu&rsquo;il est mesur\u00e9<\/em>\u00ab\u00a0, souligne le minist\u00e8re.<\/p>\n\n\n\n<p class=\"\">Mais ces chiffres sont&nbsp;<strong>une moyenne qui gomme de grosses disparit\u00e9s en fonction des secteurs<\/strong>. On&nbsp;peut en effet encore trouver 30 \u00e9l\u00e8ves par classe en maternelle par exemple. \u00c0 l&rsquo;inverse, dans les territoires ruraux,&nbsp;certaines classes \u00e0 plusieurs niveaux n&rsquo;ont qu&rsquo;une quinzaine d&rsquo;\u00e9l\u00e8ves.&nbsp;Ce sont elles qui risquent de trinquer et de fermer, selon le SNUipp-FSU, qui rappelle que plus de 1.300 postes ont d\u00e9j\u00e0 \u00e9t\u00e9 supprim\u00e9s ces deux derni\u00e8res ann\u00e9es et que des milliers de classes ont disparu.&nbsp;Le syndicat d\u00e9nonce un&nbsp;<em>\u00ab\u00a0sabordage de l&rsquo;\u00e9cole publique<\/em>\u00a0\u00bb et un \u00ab\u00a0<em>manque d&rsquo;investissement chronique<\/em>\u00ab\u00a0.<\/p>\n\n\n\n<p class=\"\">Pourtant, le minist\u00e8re met en avant que le budget de l&rsquo;\u00c9ducation nationale est le plus important de l&rsquo;\u00c9tat, avec 63 milliards d&rsquo;euros l&rsquo;an prochain. C&rsquo;est effectivement&nbsp;<strong>le premier poste de d\u00e9pense et il est en hausse de plus de 800 millions<\/strong>&nbsp;par rapport \u00e0 2024. Mais les syndicats d&rsquo;enseignants rappellent que&nbsp;<strong>700 millions d&rsquo;euros avaient \u00e9t\u00e9 rabot\u00e9s dans le budget l&rsquo;an dernier<\/strong>.<\/p>\n","protected":false},"excerpt":{"rendered":"<p>Le projet de loi de finances pour 2025 pr\u00e9voit plus de 4.000 suppressions de postes d&rsquo;enseignants. Le gouvernement justifie ces suppressions par la baisse du nombre d&rsquo;\u00e9l\u00e8ves mais les syndicats mettent en avant des disparit\u00e9s importantes.Les syndicats enseignants font part de leur col\u00e8re ce vendredi, au lendemain de l&rsquo;annonce de la\u00a0suppression de 4.000 postes d&rsquo;enseignants\u00a0dans [&hellip;]<\/p>\n","protected":false},"author":2,"featured_media":30393,"comment_status":"open","ping_status":"open","sticky":false,"template":"","format":"standard","meta":{"_jetpack_memberships_contains_paid_content":false,"footnotes":"","jetpack_publicize_message":"","jetpack_publicize_feature_enabled":true,"jetpack_social_post_already_shared":true,"jetpack_social_options":{"image_generator_settings":{"template":"highway","enabled":true,"token":"eyJpbWciOiJodHRwczpcL1wvd3d3LmljZWFnZXR2LmNvbVwvcmFkaW9zaXRlXC93cC1jb250ZW50XC91cGxvYWRzXC8yMDI0XC8xMFwvQnVkZ2V0LWNvbW1lbnQtbGUtZ291dmVybmVtZW50LWp1c3RpZmllLXQtaWwtc2EtcHJvcG9zaXRpb24tZGUtc3VwcHJpbWVyLTQuMDAwLXBvc3Rlcy1kZW5zZWlnbmFudHMuanBnIiwidHh0IjoiQnVkZ2V0IDogY29tbWVudCBsZSBnb3V2ZXJuZW1lbnQganVzdGlmaWUtdC1pbCBzYSBwcm9wb3NpdGlvbiBkZSBzdXBwcmltZXIgNC4wMDAgcG9zdGVzIGQmIzgyMTc7ZW5zZWlnbmFudHMgPyIsInRlbXBsYXRlIjoiaGlnaHdheSIsImJsb2dfaWQiOjExMTAxNjQ2MX0.waHOr0kxfQWK2CeUyUhcJxD6uHII8jb-nKUY0JllEmYMQ"},"version":2},"_wpas_customize_per_network":false},"categories":[405],"tags":[],"class_list":["post-30392","post","type-post","status-publish","format-standard","has-post-thumbnail","hentry","category-actu-france-monde"],"jetpack_publicize_connections":[],"jetpack_featured_media_url":"https:\/\/i0.wp.com\/www.iceagetv.com\/radiosite\/wp-content\/uploads\/2024\/10\/Budget-comment-le-gouvernement-justifie-t-il-sa-proposition-de-supprimer-4.000-postes-denseignants.jpg?fit=581%2C330&ssl=1","jetpack_sharing_enabled":true,"_links":{"self":[{"href":"https:\/\/www.iceagetv.com\/radiosite\/wp-json\/wp\/v2\/posts\/30392","targetHints":{"allow":["GET"]}}],"collection":[{"href":"https:\/\/www.iceagetv.com\/radiosite\/wp-json\/wp\/v2\/posts"}],"about":[{"href":"https:\/\/www.iceagetv.com\/radiosite\/wp-json\/wp\/v2\/types\/post"}],"author":[{"embeddable":true,"href":"https:\/\/www.iceagetv.com\/radiosite\/wp-json\/wp\/v2\/users\/2"}],"replies":[{"embeddable":true,"href":"https:\/\/www.iceagetv.com\/radiosite\/wp-json\/wp\/v2\/comments?post=30392"}],"version-history":[{"count":1,"href":"https:\/\/www.iceagetv.com\/radiosite\/wp-json\/wp\/v2\/posts\/30392\/revisions"}],"predecessor-version":[{"id":30394,"href":"https:\/\/www.iceagetv.com\/radiosite\/wp-json\/wp\/v2\/posts\/30392\/revisions\/30394"}],"wp:featuredmedia":[{"embeddable":true,"href":"https:\/\/www.iceagetv.com\/radiosite\/wp-json\/wp\/v2\/media\/30393"}],"wp:attachment":[{"href":"https:\/\/www.iceagetv.com\/radiosite\/wp-json\/wp\/v2\/media?parent=30392"}],"wp:term":[{"taxonomy":"category","embeddable":true,"href":"https:\/\/www.iceagetv.com\/radiosite\/wp-json\/wp\/v2\/categories?post=30392"},{"taxonomy":"post_tag","embeddable":true,"href":"https:\/\/www.iceagetv.com\/radiosite\/wp-json\/wp\/v2\/tags?post=30392"}],"curies":[{"name":"wp","href":"https:\/\/api.w.org\/{rel}","templated":true}]}}