{"id":30397,"date":"2024-10-11T18:45:32","date_gmt":"2024-10-11T16:45:32","guid":{"rendered":"https:\/\/www.iceagetv.com\/radiosite\/?p=30397"},"modified":"2024-10-11T18:45:36","modified_gmt":"2024-10-11T16:45:36","slug":"budget-de-la-securite-sociale-quatre-syndicats-de-la-fonction-publique-hospitaliere-appellent-les-agents-a-se-mettre-en-greve-le-29-octobre-prochain","status":"publish","type":"post","link":"https:\/\/www.iceagetv.com\/radiosite\/budget-de-la-securite-sociale-quatre-syndicats-de-la-fonction-publique-hospitaliere-appellent-les-agents-a-se-mettre-en-greve-le-29-octobre-prochain\/","title":{"rendered":"Budget de la S\u00e9curit\u00e9 sociale : Quatre syndicats de la fonction publique hospitali\u00e8re appellent les agents \u00e0 se mettre en gr\u00e8ve le 29 octobre prochain"},"content":{"rendered":"\n<p class=\"\">Le coup de rabot de trop\u00bb : quatre syndicats de la fonction publique hospitali\u00e8re appellent les agents \u00e0 se mettre en gr\u00e8ve le 29 octobre pour protester contre le budget de la S\u00e9curit\u00e9 sociale pour 2025, \u00aben de\u00e7\u00e0 des besoins\u00bb. Le gouvernement a pr\u00e9sent\u00e9 jeudi soir un budget 2025 tr\u00e8s contraint, qui vise \u00e0 contenir le d\u00e9ficit de la S\u00e9curit\u00e9 sociale \u00e0 16 milliards d&rsquo;euros en 2025, apr\u00e8s 18 milliards en 2024. L&rsquo;augmentation des d\u00e9penses de sant\u00e9 (objectif national de d\u00e9penses d&rsquo;assurance maladie, Ondam) sera limit\u00e9e \u00e0 +2,8%, apr\u00e8s 3,3% en 2024.<\/p>\n\n\n\n<p class=\"\">Les d\u00e9penses de sant\u00e9 augmentent inexorablement chaque ann\u00e9e, sous l&rsquo;effet de l&rsquo;inflation, du vieillissement de la population et de la hausse des maladies chroniques. L&rsquo;enveloppe d\u00e9di\u00e9e \u00e0 l&rsquo;h\u00f4pital augmentera, elle, de 3,1%, mais pour la F\u00e9d\u00e9ration des h\u00f4pitaux de France (FHF), il s&rsquo;agit d&rsquo;une hausse en \u00abtrompe-l&rsquo;\u0153il\u00bb, puisque le gouvernement augmente aussi d&rsquo;environ 1 milliard d&rsquo;euros les cotisations retraite vers\u00e9es par les \u00e9tablissements de sant\u00e9.<\/p>\n\n\n\n<p class=\"\">Ces annonces sonnent \u00abcomme l&rsquo;hallali du syst\u00e8me de sant\u00e9 \u00e0 la fran\u00e7aise\u00bb. Pour le monde de la Sant\u00e9 d\u00e9j\u00e0 en grande difficult\u00e9, \u00able compte n&rsquo;y est pas\u00bb et il s&rsquo;agit \u00abdu coup de rabot de trop\u00bb, d\u00e9plorent vendredi dans un communiqu\u00e9 intersyndical les sections sant\u00e9 de la CGT, Force ouvri\u00e8re, Sud Solidaires et l&rsquo;Unsa. \u00abSi les \u00e9l\u00e9ments budg\u00e9taires se confirment et que les parlementaires ent\u00e9rinent un Ondam fam\u00e9lique, c&rsquo;est la sant\u00e9 de la population qui est en grave danger\u00bb, poursuivent ces organisations, r\u00e9clamant un \u00abplan Marshall\u00bb pour la sant\u00e9, avec une hausse du budget \u00abqui doit tendre vers les 10%\u00bb.<\/p>\n\n\n\n<p class=\"\">Ils appellent ainsi \u00ab\u00e0 une journ\u00e9e nationale de mobilisation et de gr\u00e8ve le 29 octobre\u00bb pour \u00abfaire entendre les revendications\u00bb des professionnels de l&rsquo;h\u00f4pital public et des \u00e9tablissements du social et du m\u00e9dico-social. Plus largement, ce projet de loi de financement de la S\u00e9curit\u00e9 sociale (PLFSS) \u00abcreuse les in\u00e9galit\u00e9s\u00bb, et d\u00e9grade \u00ables droits des assur\u00e9s sociaux\u00bb, d\u00e9plore l&rsquo;Unsa dans un autre communiqu\u00e9.<\/p>\n\n\n\n<p class=\"\">Pour faire plusieurs milliards d&rsquo;\u00e9conomies, le gouvernement pr\u00e9voit notamment de transf\u00e9rer aux compl\u00e9mentaires sant\u00e9 une part plus grande du remboursement des consultations m\u00e9dicales, d&rsquo;abaisser le plafond des indemnit\u00e9s per\u00e7ues en cas d&rsquo;arr\u00eat maladie, ou encore de d\u00e9caler de six mois la revalorisation annuelle des retraites. \u00abTout ceci aggravera les in\u00e9galit\u00e9s et le renoncement aux soins\u00bb, d\u00e9plore le syndicat Solidaires, qui d\u00e9nonce un \u00abbudget d&rsquo;aust\u00e9rit\u00e9\u00bb.<\/p>\n","protected":false},"excerpt":{"rendered":"<p>Le coup de rabot de trop\u00bb : quatre syndicats de la fonction publique hospitali\u00e8re appellent les agents \u00e0 se mettre en gr\u00e8ve le 29 octobre pour protester contre le budget de la S\u00e9curit\u00e9 sociale pour 2025, \u00aben de\u00e7\u00e0 des besoins\u00bb. Le gouvernement a pr\u00e9sent\u00e9 jeudi soir un budget 2025 tr\u00e8s contraint, qui vise \u00e0 contenir [&hellip;]<\/p>\n","protected":false},"author":2,"featured_media":30398,"comment_status":"open","ping_status":"open","sticky":false,"template":"","format":"standard","meta":{"_jetpack_memberships_contains_paid_content":false,"footnotes":"","jetpack_publicize_message":"","jetpack_publicize_feature_enabled":true,"jetpack_social_post_already_shared":true,"jetpack_social_options":{"image_generator_settings":{"template":"highway","enabled":true,"token":"eyJpbWciOiJodHRwczpcL1wvd3d3LmljZWFnZXR2LmNvbVwvcmFkaW9zaXRlXC93cC1jb250ZW50XC91cGxvYWRzXC8yMDI0XC8xMFwvQnVkZ2V0LWRlLWxhLVNlY3VyaXRlLXNvY2lhbGUuanBnIiwidHh0IjoiQnVkZ2V0IGRlIGxhIFNcdTAwZTljdXJpdFx1MDBlOSBzb2NpYWxlIDogUXVhdHJlIHN5bmRpY2F0cyBkZSBsYSBmb25jdGlvbiBwdWJsaXF1ZSBob3NwaXRhbGlcdTAwZThyZSBhcHBlbGxlbnQgbGVzIGFnZW50cyBcdTAwZTAgc2UgbWV0dHJlIGVuIGdyXHUwMGU4dmUgbGUgMjkgb2N0b2JyZSBwcm9jaGFpbiIsInRlbXBsYXRlIjoiaGlnaHdheSIsImJsb2dfaWQiOjExMTAxNjQ2MX0.VWic9g_sGsWt0n3DjKIMplY8PDCptfAgVhBG6vUM1ZIMQ"},"version":2},"_wpas_customize_per_network":false},"categories":[405],"tags":[],"class_list":["post-30397","post","type-post","status-publish","format-standard","has-post-thumbnail","hentry","category-actu-france-monde"],"jetpack_publicize_connections":[],"jetpack_featured_media_url":"https:\/\/i0.wp.com\/www.iceagetv.com\/radiosite\/wp-content\/uploads\/2024\/10\/Budget-de-la-Securite-sociale.jpg?fit=679%2C293&ssl=1","jetpack_sharing_enabled":true,"_links":{"self":[{"href":"https:\/\/www.iceagetv.com\/radiosite\/wp-json\/wp\/v2\/posts\/30397","targetHints":{"allow":["GET"]}}],"collection":[{"href":"https:\/\/www.iceagetv.com\/radiosite\/wp-json\/wp\/v2\/posts"}],"about":[{"href":"https:\/\/www.iceagetv.com\/radiosite\/wp-json\/wp\/v2\/types\/post"}],"author":[{"embeddable":true,"href":"https:\/\/www.iceagetv.com\/radiosite\/wp-json\/wp\/v2\/users\/2"}],"replies":[{"embeddable":true,"href":"https:\/\/www.iceagetv.com\/radiosite\/wp-json\/wp\/v2\/comments?post=30397"}],"version-history":[{"count":1,"href":"https:\/\/www.iceagetv.com\/radiosite\/wp-json\/wp\/v2\/posts\/30397\/revisions"}],"predecessor-version":[{"id":30399,"href":"https:\/\/www.iceagetv.com\/radiosite\/wp-json\/wp\/v2\/posts\/30397\/revisions\/30399"}],"wp:featuredmedia":[{"embeddable":true,"href":"https:\/\/www.iceagetv.com\/radiosite\/wp-json\/wp\/v2\/media\/30398"}],"wp:attachment":[{"href":"https:\/\/www.iceagetv.com\/radiosite\/wp-json\/wp\/v2\/media?parent=30397"}],"wp:term":[{"taxonomy":"category","embeddable":true,"href":"https:\/\/www.iceagetv.com\/radiosite\/wp-json\/wp\/v2\/categories?post=30397"},{"taxonomy":"post_tag","embeddable":true,"href":"https:\/\/www.iceagetv.com\/radiosite\/wp-json\/wp\/v2\/tags?post=30397"}],"curies":[{"name":"wp","href":"https:\/\/api.w.org\/{rel}","templated":true}]}}