{"id":30404,"date":"2024-10-12T10:28:21","date_gmt":"2024-10-12T08:28:21","guid":{"rendered":"https:\/\/www.iceagetv.com\/radiosite\/?p=30404"},"modified":"2024-10-12T10:28:25","modified_gmt":"2024-10-12T08:28:25","slug":"budget-2025-hausse-des-taxes-sur-lelectricite-mais-baisse-des-prix-on-vous-explique-comment-va-evoluer-votre-facture-a-partir-de-fevrier","status":"publish","type":"post","link":"https:\/\/www.iceagetv.com\/radiosite\/budget-2025-hausse-des-taxes-sur-lelectricite-mais-baisse-des-prix-on-vous-explique-comment-va-evoluer-votre-facture-a-partir-de-fevrier\/","title":{"rendered":"Budget 2025 : hausse des taxes sur l&rsquo;\u00e9lectricit\u00e9 mais baisse des prix ? On vous explique comment va \u00e9voluer votre facture \u00e0 partir de f\u00e9vrier"},"content":{"rendered":"\n<p class=\"\">Le temps du bouclier tarifaire sur l&rsquo;\u00e9nergie est bient\u00f4t r\u00e9volu. Dans le cadre de la&nbsp;<a href=\"https:\/\/www.francetvinfo.fr\/economie\/budget\/impots-sur-les-hauts-revenus-postes-supprimes-dans-l-education-taxe-sur-l-electricite-les-points-cles-du-projet-de-budget-2025-presente-par-le-gouvernement_6827411.html\">pr\u00e9sentation de son projet de loi de finances<\/a>, jeudi 10 octobre, le gouvernement a propos\u00e9 un rel\u00e8vement d&rsquo;une taxe sur l&rsquo;\u00e9lectricit\u00e9 qui interviendra \u00e0 compter du 1er f\u00e9vrier. Malgr\u00e9 cette hausse de la fiscalit\u00e9, l&rsquo;ex\u00e9cutif assure que la facture baissera de 9% pour les clients au tarif r\u00e9glement\u00e9 de l&rsquo;\u00e9lectricit\u00e9. Comment expliquer cette annonce a priori contradictoire&nbsp;?<\/p>\n\n\n\n<p class=\"\">Pour le comprendre, il faut se pencher sur l&rsquo;accise sur l&rsquo;\u00e9lectricit\u00e9, \u00e9galement appel\u00e9e g, que le gouvernement entend augmenter. En f\u00e9vrier 2022, pour amortir les cons\u00e9quences de la flamb\u00e9e des prix de l&rsquo;\u00e9nergie pour les m\u00e9nages, celle-ci avait \u00e9t\u00e9 consid\u00e9rablement r\u00e9duite, \u00e0 1 euro le m\u00e9gawattheure (MWh). Dans un contexte de recul de l&rsquo;inflation et de sortie du bouclier tarifaire,&nbsp;<a href=\"https:\/\/www.francetvinfo.fr\/economie\/energie\/onvousrepond-prix-de-l-electricite-on-a-repondu-a-vos-questions-sur-la-hausse-des-tarifs-a-partir-du-1er-fevrier_6319725.html\">elle a \u00e9t\u00e9 rehauss\u00e9e \u00e0 21 euros le MWh en f\u00e9vrier<\/a>. Le pr\u00e9c\u00e9dent gouvernement avait l&rsquo;intention de la ramener au 1er f\u00e9vrier 2025 \u00e0 son niveau d&rsquo;avant crise \u00e9nerg\u00e9tique, soit 32,44 euros\/MWh.<\/p>\n\n\n\n<p class=\"\">Face au&nbsp;<a href=\"https:\/\/www.francetvinfo.fr\/economie\/deficit\/infographies-deficit-public-face-aux-objectifs-rarement-atteints-des-gouvernements-francais-des-previsions-trop-optimistes_6829616.html\">d\u00e9ficit public du pays<\/a>, l&rsquo;\u00e9quipe gouvernementale de Michel Barnier entend aller au-del\u00e0. La taxe sera port\u00e9e vers&nbsp;<em>\u00ab\u00a0une fourchette autour de 50 euros du MWh\u00a0\u00bb<\/em>, a annonc\u00e9 le minist\u00e8re de l&rsquo;Economie. Son montant exact, qui ne figure pas dans le projet de loi de finances pour 2025, sera \u00e9tabli par arr\u00eat\u00e9 en f\u00e9vrier. La mesure doit permettre de d\u00e9gager 3 milliards d&rsquo;euros de recettes suppl\u00e9mentaires l&rsquo;ann\u00e9e prochaine.<\/p>\n\n\n\n<h2 class=\"wp-block-heading\">Une baisse moins importante que celle attendue<\/h2>\n\n\n\n<p class=\"\">Pour justifier cette d\u00e9cision, le gouvernement pointe le recul des prix de l&rsquo;\u00e9lectricit\u00e9 sur les march\u00e9s.&nbsp;Si le co\u00fbt actuel du MWh n&rsquo;a pas retrouv\u00e9 son niveau d&rsquo;avant crise (40-50 euros), son prix&nbsp;oscillait en septembre entre 60 et 70 euros, bien loin des sommets atteints pendant la crise \u00e9nerg\u00e9tique. En ao\u00fbt 2022, le&nbsp;<a href=\"https:\/\/www.francetvinfo.fr\/economie\/energie\/le-prix-de-gros-de-l-electricite-pour-2023-atteint-un-nouveau-record-a-plus-de-1-000-euros-le-megawattheure-contre-85-euros-il-y-a-un-an_5327569.html\">montant du MWh avait atteint un record de 1&nbsp;<\/a><a href=\"https:\/\/www.francetvinfo.fr\/economie\/energie\/le-prix-de-gros-de-l-electricite-pour-2023-atteint-un-nouveau-record-a-plus-de-1-000-euros-le-megawattheure-contre-85-euros-il-y-a-un-an_5327569.html\">000&nbsp;<\/a><a href=\"https:\/\/www.francetvinfo.fr\/economie\/energie\/le-prix-de-gros-de-l-electricite-pour-2023-atteint-un-nouveau-record-a-plus-de-1-000-euros-le-megawattheure-contre-85-euros-il-y-a-un-an_5327569.html\">euros.<\/a>&nbsp;<em>\u00ab\u00a0Si on a eu des prix tr\u00e8s \u00e9lev\u00e9s, c&rsquo;est parce que le syst\u00e8me \u00e9lectrique a d\u00e9raill\u00e9, que les stocks hydrauliques \u00e9taient faibles et qu&rsquo;on a connu une crise gazi\u00e8re. Comme la crise \u00e9lectrique est termin\u00e9e, cela se r\u00e9percute sur les prix\u00a0\u00bb<\/em>,&nbsp;<a href=\"https:\/\/www.francetvinfo.fr\/economie\/energie\/pourquoi-votre-facture-d-electricite-devrait-baisser-en-2025-si-vous-beneficiez-des-tarifs-reglementes_6777346.html\">r\u00e9sumait mi-septembre \u00e0 franceinfo Nicolas Goldberg<\/a>, expert en \u00e9nergie pour le cabinet Colombus Consulting.<\/p>\n\n\n\n<p class=\"\">Dans ce contexte de repli des prix, le minist\u00e8re de l&rsquo;Economie assure que, malgr\u00e9 la hausse de l&rsquo;accise sur l&rsquo;\u00e9lectricit\u00e9, les 22,4 millions de m\u00e9nages et d&rsquo;entreprises qui ont souscrit au tarif r\u00e9glement\u00e9 de vente (TRV) observeront une<em>&nbsp;\u00ab\u00a0baisse de 9%\u00a0\u00bb<\/em>&nbsp;de leur facture. Ce recul doit aussi concerner les clients qui disposent d&rsquo;une offre index\u00e9e sur le tarif r\u00e9glement\u00e9. Au total, le gouvernement estime que&nbsp;<em>\u00ab\u00a080% des Fran\u00e7ais\u00a0\u00bb<\/em>&nbsp;verront leur facture diminuer en moyenne d&rsquo;<em>\u00ab\u00a0une centaine d&rsquo;euros\u00a0\u00bb&nbsp;<\/em>par an. Il pr\u00e9cise que le taux de la taxe sera fix\u00e9 en f\u00e9vrier pour&nbsp;<em>\u00ab\u00a0garantir\u00a0\u00bb&nbsp;<\/em>cette baisse.&nbsp;<\/p>\n\n\n\n<p class=\"\">Elle sera toutefois moindre que ce que les foyers au tarif r\u00e9glement\u00e9 auraient pu esp\u00e9rer. En juin, le ministre de l&rsquo;Economie, Bruno Le Maire, \u00e9voquait&nbsp;<a href=\"https:\/\/www.francetvinfo.fr\/economie\/energie\/prix-de-l-electricite-le-gouvernement-renonce-a-appliquer-une-hausse-des-tarifs-prevue-au-1er-aout_6667533.html\">une baisse de 10 \u00e0 15%<\/a>&nbsp;au 1er f\u00e9vrier. De son c\u00f4t\u00e9, la Commission de r\u00e9gulation de l&rsquo;\u00e9nergie anticipait, dans sa&nbsp;<a href=\"https:\/\/www.cre.fr\/actualites\/toute-lactualite\/la-commission-de-regulation-de-lenergie-confirme-lactualisation-du-turpe-au-1er-novembre-2024-et-propose-de-reporter-exceptionnellement-cette-evolution-dans-les-tarifs-reglementes-de-lelectricite-au-1er-fevrier-2025.html\" target=\"_blank\" rel=\"noreferrer noopener\">d\u00e9lib\u00e9ration rendue en septembre(Nouvelle fen\u00eatre)<\/a>, une diminution d&rsquo;<em>\u00ab\u00a0au moins 10%\u00a0\u00bb&nbsp;<\/em>de la facture, fond\u00e9e sur le sc\u00e9nario d&rsquo;un retour de l&rsquo;accise sur l&rsquo;\u00e9lectricit\u00e9 limit\u00e9e \u00e0 32,44 euros le MWh.<\/p>\n\n\n\n<h2 class=\"wp-block-heading\">\u00ab\u00a0Vigilance\u00a0\u00bb sur les autres offres&nbsp;<\/h2>\n\n\n\n<p class=\"\">En revanche, l&rsquo;addition s&rsquo;annonce plus sal\u00e9e pour les 20% restants des Fran\u00e7ais qui ne sont pas soumis au tarif r\u00e9glement\u00e9. C&rsquo;est le cas des contrats dont les tarifs varient r\u00e9guli\u00e8rement en fonction de l&rsquo;\u00e9volution des cours de l&rsquo;\u00e9lectricit\u00e9, ou encore les clients qui ont opt\u00e9 pour une offre \u00e0 prix fixe. Pour ces derniers, dans la plupart des cas, seul le prix du kWh est r\u00e9ellement fixe (durant un an ou deux ans, par exemple). Mais le co\u00fbt factur\u00e9 pour l&rsquo;abonnement et les taxes peuvent toujours \u00e9voluer en cours de contrat, souligne le M\u00e9diateur de l&rsquo;\u00e9nergie. Les fournisseurs pourront donc r\u00e9percuter tout ou partie de la hausse de la taxe sur l&rsquo;\u00e9lectricit\u00e9 sur la facture de leurs clients.<\/p>\n\n\n\n<p class=\"\">Pour les consommateurs qui ne sont pas soumis au tarif r\u00e9glement\u00e9, le recul des cours de l&rsquo;\u00e9lectricit\u00e9 a pu se traduire par une diminution de la facture au cours des derniers mois, a expliqu\u00e9 vendredi la ministre de la Transition \u00e9cologique et de l&rsquo;\u00e9nergie. Mais&nbsp;<em>\u00ab\u00a0il faut \u00eatre attentif \u00e0 ce que la baisse de leur facture en 2024 ne se traduise pas ensuite en 2025 par un rebond qui serait d\u00e9sagr\u00e9able\u00a0\u00bb<\/em>, a reconnu vendredi&nbsp;Agn\u00e8s Pannier-Runacher&nbsp;<a href=\"https:\/\/x.com\/Europe1\/status\/1844624006848139642\" target=\"_blank\" rel=\"noreferrer noopener\">sur Europe 1.(Nouvelle fen\u00eatre)<\/a>&nbsp;La ministre assure qu&rsquo;elle y sera \u00ab\u00a0<em>tr\u00e8s vigilante dans la discussion avec les parlementaires\u00a0\u00bb.<\/em><\/p>\n\n\n\n<p class=\"\">Par ailleurs, ces clients peuvent \u00e0 tout moment basculer vers une offre au tarif r\u00e9glement\u00e9 s&rsquo;ils le souhaitent. M\u00eame en cas de souscription \u00e0 une offre fixe, garantissant un prix sur un an, par exemple, il est possible de r\u00e9silier le contrat avant son terme.&nbsp;<a href=\"https:\/\/www.francetvinfo.fr\/economie\/energie\/prix-de-l-electricite-six-conseils-pour-choisir-son-fournisseur-et-trouver-l-offre-adaptee-a-sa-consommation_6311466.html\">Pour changer d&rsquo;offre<\/a>, la seule \u00e9tape n\u00e9cessaire est de souscrire un nouveau contrat, d\u00e9taille le M\u00e9diateur de l&rsquo;\u00e9nergie. Le nouveau fournisseur se charge alors de pr\u00e9venir le pr\u00e9c\u00e9dent.&nbsp;<\/p>\n","protected":false},"excerpt":{"rendered":"<p>Le temps du bouclier tarifaire sur l&rsquo;\u00e9nergie est bient\u00f4t r\u00e9volu. Dans le cadre de la&nbsp;pr\u00e9sentation de son projet de loi de finances, jeudi 10 octobre, le gouvernement a propos\u00e9 un rel\u00e8vement d&rsquo;une taxe sur l&rsquo;\u00e9lectricit\u00e9 qui interviendra \u00e0 compter du 1er f\u00e9vrier. Malgr\u00e9 cette hausse de la fiscalit\u00e9, l&rsquo;ex\u00e9cutif assure que la facture baissera de [&hellip;]<\/p>\n","protected":false},"author":2,"featured_media":30406,"comment_status":"open","ping_status":"open","sticky":false,"template":"","format":"standard","meta":{"_jetpack_memberships_contains_paid_content":false,"footnotes":"","jetpack_publicize_message":"","jetpack_publicize_feature_enabled":true,"jetpack_social_post_already_shared":true,"jetpack_social_options":{"image_generator_settings":{"template":"highway","enabled":true,"token":"eyJpbWciOiJodHRwczpcL1wvd3d3LmljZWFnZXR2LmNvbVwvcmFkaW9zaXRlXC93cC1jb250ZW50XC91cGxvYWRzXC8yMDI0XC8xMFwvQnVkZ2V0LTIwMjUtaGF1c3NlLWRlcy10YXhlcy1zdXItbGVsZWN0cmljaXRlLW1haXMtYmFpc3NlLWRlcy1wcml4LU9uLXZvdXMtZXhwbGlxdWUtY29tbWVudC12YS1ldm9sdWVyLXZvdHJlLWZhY3R1cmUtYS1wYXJ0aXItZGUtZmV2cmllci5qcGciLCJ0eHQiOiJCdWRnZXQgMjAyNSA6IGhhdXNzZSBkZXMgdGF4ZXMgc3VyIGwmIzgyMTc7XHUwMGU5bGVjdHJpY2l0XHUwMGU5IG1haXMgYmFpc3NlIGRlcyBwcml4ID8gT24gdm91cyBleHBsaXF1ZSBjb21tZW50IHZhIFx1MDBlOXZvbHVlciB2b3RyZSBmYWN0dXJlIFx1MDBlMCBwYXJ0aXIgZGUgZlx1MDBlOXZyaWVyIiwidGVtcGxhdGUiOiJoaWdod2F5IiwiYmxvZ19pZCI6MTExMDE2NDYxfQ.jByaI-vZyUa6HiVBtKY8xvkjvbHnZfrVkqRLnc7j6RYMQ"},"version":2},"_wpas_customize_per_network":false},"categories":[405],"tags":[],"class_list":["post-30404","post","type-post","status-publish","format-standard","has-post-thumbnail","hentry","category-actu-france-monde"],"jetpack_publicize_connections":[],"jetpack_featured_media_url":"https:\/\/i0.wp.com\/www.iceagetv.com\/radiosite\/wp-content\/uploads\/2024\/10\/Budget-2025-hausse-des-taxes-sur-lelectricite-mais-baisse-des-prix-On-vous-explique-comment-va-evoluer-votre-facture-a-partir-de-fevrier.jpg?fit=757%2C510&ssl=1","jetpack_sharing_enabled":true,"_links":{"self":[{"href":"https:\/\/www.iceagetv.com\/radiosite\/wp-json\/wp\/v2\/posts\/30404","targetHints":{"allow":["GET"]}}],"collection":[{"href":"https:\/\/www.iceagetv.com\/radiosite\/wp-json\/wp\/v2\/posts"}],"about":[{"href":"https:\/\/www.iceagetv.com\/radiosite\/wp-json\/wp\/v2\/types\/post"}],"author":[{"embeddable":true,"href":"https:\/\/www.iceagetv.com\/radiosite\/wp-json\/wp\/v2\/users\/2"}],"replies":[{"embeddable":true,"href":"https:\/\/www.iceagetv.com\/radiosite\/wp-json\/wp\/v2\/comments?post=30404"}],"version-history":[{"count":1,"href":"https:\/\/www.iceagetv.com\/radiosite\/wp-json\/wp\/v2\/posts\/30404\/revisions"}],"predecessor-version":[{"id":30407,"href":"https:\/\/www.iceagetv.com\/radiosite\/wp-json\/wp\/v2\/posts\/30404\/revisions\/30407"}],"wp:featuredmedia":[{"embeddable":true,"href":"https:\/\/www.iceagetv.com\/radiosite\/wp-json\/wp\/v2\/media\/30406"}],"wp:attachment":[{"href":"https:\/\/www.iceagetv.com\/radiosite\/wp-json\/wp\/v2\/media?parent=30404"}],"wp:term":[{"taxonomy":"category","embeddable":true,"href":"https:\/\/www.iceagetv.com\/radiosite\/wp-json\/wp\/v2\/categories?post=30404"},{"taxonomy":"post_tag","embeddable":true,"href":"https:\/\/www.iceagetv.com\/radiosite\/wp-json\/wp\/v2\/tags?post=30404"}],"curies":[{"name":"wp","href":"https:\/\/api.w.org\/{rel}","templated":true}]}}