{"id":30414,"date":"2024-10-12T17:56:06","date_gmt":"2024-10-12T15:56:06","guid":{"rendered":"https:\/\/www.iceagetv.com\/radiosite\/?p=30414"},"modified":"2024-10-12T17:56:10","modified_gmt":"2024-10-12T15:56:10","slug":"visage-connu-du-cinema-le-comedien-pierre-vernier-membre-de-la-bande-du-conservatoire-avec-belmondo-marielle-ou-rochefort-est-mort-a-93-ans","status":"publish","type":"post","link":"https:\/\/www.iceagetv.com\/radiosite\/visage-connu-du-cinema-le-comedien-pierre-vernier-membre-de-la-bande-du-conservatoire-avec-belmondo-marielle-ou-rochefort-est-mort-a-93-ans\/","title":{"rendered":"Visage connu du cin\u00e9ma, le com\u00e9dien Pierre Vernier, membre de la \u00ab\u00a0Bande du Conservatoire\u00a0\u00bb avec Belmondo, Marielle ou Rochefort, est mort \u00e0 93 ans"},"content":{"rendered":"\n<p class=\"\">Le com\u00e9dien Pierre Vernier, membre de la \u00ab\u00a0Bande du Conservatoire\u00a0\u00bb dans les ann\u00e9es 50 avec Jean-Paul Belmondo, Jean-Pierre Marielle ou Jean Rochefort, est mort&nbsp; \u00e0 93 ans, a appris l&rsquo;AFP samedi aupr\u00e8s de ses proches. Acteur prolifique, il avait tourn\u00e9 dans une soixantaine de films, dont bon nombre de succ\u00e8s populaires au c\u00f4t\u00e9 de son ami B\u00e9bel, comme \u00ab\u00a0Le professionnel\u00a0\u00bb (1981) ou \u00ab\u00a0Itin\u00e9raire d&rsquo;un enfant g\u00e2t\u00e9\u00a0\u00bb (1988, dans le r\u00f4le d&rsquo;un cur\u00e9). \u00ab\u00a0Attention, j&rsquo;existe aussi sans lui !\u00a0\u00bb, s&rsquo;amusait-il \u00e0 dire en 2001 au sujet de celui qu&rsquo;il consid\u00e9rait comme \u00ab\u00a0la conscience professionnelle incarn\u00e9e\u00a0\u00bb.<\/p>\n\n\n\n<p class=\"\">Pierre Vernier faisait partie de ces com\u00e9diens dont le nom n&rsquo;est pas forc\u00e9ment connu du grand public, mais dont le visage et l&rsquo;allure &#8211; haute stature de gentleman, visage r\u00eaveur et m\u00e8che brune sur le front &#8211; lui sont familiers.<\/p>\n\n\n\n<p class=\"\">Avec Fran\u00e7oise Fabian, il \u00e9tait l&rsquo;un des derniers membres encore en vie de la \u00ab\u00a0Bande du Conservatoire\u00a0\u00bb, essentiellement form\u00e9e par des \u00e9l\u00e8ves du Conservatoire national sup\u00e9rieur d&rsquo;art dramatique \u00e0 Paris au d\u00e9but des ann\u00e9es 50. Outre Belmondo, son noyau, elle comprenait notamment Jean Rochefort, Claude Rich, Jean-Pierre Marielle, Bruno Cremer ou Annie Girardot.<\/p>\n\n\n\n<p class=\"\">N\u00e9 Pierre Louis Rayer \u00e0 Saint-Jean d&rsquo;Angely en Charente et mort \u00e0 Vic-Fezensac, dans le Gers, Pierre Vernier avait tourn\u00e9 avec de grands r\u00e9alisateurs au cin\u00e9ma, dont Henri Verneuil ou Joseph Losey (dans \u00ab\u00a0Monsieur Klein\u00a0\u00bb avec Alain Delon en 1976). Amoureux des chevaux, comme Jean Rochefort, Pierre Vernier \u00e9tait tr\u00e8s actif \u00e0 la t\u00e9l\u00e9vision.<\/p>\n\n\n\n<p class=\"\">Il y avait interpr\u00e9t\u00e9 en 2008 le r\u00f4le du g\u00e9n\u00e9ral De Gaulle, pour lequel il avait re\u00e7u plusieurs prix d&rsquo;interpr\u00e9tation. Sur le petit \u00e9cran, c&rsquo;est le feuilleton \u00ab\u00a0Rocambole\u00a0\u00bb et le r\u00f4le du justicier \u00e9ponyme qui l&rsquo;avaient rendu c\u00e9l\u00e8bre en 1964.<\/p>\n\n\n\n<p class=\"\">Au th\u00e9\u00e2tre, Pierre Vernier avait jou\u00e9 sous la direction de Raymond Rouleau, Georges Wilson, Jean-Louis Barrault ou Roger Planchon. Chevalier de l&rsquo;Ordre national du m\u00e9rite, officier de l&rsquo;ordre des Arts et des Lettres, Pierre Vernier \u00e9tait tr\u00e8s investi jusqu&rsquo;\u00e0 la fin de sa vie dans le milieu associatif et caritatif, a soulign\u00e9 son entourage.<\/p>\n","protected":false},"excerpt":{"rendered":"<p>Le com\u00e9dien Pierre Vernier, membre de la \u00ab\u00a0Bande du Conservatoire\u00a0\u00bb dans les ann\u00e9es 50 avec Jean-Paul Belmondo, Jean-Pierre Marielle ou Jean Rochefort, est mort&nbsp; \u00e0 93 ans, a appris l&rsquo;AFP samedi aupr\u00e8s de ses proches. Acteur prolifique, il avait tourn\u00e9 dans une soixantaine de films, dont bon nombre de succ\u00e8s populaires au c\u00f4t\u00e9 de son [&hellip;]<\/p>\n","protected":false},"author":2,"featured_media":30415,"comment_status":"open","ping_status":"open","sticky":false,"template":"","format":"standard","meta":{"_jetpack_memberships_contains_paid_content":false,"footnotes":"","jetpack_publicize_message":"","jetpack_publicize_feature_enabled":true,"jetpack_social_post_already_shared":true,"jetpack_social_options":{"image_generator_settings":{"template":"highway","enabled":true,"token":"eyJpbWciOiJodHRwczpcL1wvd3d3LmljZWFnZXR2LmNvbVwvcmFkaW9zaXRlXC93cC1jb250ZW50XC91cGxvYWRzXC8yMDI0XC8xMFwvbGUtY29tZWRpZW4tUGllcnJlLVZlcm5pZXIuanBnIiwidHh0IjoiVmlzYWdlIGNvbm51IGR1IGNpblx1MDBlOW1hLCBsZSBjb21cdTAwZTlkaWVuIFBpZXJyZSBWZXJuaWVyLCBtZW1icmUgZGUgbGEgJiM4MjIwO0JhbmRlIGR1IENvbnNlcnZhdG9pcmUmIzgyMjE7IGF2ZWMgQmVsbW9uZG8sIE1hcmllbGxlIG91IFJvY2hlZm9ydCwgZXN0IG1vcnQgXHUwMGUwIDkzIGFucyIsInRlbXBsYXRlIjoiaGlnaHdheSIsImJsb2dfaWQiOjExMTAxNjQ2MX0.rVZu9ISi2lWwBdIXGGQH0inZfOVnrQgmxSrGCsSEtNkMQ"},"version":2},"_wpas_customize_per_network":false},"categories":[68],"tags":[],"class_list":["post-30414","post","type-post","status-publish","format-standard","has-post-thumbnail","hentry","category-actu-culturelle"],"jetpack_publicize_connections":[],"jetpack_featured_media_url":"https:\/\/i0.wp.com\/www.iceagetv.com\/radiosite\/wp-content\/uploads\/2024\/10\/le-comedien-Pierre-Vernier.jpg?fit=679%2C293&ssl=1","jetpack_sharing_enabled":true,"_links":{"self":[{"href":"https:\/\/www.iceagetv.com\/radiosite\/wp-json\/wp\/v2\/posts\/30414","targetHints":{"allow":["GET"]}}],"collection":[{"href":"https:\/\/www.iceagetv.com\/radiosite\/wp-json\/wp\/v2\/posts"}],"about":[{"href":"https:\/\/www.iceagetv.com\/radiosite\/wp-json\/wp\/v2\/types\/post"}],"author":[{"embeddable":true,"href":"https:\/\/www.iceagetv.com\/radiosite\/wp-json\/wp\/v2\/users\/2"}],"replies":[{"embeddable":true,"href":"https:\/\/www.iceagetv.com\/radiosite\/wp-json\/wp\/v2\/comments?post=30414"}],"version-history":[{"count":1,"href":"https:\/\/www.iceagetv.com\/radiosite\/wp-json\/wp\/v2\/posts\/30414\/revisions"}],"predecessor-version":[{"id":30416,"href":"https:\/\/www.iceagetv.com\/radiosite\/wp-json\/wp\/v2\/posts\/30414\/revisions\/30416"}],"wp:featuredmedia":[{"embeddable":true,"href":"https:\/\/www.iceagetv.com\/radiosite\/wp-json\/wp\/v2\/media\/30415"}],"wp:attachment":[{"href":"https:\/\/www.iceagetv.com\/radiosite\/wp-json\/wp\/v2\/media?parent=30414"}],"wp:term":[{"taxonomy":"category","embeddable":true,"href":"https:\/\/www.iceagetv.com\/radiosite\/wp-json\/wp\/v2\/categories?post=30414"},{"taxonomy":"post_tag","embeddable":true,"href":"https:\/\/www.iceagetv.com\/radiosite\/wp-json\/wp\/v2\/tags?post=30414"}],"curies":[{"name":"wp","href":"https:\/\/api.w.org\/{rel}","templated":true}]}}