{"id":30426,"date":"2024-10-12T20:28:59","date_gmt":"2024-10-12T18:28:59","guid":{"rendered":"https:\/\/www.iceagetv.com\/radiosite\/?p=30426"},"modified":"2024-10-12T20:29:03","modified_gmt":"2024-10-12T18:29:03","slug":"violences-en-martinique-quel-est-le-cout-de-la-vie-sur-lile-francaise","status":"publish","type":"post","link":"https:\/\/www.iceagetv.com\/radiosite\/violences-en-martinique-quel-est-le-cout-de-la-vie-sur-lile-francaise\/","title":{"rendered":"Violences en Martinique : quel est le co\u00fbt de la vie sur l\u2019\u00eele fran\u00e7aise ?"},"content":{"rendered":"\n<p class=\"\">La situation restait tendue dans la nuit de ce vendredi \u00e0 samedi en Martinique, malgr\u00e9 l&rsquo;instauration d&rsquo;un couvre-feu nocturne, sur fond de protestation contre la vie ch\u00e8re. Toute la nuit, les forces de l&rsquo;ordre ont tent\u00e9 de contenir les \u00e9meutiers qui ont \u00e9rig\u00e9 des dizaines de barrages \u00e0 travers l&rsquo;\u00eele fran\u00e7aise des Antilles.<\/p>\n\n\n\n<p class=\"\">Alors que&nbsp;<a href=\"https:\/\/www.cnews.fr\/martinique\" target=\"_blank\" rel=\"noreferrer noopener\">la&nbsp;Martinique<\/a>&nbsp;est en proie depuis septembre \u00e0 une mobilisation contre la vie ch\u00e8re initi\u00e9e par un mouvement baptis\u00e9 Rassemblement pour la protection des peuples et des ressources afro-carib\u00e9ens (RPPRAC), les violences urbaines ne semblent pas s&rsquo;arr\u00eater malgr\u00e9 une nuit plus calme ce vendredi \u00e0 samedi.&nbsp;<\/p>\n\n\n\n<p class=\"\">Bien que les paysages verdoyants et l\u2019eau turquoise laissent imaginer une douceur de vivre, le niveau de vie m\u00e9dian, autrement dit, les salaires, sont inf\u00e9rieur de 14% \u00e0 ceux de la France selon&nbsp;<a href=\"https:\/\/www.insee.fr\/fr\/statistiques\/1908423\" target=\"_blank\" rel=\"noreferrer noopener\">l&rsquo;Insee<\/a>, s\u2019\u00e9levant \u00e0 19.200 euros par an. Avec une particularit\u00e9, les fonctionnaires qui b\u00e9n\u00e9ficient d\u2019un salaire major\u00e9 de 40 % en raison de la vie ch\u00e8re sur l\u2019\u00eele.<\/p>\n\n\n\n<h2 class=\"wp-block-heading\">Un manque de dipl\u00f4m\u00e9s<\/h2>\n\n\n\n<p class=\"\">En effet, les \u00e9carts de prix \u00e0 la consommation avec la m\u00e9tropole sont importants\u00a0: l\u2019alimentation co\u00fbte 40% plus cher, les frais de sant\u00e9 13%, les services de communication co\u00fbte 37% plus cher qu\u2019en France.Une r\u00e9alit\u00e9 d\u2019autant plus dure \u00e0 vivre pour les 27% de Martiniquais qui vivent en dessous du seuil de\u00a0<a href=\"https:\/\/www.cnews.fr\/pauvrete\" target=\"_blank\" rel=\"noreferrer noopener\">pauvret\u00e9<\/a>, un taux deux fois plus \u00e9lev\u00e9 qu\u2019en m\u00e9tropole en 2020.Sur le plan de l\u2019emploi, en 2022 le taux de ch\u00f4mage s\u2019\u00e9tablissait \u00e0 12,5%, soit cinq points de plus qu\u2019en France sur la m\u00eame p\u00e9riode. L\u2019\u00eele souffre en effet d\u2019un manque de dipl\u00f4m\u00e9s du sup\u00e9rieur. Seulement 23,9% de la population a obtenu un dipl\u00f4me apr\u00e8s le baccalaur\u00e9at.<\/p>\n","protected":false},"excerpt":{"rendered":"<p>La situation restait tendue dans la nuit de ce vendredi \u00e0 samedi en Martinique, malgr\u00e9 l&rsquo;instauration d&rsquo;un couvre-feu nocturne, sur fond de protestation contre la vie ch\u00e8re. Toute la nuit, les forces de l&rsquo;ordre ont tent\u00e9 de contenir les \u00e9meutiers qui ont \u00e9rig\u00e9 des dizaines de barrages \u00e0 travers l&rsquo;\u00eele fran\u00e7aise des Antilles. Alors que&nbsp;la&nbsp;Martinique&nbsp;est [&hellip;]<\/p>\n","protected":false},"author":2,"featured_media":30427,"comment_status":"open","ping_status":"open","sticky":false,"template":"","format":"standard","meta":{"_jetpack_memberships_contains_paid_content":false,"footnotes":"","jetpack_publicize_message":"","jetpack_publicize_feature_enabled":true,"jetpack_social_post_already_shared":true,"jetpack_social_options":{"image_generator_settings":{"template":"highway","enabled":true,"token":"eyJpbWciOiJodHRwczpcL1wvd3d3LmljZWFnZXR2LmNvbVwvcmFkaW9zaXRlXC93cC1jb250ZW50XC91cGxvYWRzXC8yMDI0XC8xMFwvVmlvbGVuY2VzLWVuLU1hcnRpbmlxdWUuanBnIiwidHh0IjoiVmlvbGVuY2VzIGVuIE1hcnRpbmlxdWUgOiBxdWVsIGVzdCBsZSBjb1x1MDBmYnQgZGUgbGEgdmllIHN1ciBsXHUyMDE5XHUwMGVlbGUgZnJhblx1MDBlN2Fpc2UgPyIsInRlbXBsYXRlIjoiaGlnaHdheSIsImJsb2dfaWQiOjExMTAxNjQ2MX0.sfWElVcfw2136HH214Ga0i2EMamDQ90CL6XhQKfJ4aoMQ"},"version":2},"_wpas_customize_per_network":false},"categories":[405],"tags":[],"class_list":["post-30426","post","type-post","status-publish","format-standard","has-post-thumbnail","hentry","category-actu-france-monde"],"jetpack_publicize_connections":[],"jetpack_featured_media_url":"https:\/\/i0.wp.com\/www.iceagetv.com\/radiosite\/wp-content\/uploads\/2024\/10\/Violences-en-Martinique.jpg?fit=680%2C383&ssl=1","jetpack_sharing_enabled":true,"_links":{"self":[{"href":"https:\/\/www.iceagetv.com\/radiosite\/wp-json\/wp\/v2\/posts\/30426","targetHints":{"allow":["GET"]}}],"collection":[{"href":"https:\/\/www.iceagetv.com\/radiosite\/wp-json\/wp\/v2\/posts"}],"about":[{"href":"https:\/\/www.iceagetv.com\/radiosite\/wp-json\/wp\/v2\/types\/post"}],"author":[{"embeddable":true,"href":"https:\/\/www.iceagetv.com\/radiosite\/wp-json\/wp\/v2\/users\/2"}],"replies":[{"embeddable":true,"href":"https:\/\/www.iceagetv.com\/radiosite\/wp-json\/wp\/v2\/comments?post=30426"}],"version-history":[{"count":1,"href":"https:\/\/www.iceagetv.com\/radiosite\/wp-json\/wp\/v2\/posts\/30426\/revisions"}],"predecessor-version":[{"id":30428,"href":"https:\/\/www.iceagetv.com\/radiosite\/wp-json\/wp\/v2\/posts\/30426\/revisions\/30428"}],"wp:featuredmedia":[{"embeddable":true,"href":"https:\/\/www.iceagetv.com\/radiosite\/wp-json\/wp\/v2\/media\/30427"}],"wp:attachment":[{"href":"https:\/\/www.iceagetv.com\/radiosite\/wp-json\/wp\/v2\/media?parent=30426"}],"wp:term":[{"taxonomy":"category","embeddable":true,"href":"https:\/\/www.iceagetv.com\/radiosite\/wp-json\/wp\/v2\/categories?post=30426"},{"taxonomy":"post_tag","embeddable":true,"href":"https:\/\/www.iceagetv.com\/radiosite\/wp-json\/wp\/v2\/tags?post=30426"}],"curies":[{"name":"wp","href":"https:\/\/api.w.org\/{rel}","templated":true}]}}