{"id":30438,"date":"2024-10-13T10:41:16","date_gmt":"2024-10-13T08:41:16","guid":{"rendered":"https:\/\/www.iceagetv.com\/radiosite\/?p=30438"},"modified":"2024-10-13T10:41:19","modified_gmt":"2024-10-13T08:41:19","slug":"attentat-darras-un-an-apres-lassassinat-de-dominique-bernard-quatre-choses-a-savoir-sur-lenquete","status":"publish","type":"post","link":"https:\/\/www.iceagetv.com\/radiosite\/attentat-darras-un-an-apres-lassassinat-de-dominique-bernard-quatre-choses-a-savoir-sur-lenquete\/","title":{"rendered":"Attentat d&rsquo;Arras : un an apr\u00e8s l&rsquo;assassinat de Dominique Bernard, quatre choses \u00e0 savoir sur l&rsquo;enqu\u00eate"},"content":{"rendered":"\n<p class=\"\">Le ministre de l&rsquo;Int\u00e9rieur participe dimanche \u00e0 un hommage au professeur tu\u00e9 le 13 octobre 2023 par un ancien \u00e9l\u00e8ve radicalis\u00e9. franceinfo a pu consulter les interrogatoires du principal mis en cause.Il y a un an jour pour jour, le 13 octobre 2023,\u00a0<a href=\"https:\/\/www.francetvinfo.fr\/faits-divers\/attaque-au-couteau-dans-un-lycee-d-arras-ce-que-l-on-sait_6119742.html\">Dominique Bernard\u00a0<\/a>\u00e9tait tu\u00e9 \u00e0 Arras. Ce professeur de lettres a \u00e9t\u00e9 assassin\u00e9 de plusieurs coups de couteau devant le coll\u00e8ge o\u00f9 il enseignait, par un ancien \u00e9l\u00e8ve radicalis\u00e9, Mohammed Mogouchkov. L&rsquo;assaillant a \u00e9t\u00e9 arr\u00eat\u00e9 apr\u00e8s son passage \u00e0 l\u2019acte.\u00a0<a href=\"https:\/\/www.francetvinfo.fr\/faits-divers\/attaque-au-couteau-dans-un-lycee-a-arras\/une-ceremonie-tres-sobre-dimanche-a-arras-pour-rendre-hommage-a-dominique-bernard-ce-professeur-victime-d-une-attaque-terroriste-en-2023_6831620.html\">Un hommage<\/a>\u00a0a lieu dimanche \u00e0 Arras en pr\u00e9sence des ministres de l\u2019Int\u00e9rieur, de la Justice et de l\u2019\u00c9ducation nationale. franceinfo fait le point sur l&rsquo;enqu\u00eate.<\/p>\n\n\n\n<h2 class=\"wp-block-heading\">1&nbsp;Trois personnes mises en examen<\/h2>\n\n\n\n<p class=\"\">Les investigations avaient d\u00e9but\u00e9 par un gros coup de filet, douze personnes plac\u00e9es gardes \u00e0 vues en plus de l&rsquo;assaillant. Sa m\u00e8re et sa grande s\u0153ur avaient racont\u00e9 la terreur qu&rsquo;elles subissaient dans cette famille radicalis\u00e9e. Le grand fr\u00e8re est lui-m\u00eame mis en cause dans un projet d&rsquo;attentat. Parmi les suspects on comptait \u00e9galement un prisonnier un temps soup\u00e7onn\u00e9 d&rsquo;avoir pu \u00eatre le mentor de Mogouchkov. Mais au final, seules trois personnes sont mises en examen \u00e0 ce jour&nbsp;: Mogouchkov lui-m\u00eame, 20 ans au moment des faits, un ancien \u00e9l\u00e8ve de l\u2019\u00e9tablissement, originaire d&rsquo;Ingouchie (Russie) et radicalis\u00e9 depuis quelques ann\u00e9es&nbsp;; son petit fr\u00e8re, encore mineur, mis en examen pour complicit\u00e9 d\u2019assassinat terroriste, soup\u00e7onn\u00e9 d\u2019avoir renseign\u00e9 son a\u00een\u00e9 sur le maniement des couteaux&nbsp;; et un de leurs cousins, soup\u00e7onn\u00e9 d\u2019abstention d\u2019emp\u00eacher un crime. On lui reproche d\u2019avoir pu se douter d\u2019un projet mais de n\u2019avoir rien fait pour l\u2019emp\u00eacher.<\/p>\n\n\n\n<h2 class=\"wp-block-heading\">2&nbsp;Une volont\u00e9 d&rsquo;attaquer symboliquement la R\u00e9publique<\/h2>\n\n\n\n<p class=\"\">franceinfo a pu consulter les deux derniers interrogatoires du terroriste qui en disent un peu plus sur les motivations de l&rsquo;assaillant. D\u2019abord muet en garde \u00e0 vue, l\u2019assaillant a fini par s\u2019expliquer au fil de ses interrogatoires devant les juges d\u2019instruction. Dominique Bernard \u00e9tait la cible principale, l\u2019objectif final&nbsp;:&nbsp;<em>\u00ab\u00a0C\u2019est lui que je visais\u00a0\u00bb,<\/em>&nbsp;affirme Mogouchkov. Un professeur de lettres, une mati\u00e8re qui repr\u00e9sentait&nbsp;<em>\u00ab\u00a0l\u2019attachement au syst\u00e8me de la R\u00e9publique, de la d\u00e9mocratie et des droits de l\u2019Homme\u00a0\u00bb<\/em>, explique le terroriste. Pour les autres, ces professeurs et employ\u00e9s qu\u2019il a bless\u00e9s dans un second temps :<em>&nbsp;\u00ab\u00a0c\u2019\u00e9tait un engrenage, ce n\u2019\u00e9tait pas pr\u00e9par\u00e9\u00a0\u00bb&nbsp;<\/em>mais&nbsp;<em>\u00ab\u00a0j\u2019aurais pu les tuer\u00a0\u00bb<\/em>, affirme Mogouchkov.&nbsp;<em>\u00ab\u00a0J\u2019en \u00e9tais capable\u00a0\u00bb<\/em>, assure l\u2019assaillant devant la juge en janvier mais<em>&nbsp;\u00ab\u00a0la volont\u00e9 m\u2019a quitt\u00e9\u00a0\u00bb<\/em>, dit-il.<\/p>\n\n\n\n<h2 class=\"wp-block-heading\">3&nbsp;Un attentat r\u00e9fl\u00e9chi et men\u00e9 seul<\/h2>\n\n\n\n<p class=\"\">L\u2019assaillant soutient que personne n\u2019\u00e9tait au courant de son projet terroriste. Lors de son dernier interrogatoire en avril, Mohammed Mogouchkov disculpe notamment son petit fr\u00e8re.<em>&nbsp;\u00ab\u00a0C\u2019\u00e9tait quelque chose de trop grand pour qu\u2019il puisse \u00eatre au courant\u00a0\u00bb<\/em>, affirme l\u2019assaillant, m\u00eame s\u2019il reconna\u00eet lui avoir pos\u00e9 des questions sur le maniement des couteaux.&nbsp;<\/p>\n\n\n\n<h2 class=\"wp-block-heading\">4&nbsp;\u00ab\u00a0Aucune remise en question\u00a0\u00bb d&rsquo;apr\u00e8s les psychologues<\/h2>\n\n\n\n<p class=\"\">Selon le dernier expert \u00e0 l\u2019avoir interrog\u00e9 en prison, en juillet dernier, l\u2019\u00e9l\u00e9ment d\u00e9clencheur remonte \u00e0 2018. Cette ann\u00e9e-l\u00e0 le p\u00e8re de l\u2019assaillant, lui-m\u00eame fich\u00e9 S est expuls\u00e9 du territoire fran\u00e7ais. L&rsquo;homme incarne une&nbsp;<em>\u00ab\u00a0figure d\u2019autorit\u00e9\u00a0\u00bb<\/em>&nbsp;dans cette famille d\u2019origine caucasienne marqu\u00e9e dit l\u2019expert par \u00ab\u00a0une vision rigoriste de l\u2019islam\u00a0\u00bb. Cette s\u00e9paration a pu constituer, selon le psychologue,&nbsp;<em>\u00ab\u00a0le terreau d\u2019un ressentiment vis-\u00e0-vis de la soci\u00e9t\u00e9 fran\u00e7aise\u00a0\u00bb<\/em>.<\/p>\n\n\n\n<p class=\"\">Son projet appara\u00eet&nbsp;<em>\u00ab\u00a0r\u00e9fl\u00e9chi et d\u00e9termin\u00e9\u00a0\u00bb<\/em>, affirme l\u2019expert, qui estime qu\u2019il n\u2019existe chez l\u2019assaillant&nbsp;<em>\u00ab\u00a0aucune remise en question sur son passage \u00e0 l\u2019acte\u00a0\u00bb&nbsp;<\/em><a href=\"https:\/\/www.francetvinfo.fr\/faits-divers\/attaque-au-couteau-dans-un-lycee-a-arras\/attentat-d-arras-un-an-apres-le-meurtre-de-dominique-bernard-l-assaillant-ne-fait-preuve-d-aucune-remise-en-question-sur-son-passage-a-l-acte_6833999.html\">un an apr\u00e8s les faits<\/a>.<\/p>\n","protected":false},"excerpt":{"rendered":"<p>Le ministre de l&rsquo;Int\u00e9rieur participe dimanche \u00e0 un hommage au professeur tu\u00e9 le 13 octobre 2023 par un ancien \u00e9l\u00e8ve radicalis\u00e9. franceinfo a pu consulter les interrogatoires du principal mis en cause.Il y a un an jour pour jour, le 13 octobre 2023,\u00a0Dominique Bernard\u00a0\u00e9tait tu\u00e9 \u00e0 Arras. Ce professeur de lettres a \u00e9t\u00e9 assassin\u00e9 de [&hellip;]<\/p>\n","protected":false},"author":2,"featured_media":30439,"comment_status":"open","ping_status":"open","sticky":false,"template":"","format":"standard","meta":{"_jetpack_memberships_contains_paid_content":false,"footnotes":"","jetpack_publicize_message":"","jetpack_publicize_feature_enabled":true,"jetpack_social_post_already_shared":true,"jetpack_social_options":{"image_generator_settings":{"template":"highway","enabled":true,"token":"eyJpbWciOiJodHRwczpcL1wvd3d3LmljZWFnZXR2LmNvbVwvcmFkaW9zaXRlXC93cC1jb250ZW50XC91cGxvYWRzXC8yMDI0XC8xMFwvQXR0ZW50YXQtZEFycmFzLmpwZyIsInR4dCI6IkF0dGVudGF0IGQmIzgyMTc7QXJyYXMgOiB1biBhbiBhcHJcdTAwZThzIGwmIzgyMTc7YXNzYXNzaW5hdCBkZSBEb21pbmlxdWUgQmVybmFyZCwgcXVhdHJlIGNob3NlcyBcdTAwZTAgc2F2b2lyIHN1ciBsJiM4MjE3O2VucXVcdTAwZWF0ZSIsInRlbXBsYXRlIjoiaGlnaHdheSIsImJsb2dfaWQiOjExMTAxNjQ2MX0.1BHlDGFdavKQzES_QSok4Ujnung2ILd7_4Ci3S4cpTcMQ"},"version":2},"_wpas_customize_per_network":false},"categories":[405],"tags":[],"class_list":["post-30438","post","type-post","status-publish","format-standard","has-post-thumbnail","hentry","category-actu-france-monde"],"jetpack_publicize_connections":[],"jetpack_featured_media_url":"https:\/\/i0.wp.com\/www.iceagetv.com\/radiosite\/wp-content\/uploads\/2024\/10\/Attentat-dArras.jpg?fit=827%2C476&ssl=1","jetpack_sharing_enabled":true,"_links":{"self":[{"href":"https:\/\/www.iceagetv.com\/radiosite\/wp-json\/wp\/v2\/posts\/30438","targetHints":{"allow":["GET"]}}],"collection":[{"href":"https:\/\/www.iceagetv.com\/radiosite\/wp-json\/wp\/v2\/posts"}],"about":[{"href":"https:\/\/www.iceagetv.com\/radiosite\/wp-json\/wp\/v2\/types\/post"}],"author":[{"embeddable":true,"href":"https:\/\/www.iceagetv.com\/radiosite\/wp-json\/wp\/v2\/users\/2"}],"replies":[{"embeddable":true,"href":"https:\/\/www.iceagetv.com\/radiosite\/wp-json\/wp\/v2\/comments?post=30438"}],"version-history":[{"count":1,"href":"https:\/\/www.iceagetv.com\/radiosite\/wp-json\/wp\/v2\/posts\/30438\/revisions"}],"predecessor-version":[{"id":30440,"href":"https:\/\/www.iceagetv.com\/radiosite\/wp-json\/wp\/v2\/posts\/30438\/revisions\/30440"}],"wp:featuredmedia":[{"embeddable":true,"href":"https:\/\/www.iceagetv.com\/radiosite\/wp-json\/wp\/v2\/media\/30439"}],"wp:attachment":[{"href":"https:\/\/www.iceagetv.com\/radiosite\/wp-json\/wp\/v2\/media?parent=30438"}],"wp:term":[{"taxonomy":"category","embeddable":true,"href":"https:\/\/www.iceagetv.com\/radiosite\/wp-json\/wp\/v2\/categories?post=30438"},{"taxonomy":"post_tag","embeddable":true,"href":"https:\/\/www.iceagetv.com\/radiosite\/wp-json\/wp\/v2\/tags?post=30438"}],"curies":[{"name":"wp","href":"https:\/\/api.w.org\/{rel}","templated":true}]}}