{"id":30454,"date":"2024-10-14T17:04:35","date_gmt":"2024-10-14T15:04:35","guid":{"rendered":"https:\/\/www.iceagetv.com\/radiosite\/?p=30454"},"modified":"2024-10-14T17:04:39","modified_gmt":"2024-10-14T15:04:39","slug":"du-jambon-blanc-vendu-chez-grand-frais-rappele-dans-toute-la-france-pour-un-risque-de-listeria","status":"publish","type":"post","link":"https:\/\/www.iceagetv.com\/radiosite\/du-jambon-blanc-vendu-chez-grand-frais-rappele-dans-toute-la-france-pour-un-risque-de-listeria\/","title":{"rendered":"Du jambon blanc vendu chez Grand Frais rappel\u00e9 dans toute la France pour un risque de listeria"},"content":{"rendered":"\n<p class=\"\">Prudence si vous avez r\u00e9cemment achet\u00e9 de la\u00a0<a href=\"https:\/\/www.20minutes.fr\/dossier\/charcuterie\">charcuterie<\/a>\u00a0dans votre magasin Grand Frais. Depuis ce lundi, l\u2019enseigne proc\u00e8de au rappel massif de jambon blanc de la marque H\u00e9ritage vendu dans toute la France entre le 9 et le 11\u00a0octobre, rapporte\u00a0<a href=\"https:\/\/rappel.conso.gouv.fr\/fiche-rappel\/16180\/Interne\" target=\"_blank\" rel=\"noreferrer noopener\">Rappel Conso<\/a>.<\/p>\n\n\n\n<h2 class=\"wp-block-heading\">Une maladie potentiellement grave<\/h2>\n\n\n\n<p class=\"\">Dans le d\u00e9tail, ce rappel concerne le \u00ab&nbsp;Jambon cuit sup\u00e9rieur avec couenne avec os 2 tranches 120&nbsp;g&nbsp;\u00bb conditionn\u00e9 en barquette et appartenant au lot&nbsp;000011310904 (code GTIN&nbsp;: 3346650271047). La date limite de consommation de ce produit est le 28&nbsp;octobre prochain.<\/p>\n\n\n\n<p class=\"\">Pour rappel, la listeria est la bact\u00e9rie responsable de la list\u00e9riose, une\u00a0<a href=\"https:\/\/www.20minutes.fr\/dossier\/maladie\">maladie<\/a>\u00a0potentiellement grave. Les personnes qui auraient\u00a0consomm\u00e9 ce jambon blanc et qui ressentiraient des courbatures et de la fi\u00e8vre, isol\u00e9e ou accompagn\u00e9e de maux de t\u00eate, sont invit\u00e9es \u00e0 consulter leur m\u00e9decin traitant au plus vite<\/p>\n\n\n\n<h2 class=\"wp-block-heading\">Remboursement en magasin<\/h2>\n\n\n\n<p class=\"\">Le site du gouvernement pr\u00e9cise que les femmes enceintes, les personnes immunod\u00e9prim\u00e9es et les personnes \u00e2g\u00e9es doivent \u00eatre particuli\u00e8rement attentives \u00e0 ces sympt\u00f4mes. \u00ab&nbsp;La list\u00e9riose est une maladie qui peut \u00eatre grave et dont le d\u00e9lai d\u2019incubation peut aller jusqu\u2019\u00e0 huit semaines&nbsp;\u00bb, indique Rappel Conso.<\/p>\n\n\n\n<p class=\"\">Les autorit\u00e9s recommandent de jeter ce produit ou de le rapporter en&nbsp;<a href=\"https:\/\/www.20minutes.fr\/dossier\/magasins\">magasin<\/a>&nbsp;pour obtenir un remboursement avant le 11&nbsp;novembre, date \u00e0 laquelle le rappel prendra fin. Pour plus d\u2019informations, les consommateurs peuvent contacter le service client au&nbsp;07&nbsp;63&nbsp;20&nbsp;05&nbsp;03.<\/p>\n","protected":false},"excerpt":{"rendered":"<p>Prudence si vous avez r\u00e9cemment achet\u00e9 de la\u00a0charcuterie\u00a0dans votre magasin Grand Frais. Depuis ce lundi, l\u2019enseigne proc\u00e8de au rappel massif de jambon blanc de la marque H\u00e9ritage vendu dans toute la France entre le 9 et le 11\u00a0octobre, rapporte\u00a0Rappel Conso. Une maladie potentiellement grave Dans le d\u00e9tail, ce rappel concerne le \u00ab&nbsp;Jambon cuit sup\u00e9rieur avec [&hellip;]<\/p>\n","protected":false},"author":2,"featured_media":30455,"comment_status":"open","ping_status":"open","sticky":false,"template":"","format":"standard","meta":{"_jetpack_memberships_contains_paid_content":false,"footnotes":"","jetpack_publicize_message":"","jetpack_publicize_feature_enabled":true,"jetpack_social_post_already_shared":true,"jetpack_social_options":{"image_generator_settings":{"template":"highway","enabled":true,"token":"eyJpbWciOiJodHRwczpcL1wvd3d3LmljZWFnZXR2LmNvbVwvcmFkaW9zaXRlXC93cC1jb250ZW50XC91cGxvYWRzXC8yMDI0XC8xMFwvNzIyeDQ2MF9pbGx1c3RyYXRpb24tZW5zZWlnbmUtZ3JhbmQtZnJhaXMtMDdhbGxpbGltYWdlcy1pbWctMjAyMzAyMDgtMTAxMzM4LTEtY3JlZGl0LW1vdXJhZC1hbGxpbGktc2lwYS0yMzAyMTUwOTQ3LmpwZyIsInR4dCI6IkR1IGphbWJvbiBibGFuYyB2ZW5kdSBjaGV6IEdyYW5kIEZyYWlzIHJhcHBlbFx1MDBlOSBkYW5zIHRvdXRlIGxhIEZyYW5jZSBwb3VyIHVuIHJpc3F1ZSBkZSBsaXN0ZXJpYSIsInRlbXBsYXRlIjoiaGlnaHdheSIsImJsb2dfaWQiOjExMTAxNjQ2MX0.1RvJAHSc4puIOLzHXBHrkibaABys2mzQN9E26ynmt5cMQ"},"version":2},"_wpas_customize_per_network":false},"categories":[405],"tags":[],"class_list":["post-30454","post","type-post","status-publish","format-standard","has-post-thumbnail","hentry","category-actu-france-monde"],"jetpack_publicize_connections":[],"jetpack_featured_media_url":"https:\/\/i0.wp.com\/www.iceagetv.com\/radiosite\/wp-content\/uploads\/2024\/10\/722x460_illustration-enseigne-grand-frais-07allilimages-img-20230208-101338-1-credit-mourad-allili-sipa-2302150947.jpg?fit=722%2C460&ssl=1","jetpack_sharing_enabled":true,"_links":{"self":[{"href":"https:\/\/www.iceagetv.com\/radiosite\/wp-json\/wp\/v2\/posts\/30454","targetHints":{"allow":["GET"]}}],"collection":[{"href":"https:\/\/www.iceagetv.com\/radiosite\/wp-json\/wp\/v2\/posts"}],"about":[{"href":"https:\/\/www.iceagetv.com\/radiosite\/wp-json\/wp\/v2\/types\/post"}],"author":[{"embeddable":true,"href":"https:\/\/www.iceagetv.com\/radiosite\/wp-json\/wp\/v2\/users\/2"}],"replies":[{"embeddable":true,"href":"https:\/\/www.iceagetv.com\/radiosite\/wp-json\/wp\/v2\/comments?post=30454"}],"version-history":[{"count":1,"href":"https:\/\/www.iceagetv.com\/radiosite\/wp-json\/wp\/v2\/posts\/30454\/revisions"}],"predecessor-version":[{"id":30456,"href":"https:\/\/www.iceagetv.com\/radiosite\/wp-json\/wp\/v2\/posts\/30454\/revisions\/30456"}],"wp:featuredmedia":[{"embeddable":true,"href":"https:\/\/www.iceagetv.com\/radiosite\/wp-json\/wp\/v2\/media\/30455"}],"wp:attachment":[{"href":"https:\/\/www.iceagetv.com\/radiosite\/wp-json\/wp\/v2\/media?parent=30454"}],"wp:term":[{"taxonomy":"category","embeddable":true,"href":"https:\/\/www.iceagetv.com\/radiosite\/wp-json\/wp\/v2\/categories?post=30454"},{"taxonomy":"post_tag","embeddable":true,"href":"https:\/\/www.iceagetv.com\/radiosite\/wp-json\/wp\/v2\/tags?post=30454"}],"curies":[{"name":"wp","href":"https:\/\/api.w.org\/{rel}","templated":true}]}}