{"id":30461,"date":"2024-10-15T05:58:24","date_gmt":"2024-10-15T03:58:24","guid":{"rendered":"https:\/\/www.iceagetv.com\/radiosite\/?p=30461"},"modified":"2024-10-15T05:58:28","modified_gmt":"2024-10-15T03:58:28","slug":"covid-19-43-des-francais-ne-portent-pas-le-masque-en-cas-de-symptomes-7-ne-se-lavent-jamais-les-mains","status":"publish","type":"post","link":"https:\/\/www.iceagetv.com\/radiosite\/covid-19-43-des-francais-ne-portent-pas-le-masque-en-cas-de-symptomes-7-ne-se-lavent-jamais-les-mains\/","title":{"rendered":"Covid-19: 43% des Fran\u00e7ais ne portent pas le masque en cas de sympt\u00f4mes, 7% ne se lavent jamais les mains"},"content":{"rendered":"\n<p class=\"\">Attention \u00e0 la circulation du Covid.&nbsp;<a href=\"https:\/\/www.bfmtv.com\/sante\/covid-19-tous-les-indicateurs-en-hausse-les-autorites-appellent-au-retour-des-gestes-barrieres_AD-202409260308.html\">Alors que les autorit\u00e9s sanitaires appellent au retour des gestes barri\u00e8res depuis fin septembre<\/a>, une \u00e9tude de Sant\u00e9 publique France r\u00e9v\u00e8le ce mardi 15 octobre que \u00ab\u00a0la faible adoption du port du masque se confirme \u00e0 nouveau\u00a0\u00bb en 2024.<\/p>\n\n\n\n<p class=\"\">\u00ab\u00a0Et ce dans toutes les circonstances, m\u00eame en cas de sympt\u00f4mes, en pr\u00e9sence de personnes fragiles ou dans les lieux tr\u00e8s fr\u00e9quent\u00e9s\u00a0\u00bb, peut-on lire dans la fiche des r\u00e9sultats de la derni\u00e8re l&rsquo;enqu\u00eate CoviPrev.<\/p>\n\n\n\n<p class=\"\">Dans le d\u00e9tail, 43% des participants d\u00e9clarent ne jamais porter le masque, y compris dans ces situations \u00e0 risque. En outre, pr\u00e8s d&rsquo;un Fran\u00e7ais sur dix (7%) indique ne jamais se laver les mains avec du savon ou du gel hydroalcoolique.<\/p>\n\n\n\n<h2 class=\"wp-block-heading\" id=\"d4vdg\">Les hommes respectent moins les gestes barri\u00e8res que les femmes<\/h2>\n\n\n\n<p class=\"\">\u00ab\u00a0En moyenne, quel que soit le geste barri\u00e8re concern\u00e9, la proportion de r\u00e9pondants d\u00e9clarant ne jamais les respecter \u00e9tait plus \u00e9lev\u00e9e chez les hommes, les personnes en situation d\u2019inactivit\u00e9, les personnes d\u00e9favorables \u00e0 la vaccination en g\u00e9n\u00e9ral, les personnes d\u00e9clarant ne pas \u00eatre \u00e0 risque de forme s\u00e9v\u00e8re de Covid-19, ainsi que les personnes r\u00e9sidant en zone rurale\u00a0\u00bb, d\u00e9taille Sant\u00e9 publique France.Pour plus de la moiti\u00e9 des r\u00e9pondants, les intentions de maintenir les gestes barri\u00e8res ou d\u2019augmenter leur adoption l\u2019hiver prochain sont majoritairement motiv\u00e9es par le retour d\u2019une nouvelle \u00e9pid\u00e9mie de Covid-19&Prime;, note Sant\u00e9 publique France.Une nouvelle campagne de vaccination contre le Covid, mais aussi la grippe, va d\u00e9buter ce mardi 15 octobre et cibler notamment les Fran\u00e7ais de 65 ans et plus et les personnes \u00e0 risque de forme grave. Si les vaccins perdent au fil du temps en efficacit\u00e9 face aux infections, ils restent tr\u00e8s protecteurs contre les formes graves, mart\u00e8lent les autorit\u00e9s sanitaires<\/p>\n","protected":false},"excerpt":{"rendered":"<p>Attention \u00e0 la circulation du Covid.&nbsp;Alors que les autorit\u00e9s sanitaires appellent au retour des gestes barri\u00e8res depuis fin septembre, une \u00e9tude de Sant\u00e9 publique France r\u00e9v\u00e8le ce mardi 15 octobre que \u00ab\u00a0la faible adoption du port du masque se confirme \u00e0 nouveau\u00a0\u00bb en 2024. \u00ab\u00a0Et ce dans toutes les circonstances, m\u00eame en cas de sympt\u00f4mes, [&hellip;]<\/p>\n","protected":false},"author":2,"featured_media":30462,"comment_status":"open","ping_status":"open","sticky":false,"template":"","format":"standard","meta":{"_jetpack_memberships_contains_paid_content":false,"footnotes":"","jetpack_publicize_message":"","jetpack_publicize_feature_enabled":true,"jetpack_social_post_already_shared":true,"jetpack_social_options":{"image_generator_settings":{"template":"highway","enabled":true,"token":"eyJpbWciOiJodHRwczpcL1wvd3d3LmljZWFnZXR2LmNvbVwvcmFkaW9zaXRlXC93cC1jb250ZW50XC91cGxvYWRzXC8yMDI0XC8xMFwvR1o1d0ZQeFcwQUVvUzN5LmpwZWciLCJ0eHQiOiJDb3ZpZC0xOTogNDMlIGRlcyBGcmFuXHUwMGU3YWlzIG5lIHBvcnRlbnQgcGFzIGxlIG1hc3F1ZSBlbiBjYXMgZGUgc3ltcHRcdTAwZjRtZXMsIDclIG5lIHNlIGxhdmVudCBqYW1haXMgbGVzIG1haW5zIiwidGVtcGxhdGUiOiJoaWdod2F5IiwiYmxvZ19pZCI6MTExMDE2NDYxfQ.Nv5hUCISnwWVLXiMk3zSCav-HsWU5bn1446X6Jbq378MQ"},"version":2},"_wpas_customize_per_network":false},"categories":[405],"tags":[],"class_list":["post-30461","post","type-post","status-publish","format-standard","has-post-thumbnail","hentry","category-actu-france-monde"],"jetpack_publicize_connections":[],"jetpack_featured_media_url":"https:\/\/i0.wp.com\/www.iceagetv.com\/radiosite\/wp-content\/uploads\/2024\/10\/GZ5wFPxW0AEoS3y.jpeg?fit=680%2C383&ssl=1","jetpack_sharing_enabled":true,"_links":{"self":[{"href":"https:\/\/www.iceagetv.com\/radiosite\/wp-json\/wp\/v2\/posts\/30461","targetHints":{"allow":["GET"]}}],"collection":[{"href":"https:\/\/www.iceagetv.com\/radiosite\/wp-json\/wp\/v2\/posts"}],"about":[{"href":"https:\/\/www.iceagetv.com\/radiosite\/wp-json\/wp\/v2\/types\/post"}],"author":[{"embeddable":true,"href":"https:\/\/www.iceagetv.com\/radiosite\/wp-json\/wp\/v2\/users\/2"}],"replies":[{"embeddable":true,"href":"https:\/\/www.iceagetv.com\/radiosite\/wp-json\/wp\/v2\/comments?post=30461"}],"version-history":[{"count":1,"href":"https:\/\/www.iceagetv.com\/radiosite\/wp-json\/wp\/v2\/posts\/30461\/revisions"}],"predecessor-version":[{"id":30463,"href":"https:\/\/www.iceagetv.com\/radiosite\/wp-json\/wp\/v2\/posts\/30461\/revisions\/30463"}],"wp:featuredmedia":[{"embeddable":true,"href":"https:\/\/www.iceagetv.com\/radiosite\/wp-json\/wp\/v2\/media\/30462"}],"wp:attachment":[{"href":"https:\/\/www.iceagetv.com\/radiosite\/wp-json\/wp\/v2\/media?parent=30461"}],"wp:term":[{"taxonomy":"category","embeddable":true,"href":"https:\/\/www.iceagetv.com\/radiosite\/wp-json\/wp\/v2\/categories?post=30461"},{"taxonomy":"post_tag","embeddable":true,"href":"https:\/\/www.iceagetv.com\/radiosite\/wp-json\/wp\/v2\/tags?post=30461"}],"curies":[{"name":"wp","href":"https:\/\/api.w.org\/{rel}","templated":true}]}}